{"id":2030,"date":"2026-01-23T12:34:17","date_gmt":"2026-01-23T12:34:17","guid":{"rendered":"https:\/\/www.waourentals.com\/blog\/?p=2030"},"modified":"2026-04-24T09:28:19","modified_gmt":"2026-04-24T09:28:19","slug":"san-valentin-sevilla","status":"publish","type":"post","link":"https:\/\/www.waourentals.com\/blog\/san-valentin-sevilla\/","title":{"rendered":"San Valent\u00edn en Sevilla: los mejores planes est\u00e1n aqu\u00ed\u00a0"},"content":{"rendered":"\t\t<div data-elementor-type=\"wp-post\" data-elementor-id=\"2030\" class=\"elementor elementor-2030\" data-elementor-post-type=\"post\">\n\t\t\t\t\t\t<section class=\"elementor-section elementor-top-section elementor-element elementor-element-3dac1a0c elementor-section-boxed elementor-section-height-default elementor-section-height-default\" data-id=\"3dac1a0c\" data-element_type=\"section\" data-e-type=\"section\">\n\t\t\t\t\t\t<div class=\"elementor-container elementor-column-gap-default\">\n\t\t\t\t\t<div class=\"elementor-column elementor-col-100 elementor-top-column elementor-element elementor-element-609192fa\" data-id=\"609192fa\" data-element_type=\"column\" data-e-type=\"column\">\n\t\t\t<div class=\"elementor-widget-wrap elementor-element-populated\">\n\t\t\t\t\t\t<div class=\"elementor-element elementor-element-571dc658 elementor-widget elementor-widget-text-editor\" data-id=\"571dc658\" data-element_type=\"widget\" data-e-type=\"widget\" data-widget_type=\"text-editor.default\">\n\t\t\t\t<div class=\"elementor-widget-container\">\n\t\t\t\t\t\t\t\t\t<p style=\"font-weight: 400;\">Sevilla va a celebrar el amor a gritos y para todos los p\u00fablicos, as\u00ed que da igual si vienes solo, en pareja, con amigos o incluso a celebrarlo con toda la familia.<\/p><p style=\"font-weight: 400;\"><strong>A la ciudad no le importa con qui\u00e9n vienes porque tiene planes para todos los gustos y bolsillos y, lo mejor de todo, un clima muy agradable y menos turistas que en cualquier otra \u00e9poca del a\u00f1o.<\/strong><\/p><p style=\"font-weight: 400;\">Si est\u00e1s buscando un destino para celebrar San Valent\u00edn sin caer en lo t\u00edpico, Sevilla es una elecci\u00f3n de diez. Ya nos dar\u00e1s la raz\u00f3n despu\u00e9s de leer todos estos planes que tenemos preparados para ti.<\/p>\t\t\t\t\t\t\t\t<\/div>\n\t\t\t\t<\/div>\n\t\t\t\t\t<\/div>\n\t\t<\/div>\n\t\t\t\t\t<\/div>\n\t\t<\/section>\n\t\t\t\t<section class=\"elementor-section elementor-top-section elementor-element elementor-element-28642177 elementor-section-boxed elementor-section-height-default elementor-section-height-default\" data-id=\"28642177\" data-element_type=\"section\" data-e-type=\"section\">\n\t\t\t\t\t\t<div class=\"elementor-container elementor-column-gap-default\">\n\t\t\t\t\t<div class=\"elementor-column elementor-col-100 elementor-top-column elementor-element elementor-element-3dc97a51\" data-id=\"3dc97a51\" data-element_type=\"column\" data-e-type=\"column\">\n\t\t\t<div class=\"elementor-widget-wrap elementor-element-populated\">\n\t\t\t\t\t\t<div class=\"elementor-element elementor-element-67e28d5f elementor-widget elementor-widget-table-of-contents\" data-id=\"67e28d5f\" data-element_type=\"widget\" data-e-type=\"widget\" data-settings=\"{&quot;headings_by_tags&quot;:[&quot;h2&quot;],&quot;exclude_headings_by_selector&quot;:[],&quot;marker_view&quot;:&quot;bullets&quot;,&quot;icon&quot;:{&quot;value&quot;:&quot;&quot;,&quot;library&quot;:&quot;&quot;},&quot;no_headings_message&quot;:&quot;No headings were found on this page.&quot;,&quot;hierarchical_view&quot;:&quot;yes&quot;,&quot;min_height&quot;:{&quot;unit&quot;:&quot;px&quot;,&quot;size&quot;:&quot;&quot;,&quot;sizes&quot;:[]},&quot;min_height_tablet&quot;:{&quot;unit&quot;:&quot;px&quot;,&quot;size&quot;:&quot;&quot;,&quot;sizes&quot;:[]},&quot;min_height_mobile&quot;:{&quot;unit&quot;:&quot;px&quot;,&quot;size&quot;:&quot;&quot;,&quot;sizes&quot;:[]}}\" data-widget_type=\"table-of-contents.default\">\n\t\t\t\t<div class=\"elementor-widget-container\">\n\t\t\t\t\t\t\t\t\t<div class=\"elementor-toc__header\">\n\t\t\t\t\t\t<div class=\"elementor-toc__header-title\">\n\t\t\t\t\u00cdndice\t\t\t<\/div>\n\t\t\t\t\t\t\t\t<\/div>\n\t\t\t\t<div id=\"elementor-toc__67e28d5f\" class=\"elementor-toc__body\">\n\t\t\t<div class=\"elementor-toc__spinner-container\">\n\t\t\t\t<i class=\"elementor-toc__spinner eicon-animation-spin eicon-loading\" aria-hidden=\"true\"><\/i>\t\t\t<\/div>\n\t\t<\/div>\n\t\t\t\t\t\t<\/div>\n\t\t\t\t<\/div>\n\t\t\t\t\t<\/div>\n\t\t<\/div>\n\t\t\t\t\t<\/div>\n\t\t<\/section>\n\t\t\t\t<section class=\"elementor-section elementor-top-section elementor-element elementor-element-5d1ce399 elementor-section-boxed elementor-section-height-default elementor-section-height-default\" data-id=\"5d1ce399\" data-element_type=\"section\" data-e-type=\"section\">\n\t\t\t\t\t\t<div class=\"elementor-container elementor-column-gap-default\">\n\t\t\t\t\t<div class=\"elementor-column elementor-col-100 elementor-top-column elementor-element elementor-element-32542478\" data-id=\"32542478\" data-element_type=\"column\" data-e-type=\"column\">\n\t\t\t<div class=\"elementor-widget-wrap elementor-element-populated\">\n\t\t\t\t\t\t<div class=\"elementor-element elementor-element-4a4835a4 elementor-widget elementor-widget-heading\" data-id=\"4a4835a4\" data-element_type=\"widget\" data-e-type=\"widget\" data-widget_type=\"heading.default\">\n\t\t\t\t<div class=\"elementor-widget-container\">\n\t\t\t\t\t<h2 class=\"elementor-heading-title elementor-size-default\">Desayunos, comidas y cenas de San Valent\u00edn en Sevilla<\/h2>\t\t\t\t<\/div>\n\t\t\t\t<\/div>\n\t\t\t\t<div class=\"elementor-element elementor-element-1341c190 elementor-widget elementor-widget-text-editor\" data-id=\"1341c190\" data-element_type=\"widget\" data-e-type=\"widget\" data-widget_type=\"text-editor.default\">\n\t\t\t\t<div class=\"elementor-widget-container\">\n\t\t\t\t\t\t\t\t\t<p style=\"font-weight: 400;\">Empezamos con uno de los planes que nunca fallan: <strong>los gastron\u00f3micos<\/strong>. Porque en Sevilla cualquier momento del d\u00eda es bueno para sentarse a la mesa y disfrutar y el 14 de febrero esto tampoco puede faltar.<\/p><p style=\"font-weight: 400;\"><strong>Para desayunar o tomar un delicioso <em>brunch<\/em> hay opciones que funcionan especialmente bien.<\/strong> <strong>Una de ellas es <\/strong><a href=\"https:\/\/billybrunch.com\/\"><strong>Billy Brunch<\/strong><\/a>, aqu\u00ed los platos van a entrarte primero por los ojos y despu\u00e9s, en el paladar, te dar\u00e1s cuenta de que est\u00e1n realmente buenos.<\/p><p style=\"font-weight: 400;\"><strong>Otra opci\u00f3n muy acertada es <\/strong><a href=\"https:\/\/www.feria83.com\/\"><strong>Feria 83<\/strong><\/a>. Adem\u00e1s de lo rico que est\u00e1 todo y de la calidad de los productos que utilizan, su decoraci\u00f3n en tonos rosas encaja a la perfecci\u00f3n con la concepci\u00f3n m\u00e1s t\u00edpica que tenemos de San Valent\u00edn. \u00a1El ambiente tambi\u00e9n suma! Y una m\u00e1s, <a href=\"https:\/\/www.instagram.com\/inesperadoes\/\">Inesperado<\/a>, un local especializado en desayunos colombianos que tiene un caf\u00e9 delicioso.<\/p><p style=\"font-weight: 400;\"><strong>Para comer o cenar, Sevilla vuelve a jugar con ventaja. <\/strong><a href=\"https:\/\/elpinton.com\/\"><strong>El Pint\u00f3n<\/strong><\/a><strong> es una apuesta segura para una ocasi\u00f3n especial.<\/strong>Su terraza interior es preciosa y crea un ambiente muy agradable, ideal tanto para una comida como para una cena. Las croquetas son su gran especialidad y la tarta de queso pone el punto dulce que no puede faltar en una fecha como esta, porque \u00bfqu\u00e9 ser\u00eda San Valent\u00edn sin compartir un buen postre?<\/p><p style=\"font-weight: 400;\"><strong>Otra opci\u00f3n interesante es <\/strong><a href=\"https:\/\/www.latizna.es\/?\"><strong>La Tizn\u00e1<\/strong><\/a>, un local en el que puedes tomarte un tapeo de ostras, salmorejo o una chuleta ib\u00e9rica y tambi\u00e9n disfrutar de su <strong>gran carta de c\u00f3cteles<\/strong>.<\/p><p style=\"font-weight: 400;\">Si buscas una experiencia m\u00e1s cuidada y de alta cocina para la cena de San Valent\u00edn en Sevilla, <a href=\"https:\/\/delaorestaurante.com\/\">Terraza de la O<\/a> es una muy buena elecci\u00f3n. Y si prefieres algo m\u00e1s tradicional, con el foco puesto en la cocina de siempre, <a href=\"https:\/\/casapacosevilla.com\/\">Casa Paco<\/a> es una apuesta segura.<\/p>\t\t\t\t\t\t\t\t<\/div>\n\t\t\t\t<\/div>\n\t\t\t\t<div class=\"elementor-element elementor-element-b53833e elementor-widget elementor-widget-image\" data-id=\"b53833e\" data-element_type=\"widget\" data-e-type=\"widget\" data-widget_type=\"image.default\">\n\t\t\t\t<div class=\"elementor-widget-container\">\n\t\t\t\t\t\t\t\t\t\t\t\t\t\t\t<img fetchpriority=\"high\" decoding=\"async\" width=\"1254\" height=\"627\" src=\"https:\/\/www.waourentals.com\/blog\/wp-content\/uploads\/2026\/01\/sevilla-durante-san-valentin.jpg\" class=\"attachment-full size-full wp-image-2040\" alt=\"sevilla-durante-san-valentin.jpg\" srcset=\"https:\/\/www.waourentals.com\/blog\/wp-content\/uploads\/2026\/01\/sevilla-durante-san-valentin.jpg 1254w, https:\/\/www.waourentals.com\/blog\/wp-content\/uploads\/2026\/01\/sevilla-durante-san-valentin-300x150.jpg 300w, https:\/\/www.waourentals.com\/blog\/wp-content\/uploads\/2026\/01\/sevilla-durante-san-valentin-1024x512.jpg 1024w, https:\/\/www.waourentals.com\/blog\/wp-content\/uploads\/2026\/01\/sevilla-durante-san-valentin-768x384.jpg 768w\" sizes=\"(max-width: 1254px) 100vw, 1254px\" \/>\t\t\t\t\t\t\t\t\t\t\t\t\t\t\t<\/div>\n\t\t\t\t<\/div>\n\t\t\t\t\t<\/div>\n\t\t<\/div>\n\t\t\t\t\t<\/div>\n\t\t<\/section>\n\t\t\t\t<section class=\"elementor-section elementor-top-section elementor-element elementor-element-2b5fa4f elementor-section-boxed elementor-section-height-default elementor-section-height-default\" data-id=\"2b5fa4f\" data-element_type=\"section\" data-e-type=\"section\">\n\t\t\t\t\t\t<div class=\"elementor-container elementor-column-gap-default\">\n\t\t\t\t\t<div class=\"elementor-column elementor-col-100 elementor-top-column elementor-element elementor-element-ac789d9\" data-id=\"ac789d9\" data-element_type=\"column\" data-e-type=\"column\">\n\t\t\t<div class=\"elementor-widget-wrap elementor-element-populated\">\n\t\t\t\t\t\t<div class=\"elementor-element elementor-element-ffef96c elementor-widget elementor-widget-heading\" data-id=\"ffef96c\" data-element_type=\"widget\" data-e-type=\"widget\" data-widget_type=\"heading.default\">\n\t\t\t\t<div class=\"elementor-widget-container\">\n\t\t\t\t\t<h2 class=\"elementor-heading-title elementor-size-default\">El encanto de San Valent\u00edn tambi\u00e9n est\u00e1 en los escenarios <\/h2>\t\t\t\t<\/div>\n\t\t\t\t<\/div>\n\t\t\t\t<div class=\"elementor-element elementor-element-80658ec elementor-widget elementor-widget-text-editor\" data-id=\"80658ec\" data-element_type=\"widget\" data-e-type=\"widget\" data-widget_type=\"text-editor.default\">\n\t\t\t\t<div class=\"elementor-widget-container\">\n\t\t\t\t\t\t\t\t\t<p style=\"font-weight: 400;\">Teatro, m\u00fasica, cine o espect\u00e1culos en directo se convierten en planes redondos cuando lo que buscas es disfrutar de San Valent\u00edn desde la butaca.<\/p><p style=\"font-weight: 400;\">Otra opci\u00f3n que tampoco falla nunca es el teatro. <strong>Espacios como el\u00a0<\/strong><a href=\"https:\/\/icas.sevilla.org\/agenda\/programacion-teatro-alameda-25-26\"><strong>Teatro Alameda\u00a0<\/strong><\/a><strong>o el\u00a0<\/strong><a href=\"https:\/\/www.teatrodelamaestranza.es\/es\/\"><strong>Teatro de la Maestranza<\/strong><\/a><strong>\u00a0suelen tener programaci\u00f3n especial en estas fechas<\/strong>, con infinidad de obras, conciertos y espect\u00e1culos como \u00abEl sue\u00f1o de una noche de verano\u00bb.<\/p><p style=\"font-weight: 400;\">Si te apetece algo m\u00e1s informal,\u00a0ir al cine en Sevilla\u00a0tambi\u00e9n tiene su punto. Eso s\u00ed, elige salas cl\u00e1sicas como el\u00a0<a href=\"https:\/\/www.cineciudad.com\/\">Cine Cervantes<\/a> y haz que ir a ver una pel\u00edcula se convierta en algo m\u00e1s que ir al cine.<\/p><p style=\"font-weight: 400;\"><strong>Tampoco faltan los espect\u00e1culos en peque\u00f1o formato: m\u00fasica en directo, flamenco, recitales, cine independiente o propuestas culturales m\u00e1s chiquititas.<\/strong> Para esto, puedes echar un ojo a espacios como <a href=\"https:\/\/casadelamemoria.es\/\">Casa de la Memoria<\/a>, el <a href=\"https:\/\/tablaoelarenal.com\/\">Tablao El Arenal<\/a>, <a href=\"https:\/\/www.tablaolosgallos.com\/\">Los Gallos<\/a> o <a href=\"https:\/\/lacarbonerialevies.blogspot.com\/\">La Carboner\u00eda<\/a>, donde es f\u00e1cil encontrar flamenco, sevillanas y m\u00fasica en directo.<\/p>\t\t\t\t\t\t\t\t<\/div>\n\t\t\t\t<\/div>\n\t\t\t\t<div class=\"elementor-element elementor-element-04bda6f elementor-widget elementor-widget-image\" data-id=\"04bda6f\" data-element_type=\"widget\" data-e-type=\"widget\" data-widget_type=\"image.default\">\n\t\t\t\t<div class=\"elementor-widget-container\">\n\t\t\t\t\t\t\t\t\t\t\t\t\t\t\t<img decoding=\"async\" width=\"1254\" height=\"627\" src=\"https:\/\/www.waourentals.com\/blog\/wp-content\/uploads\/2026\/01\/San-Valentin-Sevilla.jpg\" class=\"attachment-full size-full wp-image-2036\" alt=\"San-Valentin-Sevilla.jpg\" srcset=\"https:\/\/www.waourentals.com\/blog\/wp-content\/uploads\/2026\/01\/San-Valentin-Sevilla.jpg 1254w, https:\/\/www.waourentals.com\/blog\/wp-content\/uploads\/2026\/01\/San-Valentin-Sevilla-300x150.jpg 300w, https:\/\/www.waourentals.com\/blog\/wp-content\/uploads\/2026\/01\/San-Valentin-Sevilla-1024x512.jpg 1024w, https:\/\/www.waourentals.com\/blog\/wp-content\/uploads\/2026\/01\/San-Valentin-Sevilla-768x384.jpg 768w\" sizes=\"(max-width: 1254px) 100vw, 1254px\" \/>\t\t\t\t\t\t\t\t\t\t\t\t\t\t\t<\/div>\n\t\t\t\t<\/div>\n\t\t\t\t\t<\/div>\n\t\t<\/div>\n\t\t\t\t\t<\/div>\n\t\t<\/section>\n\t\t\t\t<section class=\"elementor-section elementor-top-section elementor-element elementor-element-38b4649 elementor-section-boxed elementor-section-height-default elementor-section-height-default\" data-id=\"38b4649\" data-element_type=\"section\" data-e-type=\"section\">\n\t\t\t\t\t\t<div class=\"elementor-container elementor-column-gap-default\">\n\t\t\t\t\t<div class=\"elementor-column elementor-col-100 elementor-top-column elementor-element elementor-element-c2e1737\" data-id=\"c2e1737\" data-element_type=\"column\" data-e-type=\"column\">\n\t\t\t<div class=\"elementor-widget-wrap elementor-element-populated\">\n\t\t\t\t\t\t<div class=\"elementor-element elementor-element-c389790 elementor-widget elementor-widget-heading\" data-id=\"c389790\" data-element_type=\"widget\" data-e-type=\"widget\" data-widget_type=\"heading.default\">\n\t\t\t\t<div class=\"elementor-widget-container\">\n\t\t\t\t\t<h2 class=\"elementor-heading-title elementor-size-default\">Planes diferentes que hacer en Sevilla en San Valent\u00edn <\/h2>\t\t\t\t<\/div>\n\t\t\t\t<\/div>\n\t\t\t\t<div class=\"elementor-element elementor-element-c959619 elementor-widget elementor-widget-text-editor\" data-id=\"c959619\" data-element_type=\"widget\" data-e-type=\"widget\" data-widget_type=\"text-editor.default\">\n\t\t\t\t<div class=\"elementor-widget-container\">\n\t\t\t\t\t\t\t\t\t<p style=\"font-weight: 400;\">Uno de los m\u00e1s rom\u00e1nticos es <a href=\"https:\/\/candlelightexperience.com\/es\/\"><strong>Candlelight<\/strong><\/a><strong>, una experiencia a la luz de las velas que transforma cualquier concierto en algo especial.<\/strong> Puedes disfrutar de los tributos a ABBA, Queen o The Beatles y, adem\u00e1s, para los d\u00edas 13 y 14 de febrero hay programadas actuaciones especiales de San Valent\u00edn.<\/p><p style=\"font-weight: 400;\">Otra experiencia que merece mucho la pena es <a href=\"https:\/\/setasdesevilla.com\/feeling-sevilla\"><strong>Feeling Sevilla<\/strong><\/a><strong>, una propuesta inmersiva pensada para estimular los sentidos en las emblem\u00e1ticas Setas de Sevilla.<\/strong><\/p><p style=\"font-weight: 400;\">Si te apetece algo todav\u00eda m\u00e1s visual, el <a href=\"https:\/\/moisevilla.es\/\"><strong>Museo de las Ilusiones Sevilla<\/strong><\/a> es una opci\u00f3n muy divertida. Cuenta con <strong>juegos \u00f3pticos, espacios interactivos y efectos visuales muy chulos para hacerse fotos y pasar un rato diferente<\/strong>. \u00a1El recuerdo que necesitas de tu escapada de San Valent\u00edn a Sevilla!<\/p><p style=\"font-weight: 400;\">Y en esa misma l\u00ednea \u2014que se note que nos encanta\u2014, tambi\u00e9n puedes apuntarte a la <a href=\"https:\/\/feverup.com\/m\/68673?srsltid=AfmBOoppccEIJedM00Chnqdv0L2Lbh7m2CPyOOhk0yWcp54VCo5hxnZG\">Ruta por la Sevilla del pasado con realidad virtual<\/a>, una forma distinta de recorrer la ciudad viajando, literalmente, en el tiempo. Gracias a las gafas de realidad virtual, vas a poder ver c\u00f3mo era Sevilla siglos atr\u00e1s.<\/p><p style=\"font-weight: 400;\">Y por supuesto, si despu\u00e9s de estos planes te apetece alg\u00fan cl\u00e1sico, <strong>sube a la Giralda, visita el Real Alc\u00e1zar de Sevilla o qu\u00e9date a ver el atardecer desde las Setas de Sevilla.<\/strong><\/p>\t\t\t\t\t\t\t\t<\/div>\n\t\t\t\t<\/div>\n\t\t\t\t\t<\/div>\n\t\t<\/div>\n\t\t\t\t\t<\/div>\n\t\t<\/section>\n\t\t\t\t<section class=\"elementor-section elementor-top-section elementor-element elementor-element-076463c elementor-section-boxed elementor-section-height-default elementor-section-height-default\" data-id=\"076463c\" data-element_type=\"section\" data-e-type=\"section\">\n\t\t\t\t\t\t<div class=\"elementor-container elementor-column-gap-default\">\n\t\t\t\t\t<div class=\"elementor-column elementor-col-100 elementor-top-column elementor-element elementor-element-baf94a7\" data-id=\"baf94a7\" data-element_type=\"column\" data-e-type=\"column\">\n\t\t\t<div class=\"elementor-widget-wrap elementor-element-populated\">\n\t\t\t\t\t\t<div class=\"elementor-element elementor-element-91897ce elementor-widget elementor-widget-heading\" data-id=\"91897ce\" data-element_type=\"widget\" data-e-type=\"widget\" data-widget_type=\"heading.default\">\n\t\t\t\t<div class=\"elementor-widget-container\">\n\t\t\t\t\t<h2 class=\"elementor-heading-title elementor-size-default\">San Valent\u00edn tambi\u00e9n se vive al aire libre <\/h2>\t\t\t\t<\/div>\n\t\t\t\t<\/div>\n\t\t\t\t<div class=\"elementor-element elementor-element-a32ea82 elementor-widget elementor-widget-text-editor\" data-id=\"a32ea82\" data-element_type=\"widget\" data-e-type=\"widget\" data-widget_type=\"text-editor.default\">\n\t\t\t\t<div class=\"elementor-widget-container\">\n\t\t\t\t\t\t\t\t\t<p style=\"font-weight: 400;\">Basta con ir hacia el <strong>Barrio de Santa Cruz<\/strong> cuando empieza a anochecer para sentir el romanticismo. Sus calles estrechas, sus plazas peque\u00f1as y ese ambiente tan especial que se crea al caer la tarde hacen que pasear por esta zona sea un planazo, especialmente en San Valent\u00edn.<\/p><p style=\"font-weight: 400;\">Otro lugar de parada obligatoria es la <strong>Plaza de Espa\u00f1a, uno de los espacios m\u00e1s impresionantes de la ciudad.<\/strong>Construida para la Exposici\u00f3n Iberoamericana de 1929, la plaza es un homenaje al pa\u00eds y a sus provincias, representadas en bancos de azulejos pintados a mano que recorren todo el per\u00edmetro. Caminar por ella, sentarte un rato o <strong>ver a los m\u00fasicos y artistas callejeros<\/strong> tambi\u00e9n es un acierto, sobre todo si es tu primera vez en Sevilla.<\/p><p style=\"font-weight: 400;\">Muy cerca tienes el <strong>Parque de Mar\u00eda Luisa<\/strong>. Antiguamente formaba parte de los jardines privados del Palacio de San Telmo y fue donado a la ciudad a principios del siglo XX. Hoy es <strong>uno de los pulmones de la capital andaluza<\/strong>, lleno de glorietas, fuentes, bancos de cer\u00e1mica y de rincones donde sentarse a la sombra.<\/p><p style=\"font-weight: 400;\"><strong>Y si te apetece cerrar el d\u00eda con vistas, cruzar el puente hacia <\/strong><a href=\"https:\/\/www.waourentals.com\/blog\/triana\/\"><strong>Triana<\/strong><\/a><strong> es casi obligatorio.<\/strong> El paseo al anochecer, con la ciudad iluminada reflej\u00e1ndose en el r\u00edo, es uno de esos momentos que encajan a la perfecci\u00f3n en un San Valent\u00edn en Sevilla.<\/p>\t\t\t\t\t\t\t\t<\/div>\n\t\t\t\t<\/div>\n\t\t\t\t<div class=\"elementor-element elementor-element-d242040 elementor-widget elementor-widget-image\" data-id=\"d242040\" data-element_type=\"widget\" data-e-type=\"widget\" data-widget_type=\"image.default\">\n\t\t\t\t<div class=\"elementor-widget-container\">\n\t\t\t\t\t\t\t\t\t\t\t\t\t\t\t<img decoding=\"async\" width=\"1254\" height=\"626\" src=\"https:\/\/www.waourentals.com\/blog\/wp-content\/uploads\/2026\/01\/plan-romantico-sevilla-san-valentin.jpg\" class=\"attachment-full size-full wp-image-2038\" alt=\"plan-romantico-sevilla-san-valentin.jpg\" srcset=\"https:\/\/www.waourentals.com\/blog\/wp-content\/uploads\/2026\/01\/plan-romantico-sevilla-san-valentin.jpg 1254w, https:\/\/www.waourentals.com\/blog\/wp-content\/uploads\/2026\/01\/plan-romantico-sevilla-san-valentin-300x150.jpg 300w, https:\/\/www.waourentals.com\/blog\/wp-content\/uploads\/2026\/01\/plan-romantico-sevilla-san-valentin-1024x511.jpg 1024w, https:\/\/www.waourentals.com\/blog\/wp-content\/uploads\/2026\/01\/plan-romantico-sevilla-san-valentin-768x383.jpg 768w\" sizes=\"(max-width: 1254px) 100vw, 1254px\" \/>\t\t\t\t\t\t\t\t\t\t\t\t\t\t\t<\/div>\n\t\t\t\t<\/div>\n\t\t\t\t\t<\/div>\n\t\t<\/div>\n\t\t\t\t\t<\/div>\n\t\t<\/section>\n\t\t\t\t<section class=\"elementor-section elementor-top-section elementor-element elementor-element-fd9b384 elementor-section-boxed elementor-section-height-default elementor-section-height-default\" data-id=\"fd9b384\" data-element_type=\"section\" data-e-type=\"section\">\n\t\t\t\t\t\t<div class=\"elementor-container elementor-column-gap-default\">\n\t\t\t\t\t<div class=\"elementor-column elementor-col-100 elementor-top-column elementor-element elementor-element-d7a4c21\" data-id=\"d7a4c21\" data-element_type=\"column\" data-e-type=\"column\">\n\t\t\t<div class=\"elementor-widget-wrap elementor-element-populated\">\n\t\t\t\t\t\t<div class=\"elementor-element elementor-element-35c00f7 elementor-widget elementor-widget-heading\" data-id=\"35c00f7\" data-element_type=\"widget\" data-e-type=\"widget\" data-widget_type=\"heading.default\">\n\t\t\t\t<div class=\"elementor-widget-container\">\n\t\t\t\t\t<h2 class=\"elementor-heading-title elementor-size-default\">\u00bfTienes ya un alojamiento para no perderte estos planes? <\/h2>\t\t\t\t<\/div>\n\t\t\t\t<\/div>\n\t\t\t\t<div class=\"elementor-element elementor-element-6951a62 elementor-widget elementor-widget-text-editor\" data-id=\"6951a62\" data-element_type=\"widget\" data-e-type=\"widget\" data-widget_type=\"text-editor.default\">\n\t\t\t\t<div class=\"elementor-widget-container\">\n\t\t\t\t\t\t\t\t\t<p style=\"font-weight: 400;\">Si est\u00e1s pensando en venir a Sevilla en San Valent\u00edn, lo primero que debes hacer \u2014adem\u00e1s de reservar el viaje\u2014 es <strong>hacerte con un alojamiento a la altura de la celebraci\u00f3n<\/strong>. Y s\u00ed, tambi\u00e9n venimos a darte la respuesta a eso: en <a href=\"https:\/\/www.waourentals.com\/\">WAOU Rentals<\/a> tenemos todo tipo de apartamentos, estudios, <em>lofts<\/em> y d\u00faplex para que disfrutes de la ciudad como se merece. \u00bfReservas ya el tuyo?<\/p>\t\t\t\t\t\t\t\t<\/div>\n\t\t\t\t<\/div>\n\t\t\t\t\t<\/div>\n\t\t<\/div>\n\t\t\t\t\t<\/div>\n\t\t<\/section>\n\t\t\t\t<section class=\"elementor-section elementor-top-section elementor-element elementor-element-179b42d9 elementor-section-boxed elementor-section-height-default elementor-section-height-default\" data-id=\"179b42d9\" data-element_type=\"section\" data-e-type=\"section\">\n\t\t\t\t\t\t<div class=\"elementor-container elementor-column-gap-default\">\n\t\t\t\t\t<div class=\"elementor-column elementor-col-100 elementor-top-column elementor-element elementor-element-6ddc5168\" data-id=\"6ddc5168\" data-element_type=\"column\" data-e-type=\"column\">\n\t\t\t<div class=\"elementor-widget-wrap elementor-element-populated\">\n\t\t\t\t\t\t<div class=\"elementor-element elementor-element-79f32591 elementor-widget elementor-widget-shortcode\" data-id=\"79f32591\" data-element_type=\"widget\" data-e-type=\"widget\" data-widget_type=\"shortcode.default\">\n\t\t\t\t<div class=\"elementor-widget-container\">\n\t\t\t\t\t\t\t<div class=\"elementor-shortcode\">\t\t<div data-elementor-type=\"section\" data-elementor-id=\"420\" class=\"elementor elementor-420\" data-elementor-post-type=\"elementor_library\">\n\t\t\t\t\t<section class=\"elementor-section elementor-top-section elementor-element elementor-element-e33e60a elementor-section-boxed elementor-section-height-default elementor-section-height-default\" data-id=\"e33e60a\" data-element_type=\"section\" data-e-type=\"section\">\n\t\t\t\t\t\t<div class=\"elementor-container elementor-column-gap-default\">\n\t\t\t\t\t<div class=\"elementor-column elementor-col-100 elementor-top-column elementor-element elementor-element-c31ac4c\" data-id=\"c31ac4c\" data-element_type=\"column\" data-e-type=\"column\">\n\t\t\t<div class=\"elementor-widget-wrap elementor-element-populated\">\n\t\t\t\t\t\t<div class=\"elementor-element elementor-element-244913c elementor-widget elementor-widget-grid\" data-id=\"244913c\" data-element_type=\"widget\" data-e-type=\"widget\" data-widget_type=\"grid.default\">\n\t\t\t\t<div class=\"elementor-widget-container\">\n\t\t\t\t\t\t\t<div class=\"its--row alojamientos-recomendados\">\n\n\t\t\t<div class=\"alojamientos-recomendados-container\">\n\n\t\t\t\t\t\n\t\t\t\t\t<a href=\"https:\/\/www.waourentals.com\/alquiler\/apartamento-sevilla-waou-sevilla-skyline-272659.html\" rel=\"nofollow\" style=\"width: 32%;\">\n\t\t\t\t\t\t<div class=\"apartamento-box\">\n\t\t\t\t\t\t\t<div class=\"imagen_recomendados\">\n\t\t\t\t\t\t\t\t<img decoding=\"async\" src=\"https:\/\/crs.avantio.com\/fotos\/2\/1547224770788a3cd887bbd64e11d35f1eec6f399c\/big1547224771641fe9c63ff747058312382e2930df4a.jpg\" alt=\"Refinado d\u00faplex en centro Sevilla, enclavado entre el Barrio de Santa Cruz y la Juder\u00eda\">\n\t\t\t\t\t\t\t<\/div>\n\t\t\t\t\t\t\t<div class=\"info\">\n\t\t\t\t\t\t\t\t<div class=\"ubicacion\">\n\t\t\t\t\t\t\t\t\t<i class=\"fa-solid fa-location-dot icono-mapa\"><\/i><span class=\"ubicacion-texto\">Sevilla - Sevilla<\/span>\n\t\t\t\t\t\t\t\t<\/div>\n\t\t\t\t\t\t\t\t<H4 class=\"titulo-alojamiento\">\n\t\t\t\t\t\t\t\t\tRefinado d\u00faplex en centro Sevilla, enclavado entre el Barrio de Santa Cruz y la Juder\u00eda\t\t\t\t\t\t\t\t<\/H4>\n\t\t\t\t\t\t\t\t<p class=\"precio-alojamiento\">Desde <span class=\"precio\">90.00\u20ac<\/span> por noche<\/p>\n\t\t\t\t\t\t\t<\/div>\n\t\t\t\t\t\t<\/div>\n\t\t\t\t\t<\/a> \n\t\t\t\t\t\t\n\t\t\t\t\t<a href=\"https:\/\/www.waourentals.com\/alquiler\/estudio-sevilla-waou-cosy-iii-sevilla-cathedral-286413.html\" rel=\"nofollow\" style=\"width: 32%;\">\n\t\t\t\t\t\t<div class=\"apartamento-box\">\n\t\t\t\t\t\t\t<div class=\"imagen_recomendados\">\n\t\t\t\t\t\t\t\t<img decoding=\"async\" src=\"https:\/\/crs.avantio.com\/fotos\/2\/1556639157beb734e16fb945a497df0994ae84090d\/big1557230066662ffa5e3e9b0806b0911286428f80ea.jpg\" alt=\"Acogedor estudio en Sevilla a 5 minutos a pie de la Catedral\">\n\t\t\t\t\t\t\t<\/div>\n\t\t\t\t\t\t\t<div class=\"info\">\n\t\t\t\t\t\t\t\t<div class=\"ubicacion\">\n\t\t\t\t\t\t\t\t\t<i class=\"fa-solid fa-location-dot icono-mapa\"><\/i><span class=\"ubicacion-texto\">Sevilla - Sevilla<\/span>\n\t\t\t\t\t\t\t\t<\/div>\n\t\t\t\t\t\t\t\t<H4 class=\"titulo-alojamiento\">\n\t\t\t\t\t\t\t\t\tAcogedor estudio en Sevilla a 5 minutos a pie de la Catedral\t\t\t\t\t\t\t\t<\/H4>\n\t\t\t\t\t\t\t\t<p class=\"precio-alojamiento\">Desde <span class=\"precio\">55.00\u20ac<\/span> por noche<\/p>\n\t\t\t\t\t\t\t<\/div>\n\t\t\t\t\t\t<\/div>\n\t\t\t\t\t<\/a> \n\t\t\t\t\t\t\n\t\t\t\t\t<a href=\"https:\/\/www.waourentals.com\/alquiler\/estudio-sevilla-waou-cosy-iv-sevilla-cathedral-286419.html\" rel=\"nofollow\" style=\"width: 32%;\">\n\t\t\t\t\t\t<div class=\"apartamento-box\">\n\t\t\t\t\t\t\t<div class=\"imagen_recomendados\">\n\t\t\t\t\t\t\t\t<img decoding=\"async\" src=\"https:\/\/crs.avantio.com\/fotos\/2\/15566406700a08827c564a20a850fba12e1c2a87a0\/big1557234765595e52bd6a56d64aede8c0dccf2eb6ad.jpg\" alt=\"Pintoresco estudio en Sevilla cerca de la Catedral\">\n\t\t\t\t\t\t\t<\/div>\n\t\t\t\t\t\t\t<div class=\"info\">\n\t\t\t\t\t\t\t\t<div class=\"ubicacion\">\n\t\t\t\t\t\t\t\t\t<i class=\"fa-solid fa-location-dot icono-mapa\"><\/i><span class=\"ubicacion-texto\">Sevilla - Sevilla<\/span>\n\t\t\t\t\t\t\t\t<\/div>\n\t\t\t\t\t\t\t\t<H4 class=\"titulo-alojamiento\">\n\t\t\t\t\t\t\t\t\tPintoresco estudio en Sevilla cerca de la Catedral\t\t\t\t\t\t\t\t<\/H4>\n\t\t\t\t\t\t\t\t<p class=\"precio-alojamiento\">Desde <span class=\"precio\">52.00\u20ac<\/span> por noche<\/p>\n\t\t\t\t\t\t\t<\/div>\n\t\t\t\t\t\t<\/div>\n\t\t\t\t\t<\/a> \n\t\t\t\t\t\t\t\t<\/div>\n\t\t\t<\/div>\n\t\t\t\t\t\t<\/div>\n\t\t\t\t<\/div>\n\t\t\t\t\t<\/div>\n\t\t<\/div>\n\t\t\t\t\t<\/div>\n\t\t<\/section>\n\t\t\t\t<section class=\"elementor-section elementor-top-section elementor-element elementor-element-2c6af928 elementor-section-boxed elementor-section-height-default elementor-section-height-default\" data-id=\"2c6af928\" data-element_type=\"section\" data-e-type=\"section\">\n\t\t\t\t\t\t<div class=\"elementor-container elementor-column-gap-default\">\n\t\t\t\t\t<div class=\"elementor-column elementor-col-33 elementor-top-column elementor-element elementor-element-5eb82e98\" data-id=\"5eb82e98\" data-element_type=\"column\" data-e-type=\"column\">\n\t\t\t<div class=\"elementor-widget-wrap elementor-element-populated\">\n\t\t\t\t\t\t<div class=\"elementor-element elementor-element-4f393fd6 elementor-align-justify elementor-widget elementor-widget-button\" data-id=\"4f393fd6\" data-element_type=\"widget\" data-e-type=\"widget\" data-widget_type=\"button.default\">\n\t\t\t\t<div class=\"elementor-widget-container\">\n\t\t\t\t\t\t\t\t\t<div class=\"elementor-button-wrapper\">\n\t\t\t\t\t<a class=\"elementor-button elementor-button-link elementor-size-sm\" href=\"https:\/\/www.waourentals.com\/alojamientos-en-sevilla\/\">\n\t\t\t\t\t\t<span class=\"elementor-button-content-wrapper\">\n\t\t\t\t\t\t\t\t\t<span class=\"elementor-button-text\">Alojamientos en Sevilla<\/span>\n\t\t\t\t\t<\/span>\n\t\t\t\t\t<\/a>\n\t\t\t\t<\/div>\n\t\t\t\t\t\t\t\t<\/div>\n\t\t\t\t<\/div>\n\t\t\t\t\t<\/div>\n\t\t<\/div>\n\t\t\t\t<div class=\"elementor-column elementor-col-33 elementor-top-column elementor-element elementor-element-7b093d2c\" data-id=\"7b093d2c\" data-element_type=\"column\" data-e-type=\"column\">\n\t\t\t<div class=\"elementor-widget-wrap elementor-element-populated\">\n\t\t\t\t\t\t<div class=\"elementor-element elementor-element-5e8738fd elementor-align-justify elementor-widget elementor-widget-button\" data-id=\"5e8738fd\" data-element_type=\"widget\" data-e-type=\"widget\" data-widget_type=\"button.default\">\n\t\t\t\t<div class=\"elementor-widget-container\">\n\t\t\t\t\t\t\t\t\t<div class=\"elementor-button-wrapper\">\n\t\t\t\t\t<a class=\"elementor-button elementor-button-link elementor-size-sm\" href=\"https:\/\/www.waourentals.com\/apartamentos-sevilla\/\">\n\t\t\t\t\t\t<span class=\"elementor-button-content-wrapper\">\n\t\t\t\t\t\t\t\t\t<span class=\"elementor-button-text\">Apartamentos en Sevilla<\/span>\n\t\t\t\t\t<\/span>\n\t\t\t\t\t<\/a>\n\t\t\t\t<\/div>\n\t\t\t\t\t\t\t\t<\/div>\n\t\t\t\t<\/div>\n\t\t\t\t\t<\/div>\n\t\t<\/div>\n\t\t\t\t<div class=\"elementor-column elementor-col-33 elementor-top-column elementor-element elementor-element-643f8376\" data-id=\"643f8376\" data-element_type=\"column\" data-e-type=\"column\">\n\t\t\t<div class=\"elementor-widget-wrap elementor-element-populated\">\n\t\t\t\t\t\t<div class=\"elementor-element elementor-element-5456f64 elementor-align-justify elementor-widget elementor-widget-button\" data-id=\"5456f64\" data-element_type=\"widget\" data-e-type=\"widget\" data-widget_type=\"button.default\">\n\t\t\t\t<div class=\"elementor-widget-container\">\n\t\t\t\t\t\t\t\t\t<div class=\"elementor-button-wrapper\">\n\t\t\t\t\t<a class=\"elementor-button elementor-button-link elementor-size-sm\" href=\"https:\/\/www.waourentals.com\/alquiler\/estudios-madrid-c14d367\/\">\n\t\t\t\t\t\t<span class=\"elementor-button-content-wrapper\">\n\t\t\t\t\t\t\t\t\t<span class=\"elementor-button-text\">Estudios en Sevilla<\/span>\n\t\t\t\t\t<\/span>\n\t\t\t\t\t<\/a>\n\t\t\t\t<\/div>\n\t\t\t\t\t\t\t\t<\/div>\n\t\t\t\t<\/div>\n\t\t\t\t\t<\/div>\n\t\t<\/div>\n\t\t\t\t\t<\/div>\n\t\t<\/section>\n\t\t\t\t<\/div>\n\t\t<\/div>\n\t\t\t\t\t\t<\/div>\n\t\t\t\t<\/div>\n\t\t\t\t\t<\/div>\n\t\t<\/div>\n\t\t\t\t\t<\/div>\n\t\t<\/section>\n\t\t\t\t<\/div>\n\t\t","protected":false},"excerpt":{"rendered":"<p>Sevilla va a celebrar el amor a gritos y para todos los p\u00fablicos, as\u00ed que da igual si vienes solo, en pareja, con amigos o incluso a celebrarlo con toda la familia. A la ciudad no le importa con qui\u00e9n vienes porque tiene planes para todos los gustos y bolsillos y, lo mejor de todo, [&hellip;]<\/p>\n","protected":false},"author":3,"featured_media":2042,"comment_status":"open","ping_status":"open","sticky":false,"template":"","format":"standard","meta":{"footnotes":""},"categories":[27],"tags":[39],"class_list":["post-2030","post","type-post","status-publish","format-standard","has-post-thumbnail","hentry","category-sevilla","tag-no-template"],"yoast_head":"<!-- This site is optimized with the Yoast SEO plugin v27.5 - https:\/\/yoast.com\/product\/yoast-seo-wordpress\/ -->\n<title>San Valent\u00edn en Sevilla: los mejores planes est\u00e1n aqu\u00ed\u00a0 - Blog de waourentals<\/title>\n<meta name=\"description\" content=\"Vive San Valent\u00edn en Sevilla con planes rom\u00e1nticos, experiencias diferentes, buena gastronom\u00eda y paseos al aire libre en esta ciudad.\" \/>\n<meta name=\"robots\" content=\"index, follow, max-snippet:-1, max-image-preview:large, max-video-preview:-1\" \/>\n<link rel=\"canonical\" href=\"https:\/\/www.waourentals.com\/blog\/san-valentin-sevilla\/\" \/>\n<meta property=\"og:locale\" content=\"es_ES\" \/>\n<meta property=\"og:type\" content=\"article\" \/>\n<meta property=\"og:title\" content=\"San Valent\u00edn en Sevilla: los mejores planes est\u00e1n aqu\u00ed\u00a0 - Blog de waourentals\" \/>\n<meta property=\"og:description\" content=\"Vive San Valent\u00edn en Sevilla con planes rom\u00e1nticos, experiencias diferentes, buena gastronom\u00eda y paseos al aire libre en esta ciudad.\" \/>\n<meta property=\"og:url\" content=\"https:\/\/www.waourentals.com\/blog\/san-valentin-sevilla\/\" \/>\n<meta property=\"og:site_name\" content=\"Blog de waourentals\" \/>\n<meta property=\"article:published_time\" content=\"2026-01-23T12:34:17+00:00\" \/>\n<meta property=\"article:modified_time\" content=\"2026-04-24T09:28:19+00:00\" \/>\n<meta property=\"og:image\" content=\"https:\/\/www.waourentals.com\/blog\/wp-content\/uploads\/2026\/01\/san-valentin-en-sevilla.jpg\" \/>\n\t<meta property=\"og:image:width\" content=\"2121\" \/>\n\t<meta property=\"og:image:height\" content=\"707\" \/>\n\t<meta property=\"og:image:type\" content=\"image\/jpeg\" \/>\n<meta name=\"author\" content=\"Laura\" \/>\n<meta name=\"twitter:card\" content=\"summary_large_image\" \/>\n<meta name=\"twitter:label1\" content=\"Written by\" \/>\n\t<meta name=\"twitter:data1\" content=\"Laura\" \/>\n\t<meta name=\"twitter:label2\" content=\"Est. reading time\" \/>\n\t<meta name=\"twitter:data2\" content=\"7 minutes\" \/>\n<script type=\"application\/ld+json\" class=\"yoast-schema-graph\">{\"@context\":\"https:\\\/\\\/schema.org\",\"@graph\":[{\"@type\":\"Article\",\"@id\":\"https:\\\/\\\/www.waourentals.com\\\/blog\\\/san-valentin-sevilla\\\/#article\",\"isPartOf\":{\"@id\":\"https:\\\/\\\/www.waourentals.com\\\/blog\\\/san-valentin-sevilla\\\/\"},\"author\":{\"name\":\"Laura\",\"@id\":\"https:\\\/\\\/www.waourentals.com\\\/blog\\\/#\\\/schema\\\/person\\\/5ed75b9d9dafc7ddc5521311552aa927\"},\"headline\":\"San Valent\u00edn en Sevilla: los mejores planes est\u00e1n aqu\u00ed\u00a0\",\"datePublished\":\"2026-01-23T12:34:17+00:00\",\"dateModified\":\"2026-04-24T09:28:19+00:00\",\"mainEntityOfPage\":{\"@id\":\"https:\\\/\\\/www.waourentals.com\\\/blog\\\/san-valentin-sevilla\\\/\"},\"wordCount\":1213,\"commentCount\":0,\"publisher\":{\"@id\":\"https:\\\/\\\/www.waourentals.com\\\/blog\\\/#organization\"},\"image\":{\"@id\":\"https:\\\/\\\/www.waourentals.com\\\/blog\\\/san-valentin-sevilla\\\/#primaryimage\"},\"thumbnailUrl\":\"https:\\\/\\\/www.waourentals.com\\\/blog\\\/wp-content\\\/uploads\\\/2026\\\/01\\\/san-valentin-en-sevilla.jpg\",\"keywords\":[\"No template\"],\"articleSection\":[\"Sevilla\"],\"inLanguage\":\"es\",\"potentialAction\":[{\"@type\":\"CommentAction\",\"name\":\"Comment\",\"target\":[\"https:\\\/\\\/www.waourentals.com\\\/blog\\\/san-valentin-sevilla\\\/#respond\"]}]},{\"@type\":\"WebPage\",\"@id\":\"https:\\\/\\\/www.waourentals.com\\\/blog\\\/san-valentin-sevilla\\\/\",\"url\":\"https:\\\/\\\/www.waourentals.com\\\/blog\\\/san-valentin-sevilla\\\/\",\"name\":\"San Valent\u00edn en Sevilla: los mejores planes est\u00e1n aqu\u00ed\u00a0 - Blog de waourentals\",\"isPartOf\":{\"@id\":\"https:\\\/\\\/www.waourentals.com\\\/blog\\\/#website\"},\"primaryImageOfPage\":{\"@id\":\"https:\\\/\\\/www.waourentals.com\\\/blog\\\/san-valentin-sevilla\\\/#primaryimage\"},\"image\":{\"@id\":\"https:\\\/\\\/www.waourentals.com\\\/blog\\\/san-valentin-sevilla\\\/#primaryimage\"},\"thumbnailUrl\":\"https:\\\/\\\/www.waourentals.com\\\/blog\\\/wp-content\\\/uploads\\\/2026\\\/01\\\/san-valentin-en-sevilla.jpg\",\"datePublished\":\"2026-01-23T12:34:17+00:00\",\"dateModified\":\"2026-04-24T09:28:19+00:00\",\"description\":\"Vive San Valent\u00edn en Sevilla con planes rom\u00e1nticos, experiencias diferentes, buena gastronom\u00eda y paseos al aire libre en esta ciudad.\",\"breadcrumb\":{\"@id\":\"https:\\\/\\\/www.waourentals.com\\\/blog\\\/san-valentin-sevilla\\\/#breadcrumb\"},\"inLanguage\":\"es\",\"potentialAction\":[{\"@type\":\"ReadAction\",\"target\":[\"https:\\\/\\\/www.waourentals.com\\\/blog\\\/san-valentin-sevilla\\\/\"]}]},{\"@type\":\"ImageObject\",\"inLanguage\":\"es\",\"@id\":\"https:\\\/\\\/www.waourentals.com\\\/blog\\\/san-valentin-sevilla\\\/#primaryimage\",\"url\":\"https:\\\/\\\/www.waourentals.com\\\/blog\\\/wp-content\\\/uploads\\\/2026\\\/01\\\/san-valentin-en-sevilla.jpg\",\"contentUrl\":\"https:\\\/\\\/www.waourentals.com\\\/blog\\\/wp-content\\\/uploads\\\/2026\\\/01\\\/san-valentin-en-sevilla.jpg\",\"width\":2121,\"height\":707,\"caption\":\"Bouquet of red roses in a romantic restaurant setting.\"},{\"@type\":\"BreadcrumbList\",\"@id\":\"https:\\\/\\\/www.waourentals.com\\\/blog\\\/san-valentin-sevilla\\\/#breadcrumb\",\"itemListElement\":[{\"@type\":\"ListItem\",\"position\":1,\"name\":\"Portada\",\"item\":\"https:\\\/\\\/www.waourentals.com\\\/blog\\\/en\\\/\"},{\"@type\":\"ListItem\",\"position\":2,\"name\":\"San Valent\u00edn en Sevilla: los mejores planes est\u00e1n aqu\u00ed\u00a0\"}]},{\"@type\":\"WebSite\",\"@id\":\"https:\\\/\\\/www.waourentals.com\\\/blog\\\/#website\",\"url\":\"https:\\\/\\\/www.waourentals.com\\\/blog\\\/\",\"name\":\"Blog de waourentals\",\"description\":\"\",\"publisher\":{\"@id\":\"https:\\\/\\\/www.waourentals.com\\\/blog\\\/#organization\"},\"potentialAction\":[{\"@type\":\"SearchAction\",\"target\":{\"@type\":\"EntryPoint\",\"urlTemplate\":\"https:\\\/\\\/www.waourentals.com\\\/blog\\\/?s={search_term_string}\"},\"query-input\":{\"@type\":\"PropertyValueSpecification\",\"valueRequired\":true,\"valueName\":\"search_term_string\"}}],\"inLanguage\":\"es\"},{\"@type\":\"Organization\",\"@id\":\"https:\\\/\\\/www.waourentals.com\\\/blog\\\/#organization\",\"name\":\"Blog de waourentals\",\"url\":\"https:\\\/\\\/www.waourentals.com\\\/blog\\\/\",\"logo\":{\"@type\":\"ImageObject\",\"inLanguage\":\"es\",\"@id\":\"https:\\\/\\\/www.waourentals.com\\\/blog\\\/#\\\/schema\\\/logo\\\/image\\\/\",\"url\":\"https:\\\/\\\/www.waourentals.com\\\/blog\\\/wp-content\\\/uploads\\\/2024\\\/10\\\/BNB-LOGO-NEGRO-1.png\",\"contentUrl\":\"https:\\\/\\\/www.waourentals.com\\\/blog\\\/wp-content\\\/uploads\\\/2024\\\/10\\\/BNB-LOGO-NEGRO-1.png\",\"width\":1698,\"height\":787,\"caption\":\"Blog de waourentals\"},\"image\":{\"@id\":\"https:\\\/\\\/www.waourentals.com\\\/blog\\\/#\\\/schema\\\/logo\\\/image\\\/\"}},{\"@type\":\"Person\",\"@id\":\"https:\\\/\\\/www.waourentals.com\\\/blog\\\/#\\\/schema\\\/person\\\/5ed75b9d9dafc7ddc5521311552aa927\",\"name\":\"Laura\",\"image\":{\"@type\":\"ImageObject\",\"inLanguage\":\"es\",\"@id\":\"https:\\\/\\\/secure.gravatar.com\\\/avatar\\\/38b396224481eeb6edadb558d7e4a6d1ff1c8ba1e6abd3951e451527e107c96b?s=96&d=mm&r=g\",\"url\":\"https:\\\/\\\/secure.gravatar.com\\\/avatar\\\/38b396224481eeb6edadb558d7e4a6d1ff1c8ba1e6abd3951e451527e107c96b?s=96&d=mm&r=g\",\"contentUrl\":\"https:\\\/\\\/secure.gravatar.com\\\/avatar\\\/38b396224481eeb6edadb558d7e4a6d1ff1c8ba1e6abd3951e451527e107c96b?s=96&d=mm&r=g\",\"caption\":\"Laura\"},\"url\":\"https:\\\/\\\/www.waourentals.com\\\/blog\\\/author\\\/laura\\\/\"}]}<\/script>\n<!-- \/ Yoast SEO plugin. -->","yoast_head_json":{"title":"San Valent\u00edn en Sevilla: los mejores planes est\u00e1n aqu\u00ed\u00a0 - Blog de waourentals","description":"Vive San Valent\u00edn en Sevilla con planes rom\u00e1nticos, experiencias diferentes, buena gastronom\u00eda y paseos al aire libre en esta ciudad.","robots":{"index":"index","follow":"follow","max-snippet":"max-snippet:-1","max-image-preview":"max-image-preview:large","max-video-preview":"max-video-preview:-1"},"canonical":"https:\/\/www.waourentals.com\/blog\/san-valentin-sevilla\/","og_locale":"es_ES","og_type":"article","og_title":"San Valent\u00edn en Sevilla: los mejores planes est\u00e1n aqu\u00ed\u00a0 - Blog de waourentals","og_description":"Vive San Valent\u00edn en Sevilla con planes rom\u00e1nticos, experiencias diferentes, buena gastronom\u00eda y paseos al aire libre en esta ciudad.","og_url":"https:\/\/www.waourentals.com\/blog\/san-valentin-sevilla\/","og_site_name":"Blog de waourentals","article_published_time":"2026-01-23T12:34:17+00:00","article_modified_time":"2026-04-24T09:28:19+00:00","og_image":[{"width":2121,"height":707,"url":"https:\/\/www.waourentals.com\/blog\/wp-content\/uploads\/2026\/01\/san-valentin-en-sevilla.jpg","type":"image\/jpeg"}],"author":"Laura","twitter_card":"summary_large_image","twitter_misc":{"Written by":"Laura","Est. reading time":"7 minutes"},"schema":{"@context":"https:\/\/schema.org","@graph":[{"@type":"Article","@id":"https:\/\/www.waourentals.com\/blog\/san-valentin-sevilla\/#article","isPartOf":{"@id":"https:\/\/www.waourentals.com\/blog\/san-valentin-sevilla\/"},"author":{"name":"Laura","@id":"https:\/\/www.waourentals.com\/blog\/#\/schema\/person\/5ed75b9d9dafc7ddc5521311552aa927"},"headline":"San Valent\u00edn en Sevilla: los mejores planes est\u00e1n aqu\u00ed\u00a0","datePublished":"2026-01-23T12:34:17+00:00","dateModified":"2026-04-24T09:28:19+00:00","mainEntityOfPage":{"@id":"https:\/\/www.waourentals.com\/blog\/san-valentin-sevilla\/"},"wordCount":1213,"commentCount":0,"publisher":{"@id":"https:\/\/www.waourentals.com\/blog\/#organization"},"image":{"@id":"https:\/\/www.waourentals.com\/blog\/san-valentin-sevilla\/#primaryimage"},"thumbnailUrl":"https:\/\/www.waourentals.com\/blog\/wp-content\/uploads\/2026\/01\/san-valentin-en-sevilla.jpg","keywords":["No template"],"articleSection":["Sevilla"],"inLanguage":"es","potentialAction":[{"@type":"CommentAction","name":"Comment","target":["https:\/\/www.waourentals.com\/blog\/san-valentin-sevilla\/#respond"]}]},{"@type":"WebPage","@id":"https:\/\/www.waourentals.com\/blog\/san-valentin-sevilla\/","url":"https:\/\/www.waourentals.com\/blog\/san-valentin-sevilla\/","name":"San Valent\u00edn en Sevilla: los mejores planes est\u00e1n aqu\u00ed\u00a0 - Blog de waourentals","isPartOf":{"@id":"https:\/\/www.waourentals.com\/blog\/#website"},"primaryImageOfPage":{"@id":"https:\/\/www.waourentals.com\/blog\/san-valentin-sevilla\/#primaryimage"},"image":{"@id":"https:\/\/www.waourentals.com\/blog\/san-valentin-sevilla\/#primaryimage"},"thumbnailUrl":"https:\/\/www.waourentals.com\/blog\/wp-content\/uploads\/2026\/01\/san-valentin-en-sevilla.jpg","datePublished":"2026-01-23T12:34:17+00:00","dateModified":"2026-04-24T09:28:19+00:00","description":"Vive San Valent\u00edn en Sevilla con planes rom\u00e1nticos, experiencias diferentes, buena gastronom\u00eda y paseos al aire libre en esta ciudad.","breadcrumb":{"@id":"https:\/\/www.waourentals.com\/blog\/san-valentin-sevilla\/#breadcrumb"},"inLanguage":"es","potentialAction":[{"@type":"ReadAction","target":["https:\/\/www.waourentals.com\/blog\/san-valentin-sevilla\/"]}]},{"@type":"ImageObject","inLanguage":"es","@id":"https:\/\/www.waourentals.com\/blog\/san-valentin-sevilla\/#primaryimage","url":"https:\/\/www.waourentals.com\/blog\/wp-content\/uploads\/2026\/01\/san-valentin-en-sevilla.jpg","contentUrl":"https:\/\/www.waourentals.com\/blog\/wp-content\/uploads\/2026\/01\/san-valentin-en-sevilla.jpg","width":2121,"height":707,"caption":"Bouquet of red roses in a romantic restaurant setting."},{"@type":"BreadcrumbList","@id":"https:\/\/www.waourentals.com\/blog\/san-valentin-sevilla\/#breadcrumb","itemListElement":[{"@type":"ListItem","position":1,"name":"Portada","item":"https:\/\/www.waourentals.com\/blog\/en\/"},{"@type":"ListItem","position":2,"name":"San Valent\u00edn en Sevilla: los mejores planes est\u00e1n aqu\u00ed\u00a0"}]},{"@type":"WebSite","@id":"https:\/\/www.waourentals.com\/blog\/#website","url":"https:\/\/www.waourentals.com\/blog\/","name":"Blog de waourentals","description":"","publisher":{"@id":"https:\/\/www.waourentals.com\/blog\/#organization"},"potentialAction":[{"@type":"SearchAction","target":{"@type":"EntryPoint","urlTemplate":"https:\/\/www.waourentals.com\/blog\/?s={search_term_string}"},"query-input":{"@type":"PropertyValueSpecification","valueRequired":true,"valueName":"search_term_string"}}],"inLanguage":"es"},{"@type":"Organization","@id":"https:\/\/www.waourentals.com\/blog\/#organization","name":"Blog de waourentals","url":"https:\/\/www.waourentals.com\/blog\/","logo":{"@type":"ImageObject","inLanguage":"es","@id":"https:\/\/www.waourentals.com\/blog\/#\/schema\/logo\/image\/","url":"https:\/\/www.waourentals.com\/blog\/wp-content\/uploads\/2024\/10\/BNB-LOGO-NEGRO-1.png","contentUrl":"https:\/\/www.waourentals.com\/blog\/wp-content\/uploads\/2024\/10\/BNB-LOGO-NEGRO-1.png","width":1698,"height":787,"caption":"Blog de waourentals"},"image":{"@id":"https:\/\/www.waourentals.com\/blog\/#\/schema\/logo\/image\/"}},{"@type":"Person","@id":"https:\/\/www.waourentals.com\/blog\/#\/schema\/person\/5ed75b9d9dafc7ddc5521311552aa927","name":"Laura","image":{"@type":"ImageObject","inLanguage":"es","@id":"https:\/\/secure.gravatar.com\/avatar\/38b396224481eeb6edadb558d7e4a6d1ff1c8ba1e6abd3951e451527e107c96b?s=96&d=mm&r=g","url":"https:\/\/secure.gravatar.com\/avatar\/38b396224481eeb6edadb558d7e4a6d1ff1c8ba1e6abd3951e451527e107c96b?s=96&d=mm&r=g","contentUrl":"https:\/\/secure.gravatar.com\/avatar\/38b396224481eeb6edadb558d7e4a6d1ff1c8ba1e6abd3951e451527e107c96b?s=96&d=mm&r=g","caption":"Laura"},"url":"https:\/\/www.waourentals.com\/blog\/author\/laura\/"}]}},"_links":{"self":[{"href":"https:\/\/www.waourentals.com\/blog\/wp-json\/wp\/v2\/posts\/2030","targetHints":{"allow":["GET"]}}],"collection":[{"href":"https:\/\/www.waourentals.com\/blog\/wp-json\/wp\/v2\/posts"}],"about":[{"href":"https:\/\/www.waourentals.com\/blog\/wp-json\/wp\/v2\/types\/post"}],"author":[{"embeddable":true,"href":"https:\/\/www.waourentals.com\/blog\/wp-json\/wp\/v2\/users\/3"}],"replies":[{"embeddable":true,"href":"https:\/\/www.waourentals.com\/blog\/wp-json\/wp\/v2\/comments?post=2030"}],"version-history":[{"count":7,"href":"https:\/\/www.waourentals.com\/blog\/wp-json\/wp\/v2\/posts\/2030\/revisions"}],"predecessor-version":[{"id":2046,"href":"https:\/\/www.waourentals.com\/blog\/wp-json\/wp\/v2\/posts\/2030\/revisions\/2046"}],"wp:featuredmedia":[{"embeddable":true,"href":"https:\/\/www.waourentals.com\/blog\/wp-json\/wp\/v2\/media\/2042"}],"wp:attachment":[{"href":"https:\/\/www.waourentals.com\/blog\/wp-json\/wp\/v2\/media?parent=2030"}],"wp:term":[{"taxonomy":"category","embeddable":true,"href":"https:\/\/www.waourentals.com\/blog\/wp-json\/wp\/v2\/categories?post=2030"},{"taxonomy":"post_tag","embeddable":true,"href":"https:\/\/www.waourentals.com\/blog\/wp-json\/wp\/v2\/tags?post=2030"}],"curies":[{"name":"wp","href":"https:\/\/api.w.org\/{rel}","templated":true}]}}