{"id":1979,"date":"2025-12-16T08:51:52","date_gmt":"2025-12-16T08:51:52","guid":{"rendered":"https:\/\/www.waourentals.com\/blog\/?p=1979"},"modified":"2026-04-24T09:28:19","modified_gmt":"2026-04-24T09:28:19","slug":"cabalgata-reyes-madrid","status":"publish","type":"post","link":"https:\/\/www.waourentals.com\/blog\/cabalgata-reyes-madrid\/","title":{"rendered":"Cabalgata de Reyes de Madrid 2026\u00a0"},"content":{"rendered":"\t\t<div data-elementor-type=\"wp-post\" data-elementor-id=\"1979\" class=\"elementor elementor-1979\" data-elementor-post-type=\"post\">\n\t\t\t\t\t\t<section class=\"elementor-section elementor-top-section elementor-element elementor-element-5a545851 elementor-section-boxed elementor-section-height-default elementor-section-height-default\" data-id=\"5a545851\" data-element_type=\"section\" data-e-type=\"section\">\n\t\t\t\t\t\t<div class=\"elementor-container elementor-column-gap-default\">\n\t\t\t\t\t<div class=\"elementor-column elementor-col-100 elementor-top-column elementor-element elementor-element-3944e901\" data-id=\"3944e901\" data-element_type=\"column\" data-e-type=\"column\">\n\t\t\t<div class=\"elementor-widget-wrap elementor-element-populated\">\n\t\t\t\t\t\t<div class=\"elementor-element elementor-element-5f6b57c4 elementor-widget elementor-widget-text-editor\" data-id=\"5f6b57c4\" data-element_type=\"widget\" data-e-type=\"widget\" data-widget_type=\"text-editor.default\">\n\t\t\t\t<div class=\"elementor-widget-container\">\n\t\t\t\t\t\t\t\t\t<p style=\"font-weight: 400;\">La Cabalgata de Reyes Madrid 2026 es uno de los momentos m\u00e1s esperados de las fiestas. <strong>Cada 5 de enero, la ciudad se llena de ilusi\u00f3n para recibir a Melchor, Gaspar y Baltasar con un desfile espectacular.<\/strong><\/p><p style=\"font-weight: 400;\">Este a\u00f1o, la tem\u00e1tica <strong>rinde homenaje a los maestros<\/strong>: esas personas que nos acompa\u00f1an en la infancia, la adolescencia y la formaci\u00f3n profesional, que nos ense\u00f1an a pensar, a mirar m\u00e1s lejos y a caminar con curiosidad por el mundo.<\/p><p style=\"font-weight: 400;\">Una idea que encaja perfectamente con el car\u00e1cter de los Reyes Magos, representados como sabios que viajan para descubrir a d\u00f3nde les llevaba la estrella y conocer al reci\u00e9n nacido.<\/p>\t\t\t\t\t\t\t\t<\/div>\n\t\t\t\t<\/div>\n\t\t\t\t\t<\/div>\n\t\t<\/div>\n\t\t\t\t\t<\/div>\n\t\t<\/section>\n\t\t\t\t<section class=\"elementor-section elementor-top-section elementor-element elementor-element-662bb5ce elementor-section-boxed elementor-section-height-default elementor-section-height-default\" data-id=\"662bb5ce\" data-element_type=\"section\" data-e-type=\"section\">\n\t\t\t\t\t\t<div class=\"elementor-container elementor-column-gap-default\">\n\t\t\t\t\t<div class=\"elementor-column elementor-col-100 elementor-top-column elementor-element elementor-element-6f8564b8\" data-id=\"6f8564b8\" data-element_type=\"column\" data-e-type=\"column\">\n\t\t\t<div class=\"elementor-widget-wrap elementor-element-populated\">\n\t\t\t\t\t\t<div class=\"elementor-element elementor-element-7592fa5c elementor-widget elementor-widget-table-of-contents\" data-id=\"7592fa5c\" data-element_type=\"widget\" data-e-type=\"widget\" data-settings=\"{&quot;headings_by_tags&quot;:[&quot;h2&quot;],&quot;exclude_headings_by_selector&quot;:[],&quot;marker_view&quot;:&quot;bullets&quot;,&quot;icon&quot;:{&quot;value&quot;:&quot;&quot;,&quot;library&quot;:&quot;&quot;},&quot;no_headings_message&quot;:&quot;No headings were found on this page.&quot;,&quot;hierarchical_view&quot;:&quot;yes&quot;,&quot;min_height&quot;:{&quot;unit&quot;:&quot;px&quot;,&quot;size&quot;:&quot;&quot;,&quot;sizes&quot;:[]},&quot;min_height_tablet&quot;:{&quot;unit&quot;:&quot;px&quot;,&quot;size&quot;:&quot;&quot;,&quot;sizes&quot;:[]},&quot;min_height_mobile&quot;:{&quot;unit&quot;:&quot;px&quot;,&quot;size&quot;:&quot;&quot;,&quot;sizes&quot;:[]}}\" data-widget_type=\"table-of-contents.default\">\n\t\t\t\t<div class=\"elementor-widget-container\">\n\t\t\t\t\t\t\t\t\t<div class=\"elementor-toc__header\">\n\t\t\t\t\t\t<div class=\"elementor-toc__header-title\">\n\t\t\t\t\u00cdndice\t\t\t<\/div>\n\t\t\t\t\t\t\t\t<\/div>\n\t\t\t\t<div id=\"elementor-toc__7592fa5c\" class=\"elementor-toc__body\">\n\t\t\t<div class=\"elementor-toc__spinner-container\">\n\t\t\t\t<i class=\"elementor-toc__spinner eicon-animation-spin eicon-loading\" aria-hidden=\"true\"><\/i>\t\t\t<\/div>\n\t\t<\/div>\n\t\t\t\t\t\t<\/div>\n\t\t\t\t<\/div>\n\t\t\t\t\t<\/div>\n\t\t<\/div>\n\t\t\t\t\t<\/div>\n\t\t<\/section>\n\t\t\t\t<section class=\"elementor-section elementor-top-section elementor-element elementor-element-117a177f elementor-section-boxed elementor-section-height-default elementor-section-height-default\" data-id=\"117a177f\" data-element_type=\"section\" data-e-type=\"section\">\n\t\t\t\t\t\t<div class=\"elementor-container elementor-column-gap-default\">\n\t\t\t\t\t<div class=\"elementor-column elementor-col-100 elementor-top-column elementor-element elementor-element-234a8a7e\" data-id=\"234a8a7e\" data-element_type=\"column\" data-e-type=\"column\">\n\t\t\t<div class=\"elementor-widget-wrap elementor-element-populated\">\n\t\t\t\t\t\t<div class=\"elementor-element elementor-element-51166dae elementor-widget elementor-widget-heading\" data-id=\"51166dae\" data-element_type=\"widget\" data-e-type=\"widget\" data-widget_type=\"heading.default\">\n\t\t\t\t<div class=\"elementor-widget-container\">\n\t\t\t\t\t<h2 class=\"elementor-heading-title elementor-size-default\">Qu\u00e9 esperar de la Cabalgata de Reyes de Madrid 2026 <\/h2>\t\t\t\t<\/div>\n\t\t\t\t<\/div>\n\t\t\t\t<div class=\"elementor-element elementor-element-53940b54 elementor-widget elementor-widget-text-editor\" data-id=\"53940b54\" data-element_type=\"widget\" data-e-type=\"widget\" data-widget_type=\"text-editor.default\">\n\t\t\t\t<div class=\"elementor-widget-container\">\n\t\t\t\t\t\t\t\t\t<p style=\"font-weight: 400;\"><strong>La Cabalgata de Reyes Magos en Madrid es un espect\u00e1culo visual lleno de m\u00fasica, luces, carrozas gigantes y personajes perfectamente caracterizados<\/strong> que desfilan entre miles de familias que los esperan con ilusi\u00f3n.<\/p><p style=\"font-weight: 400;\">Esta tradici\u00f3n, que en Madrid se celebra desde principios del siglo XX, naci\u00f3 como una manera de acercar la magia de los Reyes Magos a los ni\u00f1os de la ciudad y, con el tiempo, se ha convertido en <strong>uno de los eventos m\u00e1s emblem\u00e1ticos de las fiestas<\/strong>.<\/p><p style=\"font-weight: 400;\">Las carrozas tem\u00e1ticas narran el viaje que, seg\u00fan la tradici\u00f3n cristiana, hicieron Melchor, Gaspar y Baltasar siguiendo la estrella para llevar sus regalos al reci\u00e9n nacido.<\/p><p style=\"font-weight: 400;\">Y ojo, porque no van solos: <strong>avanzan rodeados de animaci\u00f3n, confeti, m\u00fasica en directo, coreograf\u00edas milim\u00e9tricas y toneladas de caramelos que vuelan desde todos los \u00e1ngulos.<\/strong><\/p><p style=\"font-weight: 400;\">Es un desfile emocionante tanto para ni\u00f1os como para adultos, que convierte el centro de Madrid en un gran escenario navide\u00f1o donde todo el mundo levanta la vista para buscar a su Rey Mago favorito.<\/p><p style=\"font-weight: 400;\">Si te interesa especialmente el rey Gaspar de la Cabalgata de Madrid\u2026 \u00a1est\u00e1s de suerte! Su tramo del desfile suele ser uno de los m\u00e1s aplaudidos; su carroza, siempre muy reconocible, atrae miradas y fotograf\u00edas durante todo el itinerario.<\/p>\t\t\t\t\t\t\t\t<\/div>\n\t\t\t\t<\/div>\n\t\t\t\t<div class=\"elementor-element elementor-element-bd43d7d elementor-widget elementor-widget-image\" data-id=\"bd43d7d\" data-element_type=\"widget\" data-e-type=\"widget\" data-widget_type=\"image.default\">\n\t\t\t\t<div class=\"elementor-widget-container\">\n\t\t\t\t\t\t\t\t\t\t\t\t\t\t\t<img fetchpriority=\"high\" decoding=\"async\" width=\"1414\" height=\"707\" src=\"https:\/\/www.waourentals.com\/blog\/wp-content\/uploads\/2025\/12\/reyes-magos-navidad-madrid.jpg\" class=\"attachment-full size-full wp-image-2006\" alt=\"\" srcset=\"https:\/\/www.waourentals.com\/blog\/wp-content\/uploads\/2025\/12\/reyes-magos-navidad-madrid.jpg 1414w, https:\/\/www.waourentals.com\/blog\/wp-content\/uploads\/2025\/12\/reyes-magos-navidad-madrid-300x150.jpg 300w, https:\/\/www.waourentals.com\/blog\/wp-content\/uploads\/2025\/12\/reyes-magos-navidad-madrid-1024x512.jpg 1024w, https:\/\/www.waourentals.com\/blog\/wp-content\/uploads\/2025\/12\/reyes-magos-navidad-madrid-768x384.jpg 768w\" sizes=\"(max-width: 1414px) 100vw, 1414px\" \/>\t\t\t\t\t\t\t\t\t\t\t\t\t\t\t<\/div>\n\t\t\t\t<\/div>\n\t\t\t\t\t<\/div>\n\t\t<\/div>\n\t\t\t\t\t<\/div>\n\t\t<\/section>\n\t\t\t\t<section class=\"elementor-section elementor-top-section elementor-element elementor-element-72765ac elementor-section-boxed elementor-section-height-default elementor-section-height-default\" data-id=\"72765ac\" data-element_type=\"section\" data-e-type=\"section\">\n\t\t\t\t\t\t<div class=\"elementor-container elementor-column-gap-default\">\n\t\t\t\t\t<div class=\"elementor-column elementor-col-50 elementor-top-column elementor-element elementor-element-17ffdb5\" data-id=\"17ffdb5\" data-element_type=\"column\" data-e-type=\"column\">\n\t\t\t<div class=\"elementor-widget-wrap elementor-element-populated\">\n\t\t\t\t\t\t<div class=\"elementor-element elementor-element-74ab19d elementor-widget elementor-widget-heading\" data-id=\"74ab19d\" data-element_type=\"widget\" data-e-type=\"widget\" data-widget_type=\"heading.default\">\n\t\t\t\t<div class=\"elementor-widget-container\">\n\t\t\t\t\t<h2 class=\"elementor-heading-title elementor-size-default\">Horarios y recorridos de 2026 <\/h2>\t\t\t\t<\/div>\n\t\t\t\t<\/div>\n\t\t\t\t<div class=\"elementor-element elementor-element-5af09b5 elementor-widget__width-initial elementor-widget elementor-widget-text-editor\" data-id=\"5af09b5\" data-element_type=\"widget\" data-e-type=\"widget\" data-widget_type=\"text-editor.default\">\n\t\t\t\t<div class=\"elementor-widget-container\">\n\t\t\t\t\t\t\t\t\t<p style=\"font-weight: 400;\"><strong>La Cabalgata de Reyes Madrid 2026 comenzar\u00e1 el 5 de enero a las 18:00 h y seguir\u00e1 la ruta habitual.<\/strong><\/p><blockquote><p style=\"font-weight: 400;\">Partir\u00e1 desde la Plaza de San Juan de la Cruz, avanzar\u00e1 por todo el Paseo de la Castellana, continuar\u00e1 por el Paseo de Recoletos y llegar\u00e1 finalmente a la Plaza de Cibeles, donde tiene lugar el cierre del desfile.<\/p><p style=\"font-weight: 400;\"><strong>Es un trayecto muy amplio y c\u00f3modo, as\u00ed que, aunque suele asistir much\u00edsima gente, siempre es posible encontrar un buen sitio para verla sin agobios.<\/strong><\/p><\/blockquote>\t\t\t\t\t\t\t\t<\/div>\n\t\t\t\t<\/div>\n\t\t\t\t\t<\/div>\n\t\t<\/div>\n\t\t\t\t<div class=\"elementor-column elementor-col-50 elementor-top-column elementor-element elementor-element-d95e56c\" data-id=\"d95e56c\" data-element_type=\"column\" data-e-type=\"column\">\n\t\t\t<div class=\"elementor-widget-wrap elementor-element-populated\">\n\t\t\t\t\t\t<div class=\"elementor-element elementor-element-65d1f72 elementor-widget elementor-widget-html\" data-id=\"65d1f72\" data-element_type=\"widget\" data-e-type=\"widget\" data-widget_type=\"html.default\">\n\t\t\t\t<div class=\"elementor-widget-container\">\n\t\t\t\t\t<iframe src=\"https:\/\/www.google.com\/maps\/d\/u\/0\/embed?mid=1PsPxo7AKoYITw1c7tgQZD585_ayxKe8&ehbc=2E312F&noprof=1\" width=\"640\" height=\"480\"><\/iframe>\t\t\t\t<\/div>\n\t\t\t\t<\/div>\n\t\t\t\t\t<\/div>\n\t\t<\/div>\n\t\t\t\t\t<\/div>\n\t\t<\/section>\n\t\t\t\t<section class=\"elementor-section elementor-top-section elementor-element elementor-element-792b89d elementor-section-boxed elementor-section-height-default elementor-section-height-default\" data-id=\"792b89d\" data-element_type=\"section\" data-e-type=\"section\">\n\t\t\t\t\t\t<div class=\"elementor-container elementor-column-gap-default\">\n\t\t\t\t\t<div class=\"elementor-column elementor-col-100 elementor-top-column elementor-element elementor-element-b7aa981\" data-id=\"b7aa981\" data-element_type=\"column\" data-e-type=\"column\">\n\t\t\t<div class=\"elementor-widget-wrap elementor-element-populated\">\n\t\t\t\t\t\t<div class=\"elementor-element elementor-element-6740226 elementor-widget elementor-widget-heading\" data-id=\"6740226\" data-element_type=\"widget\" data-e-type=\"widget\" data-widget_type=\"heading.default\">\n\t\t\t\t<div class=\"elementor-widget-container\">\n\t\t\t\t\t<h2 class=\"elementor-heading-title elementor-size-default\">Mejores lugares para verla <\/h2>\t\t\t\t<\/div>\n\t\t\t\t<\/div>\n\t\t\t\t<div class=\"elementor-element elementor-element-3662027 elementor-widget elementor-widget-text-editor\" data-id=\"3662027\" data-element_type=\"widget\" data-e-type=\"widget\" data-widget_type=\"text-editor.default\">\n\t\t\t\t<div class=\"elementor-widget-container\">\n\t\t\t\t\t\t\t\t\t<p style=\"font-weight: 400;\">Elegir un buen sitio marca la diferencia. La salida desde San Juan de la Cruz es una de las zonas m\u00e1s emocionantes porque todo el mundo est\u00e1 expectante, las carrozas lucen impecables y los ni\u00f1os suelen vivirlo con m\u00e1s intensidad.<\/p><p style=\"font-weight: 400;\"><strong>El Paseo de la Castellana es quiz\u00e1 el tramo m\u00e1s c\u00f3modo<\/strong>: es ancho, ofrece buena visibilidad y permite disfrutar del paso de las carrozas con calma. <strong>Zonas como Nuevos Ministerios o Plaza de Lima tambi\u00e9n funcionan muy bien, sobre todo si no quieres esperar demasiado.<\/strong><\/p><p style=\"font-weight: 400;\">A medida que el desfile avanza hacia Recoletos y Cibeles, el ambiente se vuelve m\u00e1s intenso, por algo es el tramo m\u00e1s concurrido de todos. El final en Cibeles es precioso, pero vas a tener que reservarte un sitio con bastante tiempo de antelaci\u00f3n.<\/p>\t\t\t\t\t\t\t\t<\/div>\n\t\t\t\t<\/div>\n\t\t\t\t<div class=\"elementor-element elementor-element-363d7a6 elementor-widget elementor-widget-image\" data-id=\"363d7a6\" data-element_type=\"widget\" data-e-type=\"widget\" data-widget_type=\"image.default\">\n\t\t\t\t<div class=\"elementor-widget-container\">\n\t\t\t\t\t\t\t\t\t\t\t\t\t\t\t<img decoding=\"async\" width=\"1254\" height=\"627\" src=\"https:\/\/www.waourentals.com\/blog\/wp-content\/uploads\/2025\/12\/reyes-magos-madrid-2.jpg\" class=\"attachment-full size-full wp-image-2008\" alt=\"\" srcset=\"https:\/\/www.waourentals.com\/blog\/wp-content\/uploads\/2025\/12\/reyes-magos-madrid-2.jpg 1254w, https:\/\/www.waourentals.com\/blog\/wp-content\/uploads\/2025\/12\/reyes-magos-madrid-2-300x150.jpg 300w, https:\/\/www.waourentals.com\/blog\/wp-content\/uploads\/2025\/12\/reyes-magos-madrid-2-1024x512.jpg 1024w, https:\/\/www.waourentals.com\/blog\/wp-content\/uploads\/2025\/12\/reyes-magos-madrid-2-768x384.jpg 768w\" sizes=\"(max-width: 1254px) 100vw, 1254px\" \/>\t\t\t\t\t\t\t\t\t\t\t\t\t\t\t<\/div>\n\t\t\t\t<\/div>\n\t\t\t\t\t<\/div>\n\t\t<\/div>\n\t\t\t\t\t<\/div>\n\t\t<\/section>\n\t\t\t\t<section class=\"elementor-section elementor-top-section elementor-element elementor-element-c454329 elementor-section-boxed elementor-section-height-default elementor-section-height-default\" data-id=\"c454329\" data-element_type=\"section\" data-e-type=\"section\">\n\t\t\t\t\t\t<div class=\"elementor-container elementor-column-gap-default\">\n\t\t\t\t\t<div class=\"elementor-column elementor-col-100 elementor-top-column elementor-element elementor-element-658784d\" data-id=\"658784d\" data-element_type=\"column\" data-e-type=\"column\">\n\t\t\t<div class=\"elementor-widget-wrap elementor-element-populated\">\n\t\t\t\t\t\t<div class=\"elementor-element elementor-element-af97625 elementor-widget elementor-widget-heading\" data-id=\"af97625\" data-element_type=\"widget\" data-e-type=\"widget\" data-widget_type=\"heading.default\">\n\t\t\t\t<div class=\"elementor-widget-container\">\n\t\t\t\t\t<h2 class=\"elementor-heading-title elementor-size-default\">M\u00e1s Cabalgatas de Reyes en Madrid por los distritos <\/h2>\t\t\t\t<\/div>\n\t\t\t\t<\/div>\n\t\t\t\t<div class=\"elementor-element elementor-element-b46e967 elementor-widget elementor-widget-text-editor\" data-id=\"b46e967\" data-element_type=\"widget\" data-e-type=\"widget\" data-widget_type=\"text-editor.default\">\n\t\t\t\t<div class=\"elementor-widget-container\">\n\t\t\t\t\t\t\t\t\t<p style=\"font-weight: 400;\">Adem\u00e1s del gran desfile oficial que recorre el centro de la ciudad, Madrid celebra cada a\u00f1o <strong>numerosas Cabalgatas de Reyes en los distritos<\/strong>. Es una tradici\u00f3n muy arraigada y perfecta si vas buscando un ambiente m\u00e1s tranquilo y cercano.<\/p><p style=\"font-weight: 400;\">Estos recorridos, que suelen tener lugar <strong>los d\u00edas 4 y 5 de enero<\/strong>, llevan la magia directamente a los barrios y permiten que los m\u00e1s peque\u00f1os vean a Melchor, Gaspar y Baltasar mucho m\u00e1s de cerca.<\/p><p style=\"font-weight: 400;\">\u00bfCu\u00e1les son las Cabalgatas de Reyes Magos de Madrid preferidas sin contar la del centro? <strong>La m\u00e1s recomendable es la de Barajas, una cabalgata que avanza desde el Parque Juan Carlos I hasta la plaza principal del distrito, donde los Reyes reciben a los ni\u00f1os para la \u00faltima entrega de cartas.<\/strong><\/p><p style=\"font-weight: 400;\"><strong>Otras muy especiales son las de Usera, Tetu\u00e1n, Villaverde o Villa de Vallecas<\/strong>, que tambi\u00e9n celebran sus propios desfiles, cada uno con su estilo y personalidad. Si te apetece algo m\u00e1s multitudinario, las cabalgatas de <strong>La Latina o Ciudad Lineal<\/strong> tambi\u00e9n son una opci\u00f3n estupenda para vivir la tarde del 4 o 5 de enero con mucho ambiente.<\/p><p style=\"font-weight: 400;\"><strong>Puedes descargarte el programa de mano de las fiestas por <\/strong><a href=\"https:\/\/www.esmadrid.com\/sites\/default\/files\/programa_navidad_madrid_2025.pdf\"><strong>aqu\u00ed<\/strong><\/a><strong> y consultar todas las rutas, horarios y barrios con Cabalgata de Reyes Magos en Madrid.<\/strong> Adem\u00e1s, encontrar\u00e1s reunidos todos los espect\u00e1culos, actividades, talleres, la ruta de belenes y muchas m\u00e1s propuestas para disfrutar de estas fechas.<\/p>\t\t\t\t\t\t\t\t<\/div>\n\t\t\t\t<\/div>\n\t\t\t\t\t<\/div>\n\t\t<\/div>\n\t\t\t\t\t<\/div>\n\t\t<\/section>\n\t\t\t\t<section class=\"elementor-section elementor-top-section elementor-element elementor-element-4d71276 elementor-section-boxed elementor-section-height-default elementor-section-height-default\" data-id=\"4d71276\" data-element_type=\"section\" data-e-type=\"section\">\n\t\t\t\t\t\t<div class=\"elementor-container elementor-column-gap-default\">\n\t\t\t\t\t<div class=\"elementor-column elementor-col-100 elementor-top-column elementor-element elementor-element-780243d\" data-id=\"780243d\" data-element_type=\"column\" data-e-type=\"column\">\n\t\t\t<div class=\"elementor-widget-wrap elementor-element-populated\">\n\t\t\t\t\t\t<div class=\"elementor-element elementor-element-15d87f7 elementor-widget elementor-widget-heading\" data-id=\"15d87f7\" data-element_type=\"widget\" data-e-type=\"widget\" data-widget_type=\"heading.default\">\n\t\t\t\t<div class=\"elementor-widget-container\">\n\t\t\t\t\t<h2 class=\"elementor-heading-title elementor-size-default\">Consejos para vivir la Cabalgata de Reyes Magos en Madrid con ni\u00f1os <\/h2>\t\t\t\t<\/div>\n\t\t\t\t<\/div>\n\t\t\t\t<div class=\"elementor-element elementor-element-79744e1 elementor-widget elementor-widget-text-editor\" data-id=\"79744e1\" data-element_type=\"widget\" data-e-type=\"widget\" data-widget_type=\"text-editor.default\">\n\t\t\t\t<div class=\"elementor-widget-container\">\n\t\t\t\t\t\t\t\t\t<p style=\"font-weight: 400;\">El fr\u00edo de enero en Madrid se nota, as\u00ed que lo ideal es ir bien abrigados y llevar algo de comida o bebida caliente para la espera.<\/p><p style=\"font-weight: 400;\"><strong>A los peque\u00f1os suele entusiasmarles recoger caramelos, pero recu\u00e9rdales que deben quedarse detr\u00e1s de las vallas y no correr hacia las carrozas<\/strong>. Si son sensibles al ruido, unos cascos o tapones pueden venir de maravilla durante los tramos con m\u00fasica m\u00e1s intensa.<\/p><p style=\"font-weight: 400;\">Otro mel\u00f3n es <a href=\"https:\/\/www.waourentals.com\/blog\/moverse-por-madrid\/\">c\u00f3mo moverse por Madrid<\/a> y llegar a tiempo para la cabalgata. Y s\u00ed, <strong>el mejor modo de llegar es utilizando el transporte p\u00fablico<\/strong>. El metro funciona especialmente bien en este d\u00eda y evita los <a href=\"https:\/\/diario.madrid.es\/blog\/2025\/11\/21\/programa-actividades-navidad-2025-madrid-agenda-belenes-musica-cabalgata-cine-teatro-mucho-mas\/#9\">cortes de tr\u00e1fico<\/a> que afectan a gran parte del centro. Estaciones como Nuevos Ministerios, Rub\u00e9n Dar\u00edo, Col\u00f3n o Banco de Espa\u00f1a te permitir\u00e1n acceder a distintos puntos del recorrido sin complicarte demasiado. Moverse en coche no es recomendable, ya que hay desv\u00edos y restricciones por toda la ciudad.<\/p><p style=\"font-weight: 400;\">\u00a1Ah! Y si lo necesitas, en el tramo final del trayecto suele habilitarse una <strong>zona reservada para personas con movilidad reducida<\/strong>, con buena visibilidad y acceso controlado.<\/p>\t\t\t\t\t\t\t\t<\/div>\n\t\t\t\t<\/div>\n\t\t\t\t\t<\/div>\n\t\t<\/div>\n\t\t\t\t\t<\/div>\n\t\t<\/section>\n\t\t<div class=\"elementor-element elementor-element-0cae88c e-flex e-con-boxed e-con e-parent\" data-id=\"0cae88c\" data-element_type=\"container\" data-e-type=\"container\">\n\t\t\t\t\t<div class=\"e-con-inner\">\n\t\t\t\t<div class=\"elementor-element elementor-element-12e0f71 elementor-widget elementor-widget-video\" data-id=\"12e0f71\" data-element_type=\"widget\" data-e-type=\"widget\" data-settings=\"{&quot;youtube_url&quot;:&quot;https:\\\/\\\/www.youtube.com\\\/watch?v=DLyCo1LvVgk&quot;,&quot;video_type&quot;:&quot;youtube&quot;,&quot;controls&quot;:&quot;yes&quot;}\" data-widget_type=\"video.default\">\n\t\t\t\t<div class=\"elementor-widget-container\">\n\t\t\t\t\t\t\t<div class=\"elementor-wrapper elementor-open-inline\">\n\t\t\t<div class=\"elementor-video\"><\/div>\t\t<\/div>\n\t\t\t\t\t\t<\/div>\n\t\t\t\t<\/div>\n\t\t\t\t\t<\/div>\n\t\t\t\t<\/div>\n\t\t\t\t<section class=\"elementor-section elementor-top-section elementor-element elementor-element-cc7c5ff elementor-section-boxed elementor-section-height-default elementor-section-height-default\" data-id=\"cc7c5ff\" data-element_type=\"section\" data-e-type=\"section\">\n\t\t\t\t\t\t<div class=\"elementor-container elementor-column-gap-default\">\n\t\t\t\t\t<div class=\"elementor-column elementor-col-100 elementor-top-column elementor-element elementor-element-727fe68\" data-id=\"727fe68\" data-element_type=\"column\" data-e-type=\"column\">\n\t\t\t<div class=\"elementor-widget-wrap elementor-element-populated\">\n\t\t\t\t\t\t<div class=\"elementor-element elementor-element-9c267c0 elementor-widget elementor-widget-heading\" data-id=\"9c267c0\" data-element_type=\"widget\" data-e-type=\"widget\" data-widget_type=\"heading.default\">\n\t\t\t\t<div class=\"elementor-widget-container\">\n\t\t\t\t\t<h2 class=\"elementor-heading-title elementor-size-default\">Ven a vivir la Cabalgata de Reyes de Madrid 2026 en primera persona <\/h2>\t\t\t\t<\/div>\n\t\t\t\t<\/div>\n\t\t\t\t<div class=\"elementor-element elementor-element-84f8f68 elementor-widget elementor-widget-text-editor\" data-id=\"84f8f68\" data-element_type=\"widget\" data-e-type=\"widget\" data-widget_type=\"text-editor.default\">\n\t\t\t\t<div class=\"elementor-widget-container\">\n\t\t\t\t\t\t\t\t\t<p style=\"font-weight: 400;\">Si est\u00e1s en Madrid el 5 de enero, no deber\u00edas perderte la Cabalgata de Reyes de Madrid 2026. \u00a1Es el gran cierre de las fiestas!<\/p><p style=\"font-weight: 400;\">Adem\u00e1s, <strong>estas fechas est\u00e1n llenas de planes por toda la ciudad<\/strong>: luces, mercadillos, espect\u00e1culos, actividades al aire libre, pistas de hielo, conciertos y rutas navide\u00f1as por pr\u00e1cticamente cada barrio. <strong>Todo esto convierte enero en una excusa perfecta para hacerse una <\/strong><a href=\"https:\/\/www.waourentals.com\/blog\/escapada-madrid\/\"><strong>escapada a Madrid<\/strong><\/a><strong> y disfrutar de la ciudad en uno de sus momentos m\u00e1s especiales del a\u00f1o.<\/strong><\/p><p style=\"font-weight: 400;\">Y si te animas a venir, recuerda que en <a href=\"https:\/\/www.waourentals.com\/\">WAOU RENTALS<\/a> encontrar\u00e1s alojamientos ideales para vivir la experiencia con total comodidad. Pisos modernos, bien ubicados y perfectos para moverte por la ciudad antes y despu\u00e9s de la cabalgata.<\/p>\t\t\t\t\t\t\t\t<\/div>\n\t\t\t\t<\/div>\n\t\t\t\t\t<\/div>\n\t\t<\/div>\n\t\t\t\t\t<\/div>\n\t\t<\/section>\n\t\t\t\t<section class=\"elementor-section elementor-top-section elementor-element elementor-element-79688e66 elementor-section-boxed elementor-section-height-default elementor-section-height-default\" data-id=\"79688e66\" data-element_type=\"section\" data-e-type=\"section\">\n\t\t\t\t\t\t<div class=\"elementor-container elementor-column-gap-default\">\n\t\t\t\t\t<div class=\"elementor-column elementor-col-100 elementor-top-column elementor-element elementor-element-b34dab5\" data-id=\"b34dab5\" data-element_type=\"column\" data-e-type=\"column\">\n\t\t\t<div class=\"elementor-widget-wrap elementor-element-populated\">\n\t\t\t\t\t\t<div class=\"elementor-element elementor-element-3c5f4f35 elementor-widget elementor-widget-shortcode\" data-id=\"3c5f4f35\" data-element_type=\"widget\" data-e-type=\"widget\" data-widget_type=\"shortcode.default\">\n\t\t\t\t<div class=\"elementor-widget-container\">\n\t\t\t\t\t\t\t<div class=\"elementor-shortcode\">\t\t<div data-elementor-type=\"section\" data-elementor-id=\"416\" class=\"elementor elementor-416\" data-elementor-post-type=\"elementor_library\">\n\t\t\t\t\t<section class=\"elementor-section elementor-top-section elementor-element elementor-element-b3baa5d elementor-section-boxed elementor-section-height-default elementor-section-height-default\" data-id=\"b3baa5d\" data-element_type=\"section\" data-e-type=\"section\">\n\t\t\t\t\t\t<div class=\"elementor-container elementor-column-gap-default\">\n\t\t\t\t\t<div class=\"elementor-column elementor-col-100 elementor-top-column elementor-element elementor-element-25f96a3\" data-id=\"25f96a3\" data-element_type=\"column\" data-e-type=\"column\">\n\t\t\t<div class=\"elementor-widget-wrap elementor-element-populated\">\n\t\t\t\t\t\t<div class=\"elementor-element elementor-element-216acb8 elementor-widget elementor-widget-grid\" data-id=\"216acb8\" data-element_type=\"widget\" data-e-type=\"widget\" data-widget_type=\"grid.default\">\n\t\t\t\t<div class=\"elementor-widget-container\">\n\t\t\t\t\t\t\t<div class=\"its--row alojamientos-recomendados\">\n\n\t\t\t<div class=\"alojamientos-recomendados-container\">\n\n\t\t\t\t\t\n\t\t\t\t\t<a href=\"https:\/\/www.waourentals.com\/alquiler\/apartamento-madrid-waou-sol-i-alquiler-corta-duracion-260555.html\" rel=\"nofollow\" style=\"width: 23%;\">\n\t\t\t\t\t\t<div class=\"apartamento-box\">\n\t\t\t\t\t\t\t<div class=\"imagen_recomendados\">\n\t\t\t\t\t\t\t\t<img decoding=\"async\" src=\"https:\/\/crs.avantio.com\/fotos\/2\/1537869980ce0301b2c1244559fafab5ec3fcc5d42\/big1537869981d28e5196dd4f2243b69bd9a93dd934cd.jpg\" alt=\"Espectacular apartamento d\u00faplex a pasos de la Puerta del Sol, Madrid Centro\">\n\t\t\t\t\t\t\t<\/div>\n\t\t\t\t\t\t\t<div class=\"info\">\n\t\t\t\t\t\t\t\t<div class=\"ubicacion\">\n\t\t\t\t\t\t\t\t\t<i class=\"fa-solid fa-location-dot icono-mapa\"><\/i><span class=\"ubicacion-texto\">Madrid - Madrid provincia<\/span>\n\t\t\t\t\t\t\t\t<\/div>\n\t\t\t\t\t\t\t\t<H4 class=\"titulo-alojamiento\">\n\t\t\t\t\t\t\t\t\tEspectacular apartamento d\u00faplex a pasos de la Puerta del Sol, Madrid Centro\t\t\t\t\t\t\t\t<\/H4>\n\t\t\t\t\t\t\t\t<p class=\"precio-alojamiento\">Desde <span class=\"precio\">258.00\u20ac<\/span> por noche<\/p>\n\t\t\t\t\t\t\t<\/div>\n\t\t\t\t\t\t<\/div>\n\t\t\t\t\t<\/a> \n\t\t\t\t\t\t\n\t\t\t\t\t<a href=\"https:\/\/www.waourentals.com\/alquiler\/apartamento-madrid-waou-sol-iv-alquiler-corta-duracion-260564.html\" rel=\"nofollow\" style=\"width: 23%;\">\n\t\t\t\t\t\t<div class=\"apartamento-box\">\n\t\t\t\t\t\t\t<div class=\"imagen_recomendados\">\n\t\t\t\t\t\t\t\t<img decoding=\"async\" src=\"https:\/\/crs.avantio.com\/fotos\/2\/1537870560eed390b833c02a014b284c24b1c36dda\/big1537870562bc1b6149d255756b8bb55a3952a4c024.jpg\" alt=\"Impresionante apartamento zona Puerta del Sol, Madrid Centro\">\n\t\t\t\t\t\t\t<\/div>\n\t\t\t\t\t\t\t<div class=\"info\">\n\t\t\t\t\t\t\t\t<div class=\"ubicacion\">\n\t\t\t\t\t\t\t\t\t<i class=\"fa-solid fa-location-dot icono-mapa\"><\/i><span class=\"ubicacion-texto\">Madrid - Madrid provincia<\/span>\n\t\t\t\t\t\t\t\t<\/div>\n\t\t\t\t\t\t\t\t<H4 class=\"titulo-alojamiento\">\n\t\t\t\t\t\t\t\t\tImpresionante apartamento zona Puerta del Sol, Madrid Centro\t\t\t\t\t\t\t\t<\/H4>\n\t\t\t\t\t\t\t\t<p class=\"precio-alojamiento\">Desde <span class=\"precio\">250.00\u20ac<\/span> por noche<\/p>\n\t\t\t\t\t\t\t<\/div>\n\t\t\t\t\t\t<\/div>\n\t\t\t\t\t<\/a> \n\t\t\t\t\t\t\n\t\t\t\t\t<a href=\"https:\/\/www.waourentals.com\/alquiler\/apartamento-madrid-waou-plaza-de-espana-vi-alquiler-corta-duracion-260572.html\" rel=\"nofollow\" style=\"width: 23%;\">\n\t\t\t\t\t\t<div class=\"apartamento-box\">\n\t\t\t\t\t\t\t<div class=\"imagen_recomendados\">\n\t\t\t\t\t\t\t\t<img decoding=\"async\" src=\"https:\/\/crs.avantio.com\/fotos\/2\/1537877022b8f2eba982a245ad20b548494636b3cf\/big17744432988e65f1546c0c322220d5dc3c24db4364.jpg\" alt=\"Apartamento de dise\u00f1o al lado de Plaza Espa\u00f1a y Madrid R\u00edo, en Madrid Centro\">\n\t\t\t\t\t\t\t<\/div>\n\t\t\t\t\t\t\t<div class=\"info\">\n\t\t\t\t\t\t\t\t<div class=\"ubicacion\">\n\t\t\t\t\t\t\t\t\t<i class=\"fa-solid fa-location-dot icono-mapa\"><\/i><span class=\"ubicacion-texto\">Madrid - Madrid provincia<\/span>\n\t\t\t\t\t\t\t\t<\/div>\n\t\t\t\t\t\t\t\t<H4 class=\"titulo-alojamiento\">\n\t\t\t\t\t\t\t\t\tApartamento de dise\u00f1o al lado de Plaza Espa\u00f1a y Madrid R\u00edo, en Madrid Centro\t\t\t\t\t\t\t\t<\/H4>\n\t\t\t\t\t\t\t\t<p class=\"precio-alojamiento\">Desde <span class=\"precio\">88.00\u20ac<\/span> por noche<\/p>\n\t\t\t\t\t\t\t<\/div>\n\t\t\t\t\t\t<\/div>\n\t\t\t\t\t<\/a> \n\t\t\t\t\t\t\n\t\t\t\t\t<a href=\"https:\/\/www.waourentals.com\/alquiler\/apartamento-madrid-waou-plaza-de-espana-vii-alquiler-corta-duracion-260573.html\" rel=\"nofollow\" style=\"width: 23%;\">\n\t\t\t\t\t\t<div class=\"apartamento-box\">\n\t\t\t\t\t\t\t<div class=\"imagen_recomendados\">\n\t\t\t\t\t\t\t\t<img decoding=\"async\" src=\"https:\/\/crs.avantio.com\/fotos\/2\/1537877709263df3b37c40c25a28baa309738679ee\/big153787771192afaeae59f166999ee3c9345858bdae.jpg\" alt=\"Apartamento de dise\u00f1o al lado de Plaza Espa\u00f1a y Madrid R\u00edo, en Madrid Centro\">\n\t\t\t\t\t\t\t<\/div>\n\t\t\t\t\t\t\t<div class=\"info\">\n\t\t\t\t\t\t\t\t<div class=\"ubicacion\">\n\t\t\t\t\t\t\t\t\t<i class=\"fa-solid fa-location-dot icono-mapa\"><\/i><span class=\"ubicacion-texto\">Madrid - Madrid provincia<\/span>\n\t\t\t\t\t\t\t\t<\/div>\n\t\t\t\t\t\t\t\t<H4 class=\"titulo-alojamiento\">\n\t\t\t\t\t\t\t\t\tApartamento de dise\u00f1o al lado de Plaza Espa\u00f1a y Madrid R\u00edo, en Madrid Centro\t\t\t\t\t\t\t\t<\/H4>\n\t\t\t\t\t\t\t\t<p class=\"precio-alojamiento\">Desde <span class=\"precio\">90.00\u20ac<\/span> por noche<\/p>\n\t\t\t\t\t\t\t<\/div>\n\t\t\t\t\t\t<\/div>\n\t\t\t\t\t<\/a> \n\t\t\t\t\t\t\t\t<\/div>\n\t\t\t<\/div>\n\t\t\t\t\t\t<\/div>\n\t\t\t\t<\/div>\n\t\t\t\t\t<\/div>\n\t\t<\/div>\n\t\t\t\t\t<\/div>\n\t\t<\/section>\n\t\t\t\t<section class=\"elementor-section elementor-top-section elementor-element elementor-element-201ccc8f elementor-section-boxed elementor-section-height-default elementor-section-height-default\" data-id=\"201ccc8f\" data-element_type=\"section\" data-e-type=\"section\">\n\t\t\t\t\t\t<div class=\"elementor-container elementor-column-gap-default\">\n\t\t\t\t\t<div class=\"elementor-column elementor-col-25 elementor-top-column elementor-element elementor-element-2434faec elementor-hidden-tablet\" data-id=\"2434faec\" data-element_type=\"column\" data-e-type=\"column\">\n\t\t\t<div class=\"elementor-widget-wrap elementor-element-populated\">\n\t\t\t\t\t\t<div class=\"elementor-element elementor-element-5ff0d826 elementor-align-justify elementor-widget elementor-widget-button\" data-id=\"5ff0d826\" data-element_type=\"widget\" data-e-type=\"widget\" data-widget_type=\"button.default\">\n\t\t\t\t<div class=\"elementor-widget-container\">\n\t\t\t\t\t\t\t\t\t<div class=\"elementor-button-wrapper\">\n\t\t\t\t\t<a class=\"elementor-button elementor-button-link elementor-size-sm\" href=\"https:\/\/www.waourentals.com\/alojamiento-en-madrid\/\">\n\t\t\t\t\t\t<span class=\"elementor-button-content-wrapper\">\n\t\t\t\t\t\t\t\t\t<span class=\"elementor-button-text\">Alojamientos en Madrid<\/span>\n\t\t\t\t\t<\/span>\n\t\t\t\t\t<\/a>\n\t\t\t\t<\/div>\n\t\t\t\t\t\t\t\t<\/div>\n\t\t\t\t<\/div>\n\t\t\t\t\t<\/div>\n\t\t<\/div>\n\t\t\t\t<div class=\"elementor-column elementor-col-25 elementor-top-column elementor-element elementor-element-29a72e75\" data-id=\"29a72e75\" data-element_type=\"column\" data-e-type=\"column\">\n\t\t\t<div class=\"elementor-widget-wrap elementor-element-populated\">\n\t\t\t\t\t\t<div class=\"elementor-element elementor-element-1d5fb72f elementor-align-justify elementor-widget elementor-widget-button\" data-id=\"1d5fb72f\" data-element_type=\"widget\" data-e-type=\"widget\" data-widget_type=\"button.default\">\n\t\t\t\t<div class=\"elementor-widget-container\">\n\t\t\t\t\t\t\t\t\t<div class=\"elementor-button-wrapper\">\n\t\t\t\t\t<a class=\"elementor-button elementor-button-link elementor-size-sm\" href=\"https:\/\/www.waourentals.com\/apartamentos-en-madrid\/\">\n\t\t\t\t\t\t<span class=\"elementor-button-content-wrapper\">\n\t\t\t\t\t\t\t\t\t<span class=\"elementor-button-text\">Apartamentos en Madrid<\/span>\n\t\t\t\t\t<\/span>\n\t\t\t\t\t<\/a>\n\t\t\t\t<\/div>\n\t\t\t\t\t\t\t\t<\/div>\n\t\t\t\t<\/div>\n\t\t\t\t\t<\/div>\n\t\t<\/div>\n\t\t\t\t<div class=\"elementor-column elementor-col-25 elementor-top-column elementor-element elementor-element-477937e3\" data-id=\"477937e3\" data-element_type=\"column\" data-e-type=\"column\">\n\t\t\t<div class=\"elementor-widget-wrap elementor-element-populated\">\n\t\t\t\t\t\t<div class=\"elementor-element elementor-element-194a9d3d elementor-align-justify elementor-widget elementor-widget-button\" data-id=\"194a9d3d\" data-element_type=\"widget\" data-e-type=\"widget\" data-widget_type=\"button.default\">\n\t\t\t\t<div class=\"elementor-widget-container\">\n\t\t\t\t\t\t\t\t\t<div class=\"elementor-button-wrapper\">\n\t\t\t\t\t<a class=\"elementor-button elementor-button-link elementor-size-sm\" href=\"https:\/\/www.waourentals.com\/alquiler-de-habitacion-por-dias-madrid\/\">\n\t\t\t\t\t\t<span class=\"elementor-button-content-wrapper\">\n\t\t\t\t\t\t\t\t\t<span class=\"elementor-button-text\">Habitaciones en Madrid<\/span>\n\t\t\t\t\t<\/span>\n\t\t\t\t\t<\/a>\n\t\t\t\t<\/div>\n\t\t\t\t\t\t\t\t<\/div>\n\t\t\t\t<\/div>\n\t\t\t\t\t<\/div>\n\t\t<\/div>\n\t\t\t\t<div class=\"elementor-column elementor-col-25 elementor-top-column elementor-element elementor-element-7170120\" data-id=\"7170120\" data-element_type=\"column\" data-e-type=\"column\">\n\t\t\t<div class=\"elementor-widget-wrap elementor-element-populated\">\n\t\t\t\t\t\t<div class=\"elementor-element elementor-element-33375098 elementor-align-justify elementor-widget elementor-widget-button\" data-id=\"33375098\" data-element_type=\"widget\" data-e-type=\"widget\" data-widget_type=\"button.default\">\n\t\t\t\t<div class=\"elementor-widget-container\">\n\t\t\t\t\t\t\t\t\t<div class=\"elementor-button-wrapper\">\n\t\t\t\t\t<a class=\"elementor-button elementor-button-link elementor-size-sm\" href=\"https:\/\/www.waourentals.com\/alquiler-de-estudios-en-madrid\/\">\n\t\t\t\t\t\t<span class=\"elementor-button-content-wrapper\">\n\t\t\t\t\t\t\t\t\t<span class=\"elementor-button-text\">Estudios en Madrid<\/span>\n\t\t\t\t\t<\/span>\n\t\t\t\t\t<\/a>\n\t\t\t\t<\/div>\n\t\t\t\t\t\t\t\t<\/div>\n\t\t\t\t<\/div>\n\t\t\t\t\t<\/div>\n\t\t<\/div>\n\t\t\t\t\t<\/div>\n\t\t<\/section>\n\t\t\t\t<\/div>\n\t\t<\/div>\n\t\t\t\t\t\t<\/div>\n\t\t\t\t<\/div>\n\t\t\t\t\t<\/div>\n\t\t<\/div>\n\t\t\t\t\t<\/div>\n\t\t<\/section>\n\t\t\t\t<\/div>\n\t\t","protected":false},"excerpt":{"rendered":"<p>La Cabalgata de Reyes Madrid 2026 es uno de los momentos m\u00e1s esperados de las fiestas. Cada 5 de enero, la ciudad se llena de ilusi\u00f3n para recibir a Melchor, Gaspar y Baltasar con un desfile espectacular. Este a\u00f1o, la tem\u00e1tica rinde homenaje a los maestros: esas personas que nos acompa\u00f1an en la infancia, la [&hellip;]<\/p>\n","protected":false},"author":3,"featured_media":2010,"comment_status":"open","ping_status":"open","sticky":false,"template":"","format":"standard","meta":{"footnotes":""},"categories":[26],"tags":[39],"class_list":["post-1979","post","type-post","status-publish","format-standard","has-post-thumbnail","hentry","category-madrid","tag-no-template"],"yoast_head":"<!-- This site is optimized with the Yoast SEO plugin v27.5 - https:\/\/yoast.com\/product\/yoast-seo-wordpress\/ -->\n<title>Cabalgata de Reyes de Madrid 2026\u00a0 - Blog de waourentals<\/title>\n<meta name=\"description\" content=\"Descubre todo sobre la Cabalgata de Reyes Madrid 2026: recorrido, horarios, mejores lugares para verla y varios consejos para disfrutarla.\" \/>\n<meta name=\"robots\" content=\"index, follow, max-snippet:-1, max-image-preview:large, max-video-preview:-1\" \/>\n<link rel=\"canonical\" href=\"https:\/\/www.waourentals.com\/blog\/cabalgata-reyes-madrid\/\" \/>\n<meta property=\"og:locale\" content=\"es_ES\" \/>\n<meta property=\"og:type\" content=\"article\" \/>\n<meta property=\"og:title\" content=\"Cabalgata de Reyes de Madrid 2026\u00a0 - Blog de waourentals\" \/>\n<meta property=\"og:description\" content=\"Descubre todo sobre la Cabalgata de Reyes Madrid 2026: recorrido, horarios, mejores lugares para verla y varios consejos para disfrutarla.\" \/>\n<meta property=\"og:url\" content=\"https:\/\/www.waourentals.com\/blog\/cabalgata-reyes-madrid\/\" \/>\n<meta property=\"og:site_name\" content=\"Blog de waourentals\" \/>\n<meta property=\"article:published_time\" content=\"2025-12-16T08:51:52+00:00\" \/>\n<meta property=\"article:modified_time\" content=\"2026-04-24T09:28:19+00:00\" \/>\n<meta property=\"og:image\" content=\"https:\/\/www.waourentals.com\/blog\/wp-content\/uploads\/2025\/12\/Madrid-Navidad-Cabalgata-Reyes.jpg\" \/>\n\t<meta property=\"og:image:width\" content=\"2121\" \/>\n\t<meta property=\"og:image:height\" content=\"707\" \/>\n\t<meta property=\"og:image:type\" content=\"image\/jpeg\" \/>\n<meta name=\"author\" content=\"Laura\" \/>\n<meta name=\"twitter:card\" content=\"summary_large_image\" \/>\n<meta name=\"twitter:label1\" content=\"Written by\" \/>\n\t<meta name=\"twitter:data1\" content=\"Laura\" \/>\n\t<meta name=\"twitter:label2\" content=\"Est. reading time\" \/>\n\t<meta name=\"twitter:data2\" content=\"7 minutes\" \/>\n<script type=\"application\/ld+json\" class=\"yoast-schema-graph\">{\"@context\":\"https:\\\/\\\/schema.org\",\"@graph\":[{\"@type\":\"Article\",\"@id\":\"https:\\\/\\\/www.waourentals.com\\\/blog\\\/cabalgata-reyes-madrid\\\/#article\",\"isPartOf\":{\"@id\":\"https:\\\/\\\/www.waourentals.com\\\/blog\\\/cabalgata-reyes-madrid\\\/\"},\"author\":{\"name\":\"Laura\",\"@id\":\"https:\\\/\\\/www.waourentals.com\\\/blog\\\/#\\\/schema\\\/person\\\/5ed75b9d9dafc7ddc5521311552aa927\"},\"headline\":\"Cabalgata de Reyes de Madrid 2026\u00a0\",\"datePublished\":\"2025-12-16T08:51:52+00:00\",\"dateModified\":\"2026-04-24T09:28:19+00:00\",\"mainEntityOfPage\":{\"@id\":\"https:\\\/\\\/www.waourentals.com\\\/blog\\\/cabalgata-reyes-madrid\\\/\"},\"wordCount\":1204,\"commentCount\":0,\"publisher\":{\"@id\":\"https:\\\/\\\/www.waourentals.com\\\/blog\\\/#organization\"},\"image\":{\"@id\":\"https:\\\/\\\/www.waourentals.com\\\/blog\\\/cabalgata-reyes-madrid\\\/#primaryimage\"},\"thumbnailUrl\":\"https:\\\/\\\/www.waourentals.com\\\/blog\\\/wp-content\\\/uploads\\\/2025\\\/12\\\/Madrid-Navidad-Cabalgata-Reyes.jpg\",\"keywords\":[\"No template\"],\"articleSection\":[\"Madrid\"],\"inLanguage\":\"es\",\"potentialAction\":[{\"@type\":\"CommentAction\",\"name\":\"Comment\",\"target\":[\"https:\\\/\\\/www.waourentals.com\\\/blog\\\/cabalgata-reyes-madrid\\\/#respond\"]}]},{\"@type\":\"WebPage\",\"@id\":\"https:\\\/\\\/www.waourentals.com\\\/blog\\\/cabalgata-reyes-madrid\\\/\",\"url\":\"https:\\\/\\\/www.waourentals.com\\\/blog\\\/cabalgata-reyes-madrid\\\/\",\"name\":\"Cabalgata de Reyes de Madrid 2026\u00a0 - Blog de waourentals\",\"isPartOf\":{\"@id\":\"https:\\\/\\\/www.waourentals.com\\\/blog\\\/#website\"},\"primaryImageOfPage\":{\"@id\":\"https:\\\/\\\/www.waourentals.com\\\/blog\\\/cabalgata-reyes-madrid\\\/#primaryimage\"},\"image\":{\"@id\":\"https:\\\/\\\/www.waourentals.com\\\/blog\\\/cabalgata-reyes-madrid\\\/#primaryimage\"},\"thumbnailUrl\":\"https:\\\/\\\/www.waourentals.com\\\/blog\\\/wp-content\\\/uploads\\\/2025\\\/12\\\/Madrid-Navidad-Cabalgata-Reyes.jpg\",\"datePublished\":\"2025-12-16T08:51:52+00:00\",\"dateModified\":\"2026-04-24T09:28:19+00:00\",\"description\":\"Descubre todo sobre la Cabalgata de Reyes Madrid 2026: recorrido, horarios, mejores lugares para verla y varios consejos para disfrutarla.\",\"breadcrumb\":{\"@id\":\"https:\\\/\\\/www.waourentals.com\\\/blog\\\/cabalgata-reyes-madrid\\\/#breadcrumb\"},\"inLanguage\":\"es\",\"potentialAction\":[{\"@type\":\"ReadAction\",\"target\":[\"https:\\\/\\\/www.waourentals.com\\\/blog\\\/cabalgata-reyes-madrid\\\/\"]}]},{\"@type\":\"ImageObject\",\"inLanguage\":\"es\",\"@id\":\"https:\\\/\\\/www.waourentals.com\\\/blog\\\/cabalgata-reyes-madrid\\\/#primaryimage\",\"url\":\"https:\\\/\\\/www.waourentals.com\\\/blog\\\/wp-content\\\/uploads\\\/2025\\\/12\\\/Madrid-Navidad-Cabalgata-Reyes.jpg\",\"contentUrl\":\"https:\\\/\\\/www.waourentals.com\\\/blog\\\/wp-content\\\/uploads\\\/2025\\\/12\\\/Madrid-Navidad-Cabalgata-Reyes.jpg\",\"width\":2121,\"height\":707,\"caption\":\"Madrid, Spain - January 5, 2023: Part of Three Wise Men (or Three Kings) traditional parade, on the eve of the Epiphany celebration, in Madrid, Spain.\"},{\"@type\":\"BreadcrumbList\",\"@id\":\"https:\\\/\\\/www.waourentals.com\\\/blog\\\/cabalgata-reyes-madrid\\\/#breadcrumb\",\"itemListElement\":[{\"@type\":\"ListItem\",\"position\":1,\"name\":\"Portada\",\"item\":\"https:\\\/\\\/www.waourentals.com\\\/blog\\\/en\\\/\"},{\"@type\":\"ListItem\",\"position\":2,\"name\":\"Cabalgata de Reyes de Madrid 2026\u00a0\"}]},{\"@type\":\"WebSite\",\"@id\":\"https:\\\/\\\/www.waourentals.com\\\/blog\\\/#website\",\"url\":\"https:\\\/\\\/www.waourentals.com\\\/blog\\\/\",\"name\":\"Blog de waourentals\",\"description\":\"\",\"publisher\":{\"@id\":\"https:\\\/\\\/www.waourentals.com\\\/blog\\\/#organization\"},\"potentialAction\":[{\"@type\":\"SearchAction\",\"target\":{\"@type\":\"EntryPoint\",\"urlTemplate\":\"https:\\\/\\\/www.waourentals.com\\\/blog\\\/?s={search_term_string}\"},\"query-input\":{\"@type\":\"PropertyValueSpecification\",\"valueRequired\":true,\"valueName\":\"search_term_string\"}}],\"inLanguage\":\"es\"},{\"@type\":\"Organization\",\"@id\":\"https:\\\/\\\/www.waourentals.com\\\/blog\\\/#organization\",\"name\":\"Blog de waourentals\",\"url\":\"https:\\\/\\\/www.waourentals.com\\\/blog\\\/\",\"logo\":{\"@type\":\"ImageObject\",\"inLanguage\":\"es\",\"@id\":\"https:\\\/\\\/www.waourentals.com\\\/blog\\\/#\\\/schema\\\/logo\\\/image\\\/\",\"url\":\"https:\\\/\\\/www.waourentals.com\\\/blog\\\/wp-content\\\/uploads\\\/2024\\\/10\\\/BNB-LOGO-NEGRO-1.png\",\"contentUrl\":\"https:\\\/\\\/www.waourentals.com\\\/blog\\\/wp-content\\\/uploads\\\/2024\\\/10\\\/BNB-LOGO-NEGRO-1.png\",\"width\":1698,\"height\":787,\"caption\":\"Blog de waourentals\"},\"image\":{\"@id\":\"https:\\\/\\\/www.waourentals.com\\\/blog\\\/#\\\/schema\\\/logo\\\/image\\\/\"}},{\"@type\":\"Person\",\"@id\":\"https:\\\/\\\/www.waourentals.com\\\/blog\\\/#\\\/schema\\\/person\\\/5ed75b9d9dafc7ddc5521311552aa927\",\"name\":\"Laura\",\"image\":{\"@type\":\"ImageObject\",\"inLanguage\":\"es\",\"@id\":\"https:\\\/\\\/secure.gravatar.com\\\/avatar\\\/38b396224481eeb6edadb558d7e4a6d1ff1c8ba1e6abd3951e451527e107c96b?s=96&d=mm&r=g\",\"url\":\"https:\\\/\\\/secure.gravatar.com\\\/avatar\\\/38b396224481eeb6edadb558d7e4a6d1ff1c8ba1e6abd3951e451527e107c96b?s=96&d=mm&r=g\",\"contentUrl\":\"https:\\\/\\\/secure.gravatar.com\\\/avatar\\\/38b396224481eeb6edadb558d7e4a6d1ff1c8ba1e6abd3951e451527e107c96b?s=96&d=mm&r=g\",\"caption\":\"Laura\"},\"url\":\"https:\\\/\\\/www.waourentals.com\\\/blog\\\/author\\\/laura\\\/\"}]}<\/script>\n<!-- \/ Yoast SEO plugin. -->","yoast_head_json":{"title":"Cabalgata de Reyes de Madrid 2026\u00a0 - Blog de waourentals","description":"Descubre todo sobre la Cabalgata de Reyes Madrid 2026: recorrido, horarios, mejores lugares para verla y varios consejos para disfrutarla.","robots":{"index":"index","follow":"follow","max-snippet":"max-snippet:-1","max-image-preview":"max-image-preview:large","max-video-preview":"max-video-preview:-1"},"canonical":"https:\/\/www.waourentals.com\/blog\/cabalgata-reyes-madrid\/","og_locale":"es_ES","og_type":"article","og_title":"Cabalgata de Reyes de Madrid 2026\u00a0 - Blog de waourentals","og_description":"Descubre todo sobre la Cabalgata de Reyes Madrid 2026: recorrido, horarios, mejores lugares para verla y varios consejos para disfrutarla.","og_url":"https:\/\/www.waourentals.com\/blog\/cabalgata-reyes-madrid\/","og_site_name":"Blog de waourentals","article_published_time":"2025-12-16T08:51:52+00:00","article_modified_time":"2026-04-24T09:28:19+00:00","og_image":[{"width":2121,"height":707,"url":"https:\/\/www.waourentals.com\/blog\/wp-content\/uploads\/2025\/12\/Madrid-Navidad-Cabalgata-Reyes.jpg","type":"image\/jpeg"}],"author":"Laura","twitter_card":"summary_large_image","twitter_misc":{"Written by":"Laura","Est. reading time":"7 minutes"},"schema":{"@context":"https:\/\/schema.org","@graph":[{"@type":"Article","@id":"https:\/\/www.waourentals.com\/blog\/cabalgata-reyes-madrid\/#article","isPartOf":{"@id":"https:\/\/www.waourentals.com\/blog\/cabalgata-reyes-madrid\/"},"author":{"name":"Laura","@id":"https:\/\/www.waourentals.com\/blog\/#\/schema\/person\/5ed75b9d9dafc7ddc5521311552aa927"},"headline":"Cabalgata de Reyes de Madrid 2026\u00a0","datePublished":"2025-12-16T08:51:52+00:00","dateModified":"2026-04-24T09:28:19+00:00","mainEntityOfPage":{"@id":"https:\/\/www.waourentals.com\/blog\/cabalgata-reyes-madrid\/"},"wordCount":1204,"commentCount":0,"publisher":{"@id":"https:\/\/www.waourentals.com\/blog\/#organization"},"image":{"@id":"https:\/\/www.waourentals.com\/blog\/cabalgata-reyes-madrid\/#primaryimage"},"thumbnailUrl":"https:\/\/www.waourentals.com\/blog\/wp-content\/uploads\/2025\/12\/Madrid-Navidad-Cabalgata-Reyes.jpg","keywords":["No template"],"articleSection":["Madrid"],"inLanguage":"es","potentialAction":[{"@type":"CommentAction","name":"Comment","target":["https:\/\/www.waourentals.com\/blog\/cabalgata-reyes-madrid\/#respond"]}]},{"@type":"WebPage","@id":"https:\/\/www.waourentals.com\/blog\/cabalgata-reyes-madrid\/","url":"https:\/\/www.waourentals.com\/blog\/cabalgata-reyes-madrid\/","name":"Cabalgata de Reyes de Madrid 2026\u00a0 - Blog de waourentals","isPartOf":{"@id":"https:\/\/www.waourentals.com\/blog\/#website"},"primaryImageOfPage":{"@id":"https:\/\/www.waourentals.com\/blog\/cabalgata-reyes-madrid\/#primaryimage"},"image":{"@id":"https:\/\/www.waourentals.com\/blog\/cabalgata-reyes-madrid\/#primaryimage"},"thumbnailUrl":"https:\/\/www.waourentals.com\/blog\/wp-content\/uploads\/2025\/12\/Madrid-Navidad-Cabalgata-Reyes.jpg","datePublished":"2025-12-16T08:51:52+00:00","dateModified":"2026-04-24T09:28:19+00:00","description":"Descubre todo sobre la Cabalgata de Reyes Madrid 2026: recorrido, horarios, mejores lugares para verla y varios consejos para disfrutarla.","breadcrumb":{"@id":"https:\/\/www.waourentals.com\/blog\/cabalgata-reyes-madrid\/#breadcrumb"},"inLanguage":"es","potentialAction":[{"@type":"ReadAction","target":["https:\/\/www.waourentals.com\/blog\/cabalgata-reyes-madrid\/"]}]},{"@type":"ImageObject","inLanguage":"es","@id":"https:\/\/www.waourentals.com\/blog\/cabalgata-reyes-madrid\/#primaryimage","url":"https:\/\/www.waourentals.com\/blog\/wp-content\/uploads\/2025\/12\/Madrid-Navidad-Cabalgata-Reyes.jpg","contentUrl":"https:\/\/www.waourentals.com\/blog\/wp-content\/uploads\/2025\/12\/Madrid-Navidad-Cabalgata-Reyes.jpg","width":2121,"height":707,"caption":"Madrid, Spain - January 5, 2023: Part of Three Wise Men (or Three Kings) traditional parade, on the eve of the Epiphany celebration, in Madrid, Spain."},{"@type":"BreadcrumbList","@id":"https:\/\/www.waourentals.com\/blog\/cabalgata-reyes-madrid\/#breadcrumb","itemListElement":[{"@type":"ListItem","position":1,"name":"Portada","item":"https:\/\/www.waourentals.com\/blog\/en\/"},{"@type":"ListItem","position":2,"name":"Cabalgata de Reyes de Madrid 2026\u00a0"}]},{"@type":"WebSite","@id":"https:\/\/www.waourentals.com\/blog\/#website","url":"https:\/\/www.waourentals.com\/blog\/","name":"Blog de waourentals","description":"","publisher":{"@id":"https:\/\/www.waourentals.com\/blog\/#organization"},"potentialAction":[{"@type":"SearchAction","target":{"@type":"EntryPoint","urlTemplate":"https:\/\/www.waourentals.com\/blog\/?s={search_term_string}"},"query-input":{"@type":"PropertyValueSpecification","valueRequired":true,"valueName":"search_term_string"}}],"inLanguage":"es"},{"@type":"Organization","@id":"https:\/\/www.waourentals.com\/blog\/#organization","name":"Blog de waourentals","url":"https:\/\/www.waourentals.com\/blog\/","logo":{"@type":"ImageObject","inLanguage":"es","@id":"https:\/\/www.waourentals.com\/blog\/#\/schema\/logo\/image\/","url":"https:\/\/www.waourentals.com\/blog\/wp-content\/uploads\/2024\/10\/BNB-LOGO-NEGRO-1.png","contentUrl":"https:\/\/www.waourentals.com\/blog\/wp-content\/uploads\/2024\/10\/BNB-LOGO-NEGRO-1.png","width":1698,"height":787,"caption":"Blog de waourentals"},"image":{"@id":"https:\/\/www.waourentals.com\/blog\/#\/schema\/logo\/image\/"}},{"@type":"Person","@id":"https:\/\/www.waourentals.com\/blog\/#\/schema\/person\/5ed75b9d9dafc7ddc5521311552aa927","name":"Laura","image":{"@type":"ImageObject","inLanguage":"es","@id":"https:\/\/secure.gravatar.com\/avatar\/38b396224481eeb6edadb558d7e4a6d1ff1c8ba1e6abd3951e451527e107c96b?s=96&d=mm&r=g","url":"https:\/\/secure.gravatar.com\/avatar\/38b396224481eeb6edadb558d7e4a6d1ff1c8ba1e6abd3951e451527e107c96b?s=96&d=mm&r=g","contentUrl":"https:\/\/secure.gravatar.com\/avatar\/38b396224481eeb6edadb558d7e4a6d1ff1c8ba1e6abd3951e451527e107c96b?s=96&d=mm&r=g","caption":"Laura"},"url":"https:\/\/www.waourentals.com\/blog\/author\/laura\/"}]}},"_links":{"self":[{"href":"https:\/\/www.waourentals.com\/blog\/wp-json\/wp\/v2\/posts\/1979","targetHints":{"allow":["GET"]}}],"collection":[{"href":"https:\/\/www.waourentals.com\/blog\/wp-json\/wp\/v2\/posts"}],"about":[{"href":"https:\/\/www.waourentals.com\/blog\/wp-json\/wp\/v2\/types\/post"}],"author":[{"embeddable":true,"href":"https:\/\/www.waourentals.com\/blog\/wp-json\/wp\/v2\/users\/3"}],"replies":[{"embeddable":true,"href":"https:\/\/www.waourentals.com\/blog\/wp-json\/wp\/v2\/comments?post=1979"}],"version-history":[{"count":10,"href":"https:\/\/www.waourentals.com\/blog\/wp-json\/wp\/v2\/posts\/1979\/revisions"}],"predecessor-version":[{"id":2017,"href":"https:\/\/www.waourentals.com\/blog\/wp-json\/wp\/v2\/posts\/1979\/revisions\/2017"}],"wp:featuredmedia":[{"embeddable":true,"href":"https:\/\/www.waourentals.com\/blog\/wp-json\/wp\/v2\/media\/2010"}],"wp:attachment":[{"href":"https:\/\/www.waourentals.com\/blog\/wp-json\/wp\/v2\/media?parent=1979"}],"wp:term":[{"taxonomy":"category","embeddable":true,"href":"https:\/\/www.waourentals.com\/blog\/wp-json\/wp\/v2\/categories?post=1979"},{"taxonomy":"post_tag","embeddable":true,"href":"https:\/\/www.waourentals.com\/blog\/wp-json\/wp\/v2\/tags?post=1979"}],"curies":[{"name":"wp","href":"https:\/\/api.w.org\/{rel}","templated":true}]}}