{"id":1868,"date":"2025-10-16T14:13:54","date_gmt":"2025-10-16T14:13:54","guid":{"rendered":"https:\/\/www.waourentals.com\/blog\/?p=1868"},"modified":"2026-04-24T09:28:23","modified_gmt":"2026-04-24T09:28:23","slug":"madrid-de-los-austrias","status":"publish","type":"post","link":"https:\/\/www.waourentals.com\/blog\/madrid-de-los-austrias\/","title":{"rendered":"Date un paseo por el Madrid de los Austrias\u00a0"},"content":{"rendered":"\t\t<div data-elementor-type=\"wp-post\" data-elementor-id=\"1868\" class=\"elementor elementor-1868\" data-elementor-post-type=\"post\">\n\t\t\t\t\t\t<section class=\"elementor-section elementor-top-section elementor-element elementor-element-212a8547 elementor-section-boxed elementor-section-height-default elementor-section-height-default\" data-id=\"212a8547\" data-element_type=\"section\" data-e-type=\"section\">\n\t\t\t\t\t\t<div class=\"elementor-container elementor-column-gap-default\">\n\t\t\t\t\t<div class=\"elementor-column elementor-col-100 elementor-top-column elementor-element elementor-element-3c527293\" data-id=\"3c527293\" data-element_type=\"column\" data-e-type=\"column\">\n\t\t\t<div class=\"elementor-widget-wrap elementor-element-populated\">\n\t\t\t\t\t\t<div class=\"elementor-element elementor-element-243a9295 elementor-widget elementor-widget-text-editor\" data-id=\"243a9295\" data-element_type=\"widget\" data-e-type=\"widget\" data-widget_type=\"text-editor.default\">\n\t\t\t\t<div class=\"elementor-widget-container\">\n\t\t\t\t\t\t\t\t\t<p style=\"font-weight: 400;\">La capital de Espa\u00f1a sabe mirar al futuro sin olvidar de d\u00f3nde viene, y el\u00a0Madrid de los Austrias\u00a0es el mejor ejemplo. Este barrio, que naci\u00f3 al calor de la corte de los Habsburgo, conserva esa esencia para <strong>mostrarte c\u00f3mo era Madrid y en los siglos XVI y XVII<\/strong><strong>. <\/strong>Durante esta dinast\u00eda se atrajo a arquitectos, comerciantes, artistas y religiosos que levantaron iglesias, plazas y palacetes que a\u00fan siguen en pie. Y t\u00fa puedes recorrerlos en un par de horas.<\/p><p style=\"font-weight: 400;\">\u00bfTe vienes a observar los detalles arquitect\u00f3nicos y a dejarte seducir por la historia, el arte, la arquitectura y la gastronom\u00eda del Madrid de los Austrias?<\/p>\t\t\t\t\t\t\t\t<\/div>\n\t\t\t\t<\/div>\n\t\t\t\t\t<\/div>\n\t\t<\/div>\n\t\t\t\t\t<\/div>\n\t\t<\/section>\n\t\t\t\t<section class=\"elementor-section elementor-top-section elementor-element elementor-element-169df5de elementor-section-boxed elementor-section-height-default elementor-section-height-default\" data-id=\"169df5de\" data-element_type=\"section\" data-e-type=\"section\">\n\t\t\t\t\t\t<div class=\"elementor-container elementor-column-gap-default\">\n\t\t\t\t\t<div class=\"elementor-column elementor-col-100 elementor-top-column elementor-element elementor-element-c3a093e\" data-id=\"c3a093e\" data-element_type=\"column\" data-e-type=\"column\">\n\t\t\t<div class=\"elementor-widget-wrap elementor-element-populated\">\n\t\t\t\t\t\t<div class=\"elementor-element elementor-element-70f00941 elementor-widget elementor-widget-table-of-contents\" data-id=\"70f00941\" data-element_type=\"widget\" data-e-type=\"widget\" data-settings=\"{&quot;headings_by_tags&quot;:[&quot;h2&quot;],&quot;exclude_headings_by_selector&quot;:[],&quot;marker_view&quot;:&quot;bullets&quot;,&quot;icon&quot;:{&quot;value&quot;:&quot;&quot;,&quot;library&quot;:&quot;&quot;},&quot;no_headings_message&quot;:&quot;No headings were found on this page.&quot;,&quot;hierarchical_view&quot;:&quot;yes&quot;,&quot;min_height&quot;:{&quot;unit&quot;:&quot;px&quot;,&quot;size&quot;:&quot;&quot;,&quot;sizes&quot;:[]},&quot;min_height_tablet&quot;:{&quot;unit&quot;:&quot;px&quot;,&quot;size&quot;:&quot;&quot;,&quot;sizes&quot;:[]},&quot;min_height_mobile&quot;:{&quot;unit&quot;:&quot;px&quot;,&quot;size&quot;:&quot;&quot;,&quot;sizes&quot;:[]}}\" data-widget_type=\"table-of-contents.default\">\n\t\t\t\t<div class=\"elementor-widget-container\">\n\t\t\t\t\t\t\t\t\t<div class=\"elementor-toc__header\">\n\t\t\t\t\t\t<div class=\"elementor-toc__header-title\">\n\t\t\t\t\u00cdndice\t\t\t<\/div>\n\t\t\t\t\t\t\t\t<\/div>\n\t\t\t\t<div id=\"elementor-toc__70f00941\" class=\"elementor-toc__body\">\n\t\t\t<div class=\"elementor-toc__spinner-container\">\n\t\t\t\t<i class=\"elementor-toc__spinner eicon-animation-spin eicon-loading\" aria-hidden=\"true\"><\/i>\t\t\t<\/div>\n\t\t<\/div>\n\t\t\t\t\t\t<\/div>\n\t\t\t\t<\/div>\n\t\t\t\t\t<\/div>\n\t\t<\/div>\n\t\t\t\t\t<\/div>\n\t\t<\/section>\n\t\t\t\t<section class=\"elementor-section elementor-top-section elementor-element elementor-element-298a005f elementor-section-boxed elementor-section-height-default elementor-section-height-default\" data-id=\"298a005f\" data-element_type=\"section\" data-e-type=\"section\">\n\t\t\t\t\t\t<div class=\"elementor-container elementor-column-gap-default\">\n\t\t\t\t\t<div class=\"elementor-column elementor-col-100 elementor-top-column elementor-element elementor-element-64a0e45e\" data-id=\"64a0e45e\" data-element_type=\"column\" data-e-type=\"column\">\n\t\t\t<div class=\"elementor-widget-wrap elementor-element-populated\">\n\t\t\t\t\t\t<div class=\"elementor-element elementor-element-61295553 elementor-widget elementor-widget-heading\" data-id=\"61295553\" data-element_type=\"widget\" data-e-type=\"widget\" data-widget_type=\"heading.default\">\n\t\t\t\t<div class=\"elementor-widget-container\">\n\t\t\t\t\t<h2 class=\"elementor-heading-title elementor-size-default\">Historia y arquitectura de Madrid de los Austrias <\/h2>\t\t\t\t<\/div>\n\t\t\t\t<\/div>\n\t\t\t\t<div class=\"elementor-element elementor-element-443d6ac1 elementor-widget elementor-widget-text-editor\" data-id=\"443d6ac1\" data-element_type=\"widget\" data-e-type=\"widget\" data-widget_type=\"text-editor.default\">\n\t\t\t\t<div class=\"elementor-widget-container\">\n\t\t\t\t\t\t\t\t\t<p style=\"font-weight: 400;\">Todo empez\u00f3 en 1561, cuando\u00a0Felipe II\u00a0decidi\u00f3 trasladar la corte a Madrid. Aquello cambi\u00f3 para siempre el destino de la ciudad<strong>. De repente, lo que era una villa castellana se convirti\u00f3 en el centro del imperio. <\/strong>Y claro, hac\u00eda falta levantar edificios a la altura del nuevo t\u00edtulo. As\u00ed surgieron iglesias, conventos, plazas y palacios que hoy dan forma al barrio que conocemos como el Madrid de los Austrias.<\/p><p style=\"font-weight: 400;\"><strong>El estilo es reconocible a la primera: sobrio, con ladrillo visto, tejados de pizarra y torres con chapiteles puntiagudos.<\/strong> Esto vas a poder verlo en grandes puntos de inter\u00e9s como la\u00a0Plaza Mayor o en el\u00a0Palacio de Santa Cruz.<\/p><p style=\"font-weight: 400;\">Y si te gusta la arquitectura religiosa, aqu\u00ed tambi\u00e9n te vas a poner las botas con el\u00a0Monasterio de las Descalzas Reales, el\u00a0Monasterio de la Encarnaci\u00f3n\u00a0o la\u00a0Iglesia de San Nicol\u00e1s; aut\u00e9nticas joyas de esta \u00e9poca.<\/p>\t\t\t\t\t\t\t\t<\/div>\n\t\t\t\t<\/div>\n\t\t\t\t\t<\/div>\n\t\t<\/div>\n\t\t\t\t\t<\/div>\n\t\t<\/section>\n\t\t<div class=\"elementor-element elementor-element-914a98c e-flex e-con-boxed e-con e-parent\" data-id=\"914a98c\" data-element_type=\"container\" data-e-type=\"container\">\n\t\t\t\t\t<div class=\"e-con-inner\">\n\t\t\t\t<div class=\"elementor-element elementor-element-3d704db elementor-widget elementor-widget-html\" data-id=\"3d704db\" data-element_type=\"widget\" data-e-type=\"widget\" data-widget_type=\"html.default\">\n\t\t\t\t<div class=\"elementor-widget-container\">\n\t\t\t\t\t<iframe src=\"https:\/\/www.google.com\/maps\/d\/u\/0\/embed?mid=1SDHOClVrHgZJLauoEWlI6hfgVhuLTsg&ehbc=2E312F&noprof=1\" width=\"640\" height=\"480\"><\/iframe>\t\t\t\t<\/div>\n\t\t\t\t<\/div>\n\t\t\t\t\t<\/div>\n\t\t\t\t<\/div>\n\t\t\t\t<section class=\"elementor-section elementor-top-section elementor-element elementor-element-9f4a9ee elementor-section-boxed elementor-section-height-default elementor-section-height-default\" data-id=\"9f4a9ee\" data-element_type=\"section\" data-e-type=\"section\">\n\t\t\t\t\t\t<div class=\"elementor-container elementor-column-gap-default\">\n\t\t\t\t\t<div class=\"elementor-column elementor-col-100 elementor-top-column elementor-element elementor-element-1d23c6e\" data-id=\"1d23c6e\" data-element_type=\"column\" data-e-type=\"column\">\n\t\t\t<div class=\"elementor-widget-wrap elementor-element-populated\">\n\t\t\t\t\t\t<div class=\"elementor-element elementor-element-564f683 elementor-widget elementor-widget-heading\" data-id=\"564f683\" data-element_type=\"widget\" data-e-type=\"widget\" data-widget_type=\"heading.default\">\n\t\t\t\t<div class=\"elementor-widget-container\">\n\t\t\t\t\t<h2 class=\"elementor-heading-title elementor-size-default\">Zonas y calles principales de Madrid de los Austrias <\/h2>\t\t\t\t<\/div>\n\t\t\t\t<\/div>\n\t\t\t\t<div class=\"elementor-element elementor-element-ad1ca13 elementor-widget elementor-widget-text-editor\" data-id=\"ad1ca13\" data-element_type=\"widget\" data-e-type=\"widget\" data-widget_type=\"text-editor.default\">\n\t\t\t\t<div class=\"elementor-widget-container\">\n\t\t\t\t\t\t\t\t\t<p style=\"font-weight: 400;\">El recorrido cl\u00e1sico empieza en la\u00a0<strong>Plaza Mayor<\/strong>, el coraz\u00f3n del barrio. Es imposible no quedarse embobado mirando sus fachadas rojizas, los balcones, las arcadas y, de paso, disfrutar de su ambiente. <strong>\u00a1Aqu\u00ed siempre hay algo! M\u00fasicos tocando, mercadillos o una mesa libre en una terraza para tomar algo.<\/strong> Es el sitio perfecto para comerte un bocadillo de calamares y sentarte a ver c\u00f3mo es la vida en Madrid.<\/p><p style=\"font-weight: 400;\">Desde aqu\u00ed puedes seguir hacia la\u00a0<strong>Calle Mayor<\/strong>\u00a0\u2014est\u00e1 llena de tiendas\u2014 y continuar hasta la\u00a0Plaza de la Villa, donde todav\u00eda se respira ese Madrid de los Austrias del que estamos hablando. <strong>Las casas de los Lujanes, de Cisneros y de la Villa<\/strong>, con sus torres y escudos, son las que le dan a la estampa ese aire medieval.<\/p><p style=\"font-weight: 400;\"><strong>Si sigues caminando llegar\u00e1s a la\u00a0Plaza de Oriente, y aqu\u00ed\u2026 \u00a1hay para elegir! Tienes el imponente\u00a0Palacio Real\u00a0a un lado y la\u00a0Catedral de la Almudena\u00a0al otro.<\/strong> Las vistas son espectaculares, sobre todo al atardecer. Y justo detr\u00e1s te espera el\u00a0Teatro Real \u2014otro icono de la ciudad\u2014 y el\u00a0Templo de Debod, donde ver la puesta de sol es todo un espect\u00e1culo.<\/p><p style=\"font-weight: 400;\">Los l\u00edmites hist\u00f3ricos del barrio Madrid de los Austrias tambi\u00e9n engloba zonas como\u00a0La Latina,\u00a0\u00d3pera\u00a0y\u00a0Las Vistillas, donde vas a encontrar mercados tradicionales, miradores y terrazas.<\/p>\t\t\t\t\t\t\t\t<\/div>\n\t\t\t\t<\/div>\n\t\t\t\t<div class=\"elementor-element elementor-element-f00448e elementor-widget elementor-widget-image\" data-id=\"f00448e\" data-element_type=\"widget\" data-e-type=\"widget\" data-widget_type=\"image.default\">\n\t\t\t\t<div class=\"elementor-widget-container\">\n\t\t\t\t\t\t\t\t\t\t\t\t<figure class=\"wp-caption\">\n\t\t\t\t\t\t\t\t\t\t<img fetchpriority=\"high\" decoding=\"async\" width=\"1257\" height=\"628\" src=\"https:\/\/www.waourentals.com\/blog\/wp-content\/uploads\/2025\/10\/Opera-madrid-de-los-austrias.jpg\" class=\"attachment-full size-full wp-image-1910\" alt=\"\" srcset=\"https:\/\/www.waourentals.com\/blog\/wp-content\/uploads\/2025\/10\/Opera-madrid-de-los-austrias.jpg 1257w, https:\/\/www.waourentals.com\/blog\/wp-content\/uploads\/2025\/10\/Opera-madrid-de-los-austrias-300x150.jpg 300w, https:\/\/www.waourentals.com\/blog\/wp-content\/uploads\/2025\/10\/Opera-madrid-de-los-austrias-1024x512.jpg 1024w, https:\/\/www.waourentals.com\/blog\/wp-content\/uploads\/2025\/10\/Opera-madrid-de-los-austrias-768x384.jpg 768w\" sizes=\"(max-width: 1257px) 100vw, 1257px\" \/>\t\t\t\t\t\t\t\t\t\t\t<figcaption class=\"widget-image-caption wp-caption-text\">\u00d3pera<\/figcaption>\n\t\t\t\t\t\t\t\t\t\t<\/figure>\n\t\t\t\t\t\t\t\t\t<\/div>\n\t\t\t\t<\/div>\n\t\t\t\t\t<\/div>\n\t\t<\/div>\n\t\t\t\t\t<\/div>\n\t\t<\/section>\n\t\t\t\t<section class=\"elementor-section elementor-top-section elementor-element elementor-element-e59df2f elementor-section-boxed elementor-section-height-default elementor-section-height-default\" data-id=\"e59df2f\" data-element_type=\"section\" data-e-type=\"section\">\n\t\t\t\t\t\t<div class=\"elementor-container elementor-column-gap-default\">\n\t\t\t\t\t<div class=\"elementor-column elementor-col-100 elementor-top-column elementor-element elementor-element-63dc33a\" data-id=\"63dc33a\" data-element_type=\"column\" data-e-type=\"column\">\n\t\t\t<div class=\"elementor-widget-wrap elementor-element-populated\">\n\t\t\t\t\t\t<div class=\"elementor-element elementor-element-005aa18 elementor-widget elementor-widget-heading\" data-id=\"005aa18\" data-element_type=\"widget\" data-e-type=\"widget\" data-widget_type=\"heading.default\">\n\t\t\t\t<div class=\"elementor-widget-container\">\n\t\t\t\t\t<h2 class=\"elementor-heading-title elementor-size-default\">Tours y visitas guiadas <\/h2>\t\t\t\t<\/div>\n\t\t\t\t<\/div>\n\t\t\t\t<div class=\"elementor-element elementor-element-70a7a4e elementor-widget elementor-widget-text-editor\" data-id=\"70a7a4e\" data-element_type=\"widget\" data-e-type=\"widget\" data-widget_type=\"text-editor.default\">\n\t\t\t\t<div class=\"elementor-widget-container\">\n\t\t\t\t\t\t\t\t\t<p style=\"font-weight: 400;\">Una de las mejores formas de conocer la zona es apuntarte a un\u00a0<em>free tour<\/em> del Madrid de los Austrias. <strong>Hay muchos diferentes y la mayor\u00eda salen desde la Puerta del Sol<\/strong>. En dos horas te van a contar an\u00e9cdotas, a ense\u00f1arte rincones secretos y a ayudarte a entender c\u00f3mo fue creciendo la ciudad. Adem\u00e1s, puedes pagar lo que quieras al final \u2014seg\u00fan lo que te haya gustado\u2014, as\u00ed que es un planazo con todas las letras.<\/p><p style=\"font-weight: 400;\">Si prefieres algo m\u00e1s tranquilo, tambi\u00e9n hay\u00a0visitas privadas,\u00a0tours nocturnos\u00a0y\u00a0recorridos en <em>segway<\/em>. Y si eres de los que disfrutan explorando por libre, solo necesitas un mapa y ganas de caminar. <strong>Por aqu\u00ed te dejamos una <\/strong><strong><a href=\"https:\/\/www.madrid.es\/portales\/munimadrid\/es\/Inicio\/Educacion-y-empleo\/Biblioteca-digital-Madrid-un-libro-abierto\/?vgnextfmt=default&amp;vgnextoid=339d3aedecf79410VgnVCM2000000c205a0aRCRD&amp;vgnextchannel=4d9d31d3b28fe410VgnVCM1000000b205a0aRCRD&amp;idCapitulo=7712285\">gu\u00eda completa<\/a><\/strong><strong> para que crees tu propio itinerario y recorras el Madrid de los Austrias con toda la informaci\u00f3n hist\u00f3rica, curiosidades y leyendas a golpe de <em>clic<\/em>.<\/strong><\/p>\t\t\t\t\t\t\t\t<\/div>\n\t\t\t\t<\/div>\n\t\t\t\t<div class=\"elementor-element elementor-element-2d4d345 elementor-widget elementor-widget-image\" data-id=\"2d4d345\" data-element_type=\"widget\" data-e-type=\"widget\" data-widget_type=\"image.default\">\n\t\t\t\t<div class=\"elementor-widget-container\">\n\t\t\t\t\t\t\t\t\t\t\t\t<figure class=\"wp-caption\">\n\t\t\t\t\t\t\t\t\t\t<img decoding=\"async\" width=\"1258\" height=\"629\" src=\"https:\/\/www.waourentals.com\/blog\/wp-content\/uploads\/2025\/10\/Palacio-real-almudena-madrid-de-los-austrias.jpg\" class=\"attachment-full size-full wp-image-1906\" alt=\"\" srcset=\"https:\/\/www.waourentals.com\/blog\/wp-content\/uploads\/2025\/10\/Palacio-real-almudena-madrid-de-los-austrias.jpg 1258w, https:\/\/www.waourentals.com\/blog\/wp-content\/uploads\/2025\/10\/Palacio-real-almudena-madrid-de-los-austrias-300x150.jpg 300w, https:\/\/www.waourentals.com\/blog\/wp-content\/uploads\/2025\/10\/Palacio-real-almudena-madrid-de-los-austrias-1024x512.jpg 1024w, https:\/\/www.waourentals.com\/blog\/wp-content\/uploads\/2025\/10\/Palacio-real-almudena-madrid-de-los-austrias-768x384.jpg 768w\" sizes=\"(max-width: 1258px) 100vw, 1258px\" \/>\t\t\t\t\t\t\t\t\t\t\t<figcaption class=\"widget-image-caption wp-caption-text\">Palacio Real y Catedral de la Almudena<\/figcaption>\n\t\t\t\t\t\t\t\t\t\t<\/figure>\n\t\t\t\t\t\t\t\t\t<\/div>\n\t\t\t\t<\/div>\n\t\t\t\t\t<\/div>\n\t\t<\/div>\n\t\t\t\t\t<\/div>\n\t\t<\/section>\n\t\t\t\t<section class=\"elementor-section elementor-top-section elementor-element elementor-element-e975a9e elementor-section-boxed elementor-section-height-default elementor-section-height-default\" data-id=\"e975a9e\" data-element_type=\"section\" data-e-type=\"section\">\n\t\t\t\t\t\t<div class=\"elementor-container elementor-column-gap-default\">\n\t\t\t\t\t<div class=\"elementor-column elementor-col-100 elementor-top-column elementor-element elementor-element-e8262fc\" data-id=\"e8262fc\" data-element_type=\"column\" data-e-type=\"column\">\n\t\t\t<div class=\"elementor-widget-wrap elementor-element-populated\">\n\t\t\t\t\t\t<div class=\"elementor-element elementor-element-085a817 elementor-widget elementor-widget-heading\" data-id=\"085a817\" data-element_type=\"widget\" data-e-type=\"widget\" data-widget_type=\"heading.default\">\n\t\t\t\t<div class=\"elementor-widget-container\">\n\t\t\t\t\t<h2 class=\"elementor-heading-title elementor-size-default\">Restaurantes y cafeter\u00edas en las que hacer una parada <\/h2>\t\t\t\t<\/div>\n\t\t\t\t<\/div>\n\t\t\t\t<div class=\"elementor-element elementor-element-3c9264f elementor-widget elementor-widget-text-editor\" data-id=\"3c9264f\" data-element_type=\"widget\" data-e-type=\"widget\" data-widget_type=\"text-editor.default\">\n\t\t\t\t<div class=\"elementor-widget-container\">\n\t\t\t\t\t\t\t\t\t<p style=\"font-weight: 400;\">En el Madrid de los Austrias se come de maravilla. Aqu\u00ed est\u00e1n algunos de los locales m\u00e1s antiguos y con m\u00e1s historia de la ciudad. El m\u00e1s famoso, sin duda, es\u00a0<strong><a href=\"https:\/\/botin.es\/\">Casa Bot\u00edn<\/a>, abierto desde 1725 y reconocido como el restaurante m\u00e1s antiguo del mundo.<\/strong> Aqu\u00ed sirven un cochinillo y un cordero asado en horno de le\u00f1a que est\u00e1n de vicio.<\/p><p style=\"font-weight: 400;\">Otro cl\u00e1sico es la\u00a0<strong><a href=\"https:\/\/chocolateriasangines.com\/\">Chocolater\u00eda San Gin\u00e9s<\/a>, un local que est\u00e1 a dos pasos de la Puerta del Sol. <\/strong>Sus churros con chocolate son legendarios, perfectos para reponer fuerzas despu\u00e9s de una buena caminata por el barrio.<\/p><p style=\"font-weight: 400;\"><strong>Y si te apetece algo m\u00e1s elegante, ve directo al\u00a0<a href=\"https:\/\/cafedeoriente.es\/\">Caf\u00e9 de Oriente<\/a><\/strong>, frente al Palacio Real. Tiene una terraza ideal para ver el atardecer con un caf\u00e9 o una copa de vino en la mano.<\/p><p style=\"font-weight: 400;\">Y por supuesto, hay decenas de\u00a0tabernas, bares y restaurantes modernos\u00a0que combinan ese punto tradicional del Madrid de los Austrias con nuevas propuestas.<\/p>\t\t\t\t\t\t\t\t<\/div>\n\t\t\t\t<\/div>\n\t\t\t\t<div class=\"elementor-element elementor-element-b4f6b86 elementor-widget elementor-widget-image\" data-id=\"b4f6b86\" data-element_type=\"widget\" data-e-type=\"widget\" data-widget_type=\"image.default\">\n\t\t\t\t<div class=\"elementor-widget-container\">\n\t\t\t\t\t\t\t\t\t\t\t\t<figure class=\"wp-caption\">\n\t\t\t\t\t\t\t\t\t\t<img decoding=\"async\" width=\"1254\" height=\"626\" src=\"https:\/\/www.waourentals.com\/blog\/wp-content\/uploads\/2025\/10\/Plaza-mayor-madri-de-los-austrias.jpg\" class=\"attachment-full size-full wp-image-1908\" alt=\"\" srcset=\"https:\/\/www.waourentals.com\/blog\/wp-content\/uploads\/2025\/10\/Plaza-mayor-madri-de-los-austrias.jpg 1254w, https:\/\/www.waourentals.com\/blog\/wp-content\/uploads\/2025\/10\/Plaza-mayor-madri-de-los-austrias-300x150.jpg 300w, https:\/\/www.waourentals.com\/blog\/wp-content\/uploads\/2025\/10\/Plaza-mayor-madri-de-los-austrias-1024x511.jpg 1024w, https:\/\/www.waourentals.com\/blog\/wp-content\/uploads\/2025\/10\/Plaza-mayor-madri-de-los-austrias-768x383.jpg 768w\" sizes=\"(max-width: 1254px) 100vw, 1254px\" \/>\t\t\t\t\t\t\t\t\t\t\t<figcaption class=\"widget-image-caption wp-caption-text\">Plaza Mayor de Madrid<\/figcaption>\n\t\t\t\t\t\t\t\t\t\t<\/figure>\n\t\t\t\t\t\t\t\t\t<\/div>\n\t\t\t\t<\/div>\n\t\t\t\t\t<\/div>\n\t\t<\/div>\n\t\t\t\t\t<\/div>\n\t\t<\/section>\n\t\t\t\t<section class=\"elementor-section elementor-top-section elementor-element elementor-element-141ed1a elementor-section-boxed elementor-section-height-default elementor-section-height-default\" data-id=\"141ed1a\" data-element_type=\"section\" data-e-type=\"section\">\n\t\t\t\t\t\t<div class=\"elementor-container elementor-column-gap-default\">\n\t\t\t\t\t<div class=\"elementor-column elementor-col-100 elementor-top-column elementor-element elementor-element-5cf18a0\" data-id=\"5cf18a0\" data-element_type=\"column\" data-e-type=\"column\">\n\t\t\t<div class=\"elementor-widget-wrap elementor-element-populated\">\n\t\t\t\t\t\t<div class=\"elementor-element elementor-element-e0665dd elementor-widget elementor-widget-heading\" data-id=\"e0665dd\" data-element_type=\"widget\" data-e-type=\"widget\" data-widget_type=\"heading.default\">\n\t\t\t\t<div class=\"elementor-widget-container\">\n\t\t\t\t\t<h2 class=\"elementor-heading-title elementor-size-default\">M\u00e1s cosas que hacer despu\u00e9s de visitar la zona de los Austrias en Madrid <\/h2>\t\t\t\t<\/div>\n\t\t\t\t<\/div>\n\t\t\t\t<div class=\"elementor-element elementor-element-cc62da8 elementor-widget elementor-widget-text-editor\" data-id=\"cc62da8\" data-element_type=\"widget\" data-e-type=\"widget\" data-widget_type=\"text-editor.default\">\n\t\t\t\t<div class=\"elementor-widget-container\">\n\t\t\t\t\t\t\t\t\t<p style=\"font-weight: 400;\">Cuando termines de recorrer el Madrid de los Austrias, guarda fuerzas porque la ciudad a\u00fan tiene muchos planes que ofrecerte.<br \/>Lo suyo es que visites tambi\u00e9n alg\u00fan otro de los\u00a0<a href=\"https:\/\/www.waourentals.com\/blog\/mejores-barrios-madrid\/\">mejores barrios de Madrid<\/a>como\u00a0Malasa\u00f1a,\u00a0Chueca\u00a0o\u00a0Lavapi\u00e9s.<\/p><p style=\"font-weight: 400;\">Y si tu escapada a la capital coincide con alguna de las\u00a0<a href=\"https:\/\/www.waourentals.com\/blog\/ferias-medievales-madrid\/\">ferias medievales de Madrid<\/a>, \u00a1no puedes faltar! Lugares como\u00a0El \u00c1lamo,\u00a0Buitrago del Lozoya\u00a0o\u00a0Manzanares el Real\u00a0se transforman por completo con mercados, m\u00fasica y espect\u00e1culos por las calles.<\/p><p style=\"font-weight: 400;\"><strong>Tambi\u00e9n merece la pena que disfrutes de un\u00a0espect\u00e1culo de <a href=\"https:\/\/www.waourentals.com\/blog\/flamenco-madrid\/\">flamenco en Madrid<\/a><\/strong>; aunque no es la cuna de este arte, aqu\u00ed se siente con la misma intensidad y hay un mont\u00f3n de tablaos en el centro que reciben a los mejores cantaores y bailaores del pa\u00eds.<\/p><p style=\"font-weight: 400;\"><strong>Y si te apetece desconectar un poco del ruido, haz una\u00a0escapada a los <a href=\"https:\/\/www.waourentals.com\/blog\/pueblos-bonitos-madrid\/\">pueblos m\u00e1s bonitos de Madrid<\/a><\/strong><strong>.<\/strong> En menos de una hora podr\u00e1s estar en\u00a0Chinch\u00f3n o\u00a0El Escorial, disfrutando de buena comida y tranquilidad.<\/p>\t\t\t\t\t\t\t\t<\/div>\n\t\t\t\t<\/div>\n\t\t\t\t\t<\/div>\n\t\t<\/div>\n\t\t\t\t\t<\/div>\n\t\t<\/section>\n\t\t\t\t<section class=\"elementor-section elementor-top-section elementor-element elementor-element-e0228c4 elementor-section-boxed elementor-section-height-default elementor-section-height-default\" data-id=\"e0228c4\" data-element_type=\"section\" data-e-type=\"section\">\n\t\t\t\t\t\t<div class=\"elementor-container elementor-column-gap-default\">\n\t\t\t\t\t<div class=\"elementor-column elementor-col-100 elementor-top-column elementor-element elementor-element-b729423\" data-id=\"b729423\" data-element_type=\"column\" data-e-type=\"column\">\n\t\t\t<div class=\"elementor-widget-wrap elementor-element-populated\">\n\t\t\t\t\t\t<div class=\"elementor-element elementor-element-6e56a73 elementor-widget elementor-widget-heading\" data-id=\"6e56a73\" data-element_type=\"widget\" data-e-type=\"widget\" data-widget_type=\"heading.default\">\n\t\t\t\t<div class=\"elementor-widget-container\">\n\t\t\t\t\t<h2 class=\"elementor-heading-title elementor-size-default\">Elige tu base ideal para recorrer el Madrid de los Austrias <\/h2>\t\t\t\t<\/div>\n\t\t\t\t<\/div>\n\t\t\t\t<div class=\"elementor-element elementor-element-bf48195 elementor-widget elementor-widget-text-editor\" data-id=\"bf48195\" data-element_type=\"widget\" data-e-type=\"widget\" data-widget_type=\"text-editor.default\">\n\t\t\t\t<div class=\"elementor-widget-container\">\n\t\t\t\t\t\t\t\t\t<p style=\"font-weight: 400;\">Hacer una <a href=\"https:\/\/www.waourentals.com\/blog\/escapada-madrid\/\">escapada a Madrid<\/a> es una experiencia que se disfruta m\u00e1s cuando tienes un lugar que te hace sentir como en casa. Despu\u00e9s de recorrer el Madrid de los Austrias y de perderte por sus calles, apetece volver a un sitio tranquilo, c\u00f3modo y bien situado, \u00bfverdad?<\/p><p style=\"font-weight: 400;\">\u00a1Y eso es exactamente lo que ofrecemos en\u00a0<a href=\"https:\/\/www.waourentals.com\/\">Waou Rentals<\/a>! <strong>Tenemos alojamientos pensados para descansar de verdad, sin que tengas que complicarte con combinaciones de metro y cercan\u00edas \u2014\u00a1en pleno centro!\u2014 y con todo lo que necesitas a mano.<\/strong><\/p><p style=\"font-weight: 400;\">Porque cuando eliges bien d\u00f3nde alojarte, el viaje cambia mucho.<\/p>\t\t\t\t\t\t\t\t<\/div>\n\t\t\t\t<\/div>\n\t\t\t\t\t<\/div>\n\t\t<\/div>\n\t\t\t\t\t<\/div>\n\t\t<\/section>\n\t\t\t\t<section class=\"elementor-section elementor-top-section elementor-element elementor-element-6ceec12 elementor-section-boxed elementor-section-height-default elementor-section-height-default\" data-id=\"6ceec12\" data-element_type=\"section\" data-e-type=\"section\">\n\t\t\t\t\t\t<div class=\"elementor-container elementor-column-gap-default\">\n\t\t\t\t\t<div class=\"elementor-column elementor-col-100 elementor-top-column elementor-element elementor-element-41a93c5\" data-id=\"41a93c5\" data-element_type=\"column\" data-e-type=\"column\">\n\t\t\t<div class=\"elementor-widget-wrap elementor-element-populated\">\n\t\t\t\t\t\t<div class=\"elementor-element elementor-element-36c3ec6 elementor-widget elementor-widget-shortcode\" data-id=\"36c3ec6\" data-element_type=\"widget\" data-e-type=\"widget\" data-widget_type=\"shortcode.default\">\n\t\t\t\t<div class=\"elementor-widget-container\">\n\t\t\t\t\t\t\t<div class=\"elementor-shortcode\">\t\t<div data-elementor-type=\"section\" data-elementor-id=\"416\" class=\"elementor elementor-416\" data-elementor-post-type=\"elementor_library\">\n\t\t\t\t\t<section class=\"elementor-section elementor-top-section elementor-element elementor-element-b3baa5d elementor-section-boxed elementor-section-height-default elementor-section-height-default\" data-id=\"b3baa5d\" data-element_type=\"section\" data-e-type=\"section\">\n\t\t\t\t\t\t<div class=\"elementor-container elementor-column-gap-default\">\n\t\t\t\t\t<div class=\"elementor-column elementor-col-100 elementor-top-column elementor-element elementor-element-25f96a3\" data-id=\"25f96a3\" data-element_type=\"column\" data-e-type=\"column\">\n\t\t\t<div class=\"elementor-widget-wrap elementor-element-populated\">\n\t\t\t\t\t\t<div class=\"elementor-element elementor-element-216acb8 elementor-widget elementor-widget-grid\" data-id=\"216acb8\" data-element_type=\"widget\" data-e-type=\"widget\" data-widget_type=\"grid.default\">\n\t\t\t\t<div class=\"elementor-widget-container\">\n\t\t\t\t\t\t\t<div class=\"its--row alojamientos-recomendados\">\n\n\t\t\t<div class=\"alojamientos-recomendados-container\">\n\n\t\t\t\t\t\n\t\t\t\t\t<a href=\"https:\/\/www.waourentals.com\/alquiler\/apartamento-madrid-waou-sol-i-alquiler-corta-duracion-260555.html\" rel=\"nofollow\" style=\"width: 23%;\">\n\t\t\t\t\t\t<div class=\"apartamento-box\">\n\t\t\t\t\t\t\t<div class=\"imagen_recomendados\">\n\t\t\t\t\t\t\t\t<img decoding=\"async\" src=\"https:\/\/crs.avantio.com\/fotos\/2\/1537869980ce0301b2c1244559fafab5ec3fcc5d42\/big1537869981d28e5196dd4f2243b69bd9a93dd934cd.jpg\" alt=\"Espectacular apartamento d\u00faplex a pasos de la Puerta del Sol, Madrid Centro\">\n\t\t\t\t\t\t\t<\/div>\n\t\t\t\t\t\t\t<div class=\"info\">\n\t\t\t\t\t\t\t\t<div class=\"ubicacion\">\n\t\t\t\t\t\t\t\t\t<i class=\"fa-solid fa-location-dot icono-mapa\"><\/i><span class=\"ubicacion-texto\">Madrid - Madrid provincia<\/span>\n\t\t\t\t\t\t\t\t<\/div>\n\t\t\t\t\t\t\t\t<H4 class=\"titulo-alojamiento\">\n\t\t\t\t\t\t\t\t\tEspectacular apartamento d\u00faplex a pasos de la Puerta del Sol, Madrid Centro\t\t\t\t\t\t\t\t<\/H4>\n\t\t\t\t\t\t\t\t<p class=\"precio-alojamiento\">Desde <span class=\"precio\">258.00\u20ac<\/span> por noche<\/p>\n\t\t\t\t\t\t\t<\/div>\n\t\t\t\t\t\t<\/div>\n\t\t\t\t\t<\/a> \n\t\t\t\t\t\t\n\t\t\t\t\t<a href=\"https:\/\/www.waourentals.com\/alquiler\/apartamento-madrid-waou-sol-iv-alquiler-corta-duracion-260564.html\" rel=\"nofollow\" style=\"width: 23%;\">\n\t\t\t\t\t\t<div class=\"apartamento-box\">\n\t\t\t\t\t\t\t<div class=\"imagen_recomendados\">\n\t\t\t\t\t\t\t\t<img decoding=\"async\" src=\"https:\/\/crs.avantio.com\/fotos\/2\/1537870560eed390b833c02a014b284c24b1c36dda\/big1537870562bc1b6149d255756b8bb55a3952a4c024.jpg\" alt=\"Impresionante apartamento zona Puerta del Sol, Madrid Centro\">\n\t\t\t\t\t\t\t<\/div>\n\t\t\t\t\t\t\t<div class=\"info\">\n\t\t\t\t\t\t\t\t<div class=\"ubicacion\">\n\t\t\t\t\t\t\t\t\t<i class=\"fa-solid fa-location-dot icono-mapa\"><\/i><span class=\"ubicacion-texto\">Madrid - Madrid provincia<\/span>\n\t\t\t\t\t\t\t\t<\/div>\n\t\t\t\t\t\t\t\t<H4 class=\"titulo-alojamiento\">\n\t\t\t\t\t\t\t\t\tImpresionante apartamento zona Puerta del Sol, Madrid Centro\t\t\t\t\t\t\t\t<\/H4>\n\t\t\t\t\t\t\t\t<p class=\"precio-alojamiento\">Desde <span class=\"precio\">250.00\u20ac<\/span> por noche<\/p>\n\t\t\t\t\t\t\t<\/div>\n\t\t\t\t\t\t<\/div>\n\t\t\t\t\t<\/a> \n\t\t\t\t\t\t\n\t\t\t\t\t<a href=\"https:\/\/www.waourentals.com\/alquiler\/apartamento-madrid-waou-plaza-de-espana-vi-alquiler-corta-duracion-260572.html\" rel=\"nofollow\" style=\"width: 23%;\">\n\t\t\t\t\t\t<div class=\"apartamento-box\">\n\t\t\t\t\t\t\t<div class=\"imagen_recomendados\">\n\t\t\t\t\t\t\t\t<img decoding=\"async\" src=\"https:\/\/crs.avantio.com\/fotos\/2\/1537877022b8f2eba982a245ad20b548494636b3cf\/big17744432988e65f1546c0c322220d5dc3c24db4364.jpg\" alt=\"Apartamento de dise\u00f1o al lado de Plaza Espa\u00f1a y Madrid R\u00edo, en Madrid Centro\">\n\t\t\t\t\t\t\t<\/div>\n\t\t\t\t\t\t\t<div class=\"info\">\n\t\t\t\t\t\t\t\t<div class=\"ubicacion\">\n\t\t\t\t\t\t\t\t\t<i class=\"fa-solid fa-location-dot icono-mapa\"><\/i><span class=\"ubicacion-texto\">Madrid - Madrid provincia<\/span>\n\t\t\t\t\t\t\t\t<\/div>\n\t\t\t\t\t\t\t\t<H4 class=\"titulo-alojamiento\">\n\t\t\t\t\t\t\t\t\tApartamento de dise\u00f1o al lado de Plaza Espa\u00f1a y Madrid R\u00edo, en Madrid Centro\t\t\t\t\t\t\t\t<\/H4>\n\t\t\t\t\t\t\t\t<p class=\"precio-alojamiento\">Desde <span class=\"precio\">88.00\u20ac<\/span> por noche<\/p>\n\t\t\t\t\t\t\t<\/div>\n\t\t\t\t\t\t<\/div>\n\t\t\t\t\t<\/a> \n\t\t\t\t\t\t\n\t\t\t\t\t<a href=\"https:\/\/www.waourentals.com\/alquiler\/apartamento-madrid-waou-plaza-de-espana-vii-alquiler-corta-duracion-260573.html\" rel=\"nofollow\" style=\"width: 23%;\">\n\t\t\t\t\t\t<div class=\"apartamento-box\">\n\t\t\t\t\t\t\t<div class=\"imagen_recomendados\">\n\t\t\t\t\t\t\t\t<img decoding=\"async\" src=\"https:\/\/crs.avantio.com\/fotos\/2\/1537877709263df3b37c40c25a28baa309738679ee\/big153787771192afaeae59f166999ee3c9345858bdae.jpg\" alt=\"Apartamento de dise\u00f1o al lado de Plaza Espa\u00f1a y Madrid R\u00edo, en Madrid Centro\">\n\t\t\t\t\t\t\t<\/div>\n\t\t\t\t\t\t\t<div class=\"info\">\n\t\t\t\t\t\t\t\t<div class=\"ubicacion\">\n\t\t\t\t\t\t\t\t\t<i class=\"fa-solid fa-location-dot icono-mapa\"><\/i><span class=\"ubicacion-texto\">Madrid - Madrid provincia<\/span>\n\t\t\t\t\t\t\t\t<\/div>\n\t\t\t\t\t\t\t\t<H4 class=\"titulo-alojamiento\">\n\t\t\t\t\t\t\t\t\tApartamento de dise\u00f1o al lado de Plaza Espa\u00f1a y Madrid R\u00edo, en Madrid Centro\t\t\t\t\t\t\t\t<\/H4>\n\t\t\t\t\t\t\t\t<p class=\"precio-alojamiento\">Desde <span class=\"precio\">90.00\u20ac<\/span> por noche<\/p>\n\t\t\t\t\t\t\t<\/div>\n\t\t\t\t\t\t<\/div>\n\t\t\t\t\t<\/a> \n\t\t\t\t\t\t\t\t<\/div>\n\t\t\t<\/div>\n\t\t\t\t\t\t<\/div>\n\t\t\t\t<\/div>\n\t\t\t\t\t<\/div>\n\t\t<\/div>\n\t\t\t\t\t<\/div>\n\t\t<\/section>\n\t\t\t\t<section class=\"elementor-section elementor-top-section elementor-element elementor-element-201ccc8f elementor-section-boxed elementor-section-height-default elementor-section-height-default\" data-id=\"201ccc8f\" data-element_type=\"section\" data-e-type=\"section\">\n\t\t\t\t\t\t<div class=\"elementor-container elementor-column-gap-default\">\n\t\t\t\t\t<div class=\"elementor-column elementor-col-25 elementor-top-column elementor-element elementor-element-2434faec elementor-hidden-tablet\" data-id=\"2434faec\" data-element_type=\"column\" data-e-type=\"column\">\n\t\t\t<div class=\"elementor-widget-wrap elementor-element-populated\">\n\t\t\t\t\t\t<div class=\"elementor-element elementor-element-5ff0d826 elementor-align-justify elementor-widget elementor-widget-button\" data-id=\"5ff0d826\" data-element_type=\"widget\" data-e-type=\"widget\" data-widget_type=\"button.default\">\n\t\t\t\t<div class=\"elementor-widget-container\">\n\t\t\t\t\t\t\t\t\t<div class=\"elementor-button-wrapper\">\n\t\t\t\t\t<a class=\"elementor-button elementor-button-link elementor-size-sm\" href=\"https:\/\/www.waourentals.com\/alojamiento-en-madrid\/\">\n\t\t\t\t\t\t<span class=\"elementor-button-content-wrapper\">\n\t\t\t\t\t\t\t\t\t<span class=\"elementor-button-text\">Alojamientos en Madrid<\/span>\n\t\t\t\t\t<\/span>\n\t\t\t\t\t<\/a>\n\t\t\t\t<\/div>\n\t\t\t\t\t\t\t\t<\/div>\n\t\t\t\t<\/div>\n\t\t\t\t\t<\/div>\n\t\t<\/div>\n\t\t\t\t<div class=\"elementor-column elementor-col-25 elementor-top-column elementor-element elementor-element-29a72e75\" data-id=\"29a72e75\" data-element_type=\"column\" data-e-type=\"column\">\n\t\t\t<div class=\"elementor-widget-wrap elementor-element-populated\">\n\t\t\t\t\t\t<div class=\"elementor-element elementor-element-1d5fb72f elementor-align-justify elementor-widget elementor-widget-button\" data-id=\"1d5fb72f\" data-element_type=\"widget\" data-e-type=\"widget\" data-widget_type=\"button.default\">\n\t\t\t\t<div class=\"elementor-widget-container\">\n\t\t\t\t\t\t\t\t\t<div class=\"elementor-button-wrapper\">\n\t\t\t\t\t<a class=\"elementor-button elementor-button-link elementor-size-sm\" href=\"https:\/\/www.waourentals.com\/apartamentos-en-madrid\/\">\n\t\t\t\t\t\t<span class=\"elementor-button-content-wrapper\">\n\t\t\t\t\t\t\t\t\t<span class=\"elementor-button-text\">Apartamentos en Madrid<\/span>\n\t\t\t\t\t<\/span>\n\t\t\t\t\t<\/a>\n\t\t\t\t<\/div>\n\t\t\t\t\t\t\t\t<\/div>\n\t\t\t\t<\/div>\n\t\t\t\t\t<\/div>\n\t\t<\/div>\n\t\t\t\t<div class=\"elementor-column elementor-col-25 elementor-top-column elementor-element elementor-element-477937e3\" data-id=\"477937e3\" data-element_type=\"column\" data-e-type=\"column\">\n\t\t\t<div class=\"elementor-widget-wrap elementor-element-populated\">\n\t\t\t\t\t\t<div class=\"elementor-element elementor-element-194a9d3d elementor-align-justify elementor-widget elementor-widget-button\" data-id=\"194a9d3d\" data-element_type=\"widget\" data-e-type=\"widget\" data-widget_type=\"button.default\">\n\t\t\t\t<div class=\"elementor-widget-container\">\n\t\t\t\t\t\t\t\t\t<div class=\"elementor-button-wrapper\">\n\t\t\t\t\t<a class=\"elementor-button elementor-button-link elementor-size-sm\" href=\"https:\/\/www.waourentals.com\/alquiler-de-habitacion-por-dias-madrid\/\">\n\t\t\t\t\t\t<span class=\"elementor-button-content-wrapper\">\n\t\t\t\t\t\t\t\t\t<span class=\"elementor-button-text\">Habitaciones en Madrid<\/span>\n\t\t\t\t\t<\/span>\n\t\t\t\t\t<\/a>\n\t\t\t\t<\/div>\n\t\t\t\t\t\t\t\t<\/div>\n\t\t\t\t<\/div>\n\t\t\t\t\t<\/div>\n\t\t<\/div>\n\t\t\t\t<div class=\"elementor-column elementor-col-25 elementor-top-column elementor-element elementor-element-7170120\" data-id=\"7170120\" data-element_type=\"column\" data-e-type=\"column\">\n\t\t\t<div class=\"elementor-widget-wrap elementor-element-populated\">\n\t\t\t\t\t\t<div class=\"elementor-element elementor-element-33375098 elementor-align-justify elementor-widget elementor-widget-button\" data-id=\"33375098\" data-element_type=\"widget\" data-e-type=\"widget\" data-widget_type=\"button.default\">\n\t\t\t\t<div class=\"elementor-widget-container\">\n\t\t\t\t\t\t\t\t\t<div class=\"elementor-button-wrapper\">\n\t\t\t\t\t<a class=\"elementor-button elementor-button-link elementor-size-sm\" href=\"https:\/\/www.waourentals.com\/alquiler-de-estudios-en-madrid\/\">\n\t\t\t\t\t\t<span class=\"elementor-button-content-wrapper\">\n\t\t\t\t\t\t\t\t\t<span class=\"elementor-button-text\">Estudios en Madrid<\/span>\n\t\t\t\t\t<\/span>\n\t\t\t\t\t<\/a>\n\t\t\t\t<\/div>\n\t\t\t\t\t\t\t\t<\/div>\n\t\t\t\t<\/div>\n\t\t\t\t\t<\/div>\n\t\t<\/div>\n\t\t\t\t\t<\/div>\n\t\t<\/section>\n\t\t\t\t<\/div>\n\t\t<\/div>\n\t\t\t\t\t\t<\/div>\n\t\t\t\t<\/div>\n\t\t\t\t\t<\/div>\n\t\t<\/div>\n\t\t\t\t\t<\/div>\n\t\t<\/section>\n\t\t\t\t<\/div>\n\t\t","protected":false},"excerpt":{"rendered":"<p>La capital de Espa\u00f1a sabe mirar al futuro sin olvidar de d\u00f3nde viene, y el\u00a0Madrid de los Austrias\u00a0es el mejor ejemplo. Este barrio, que naci\u00f3 al calor de la corte de los Habsburgo, conserva esa esencia para mostrarte c\u00f3mo era Madrid y en los siglos XVI y XVII. Durante esta dinast\u00eda se atrajo a arquitectos, [&hellip;]<\/p>\n","protected":false},"author":3,"featured_media":1904,"comment_status":"open","ping_status":"open","sticky":false,"template":"","format":"standard","meta":{"footnotes":""},"categories":[26],"tags":[39],"class_list":["post-1868","post","type-post","status-publish","format-standard","has-post-thumbnail","hentry","category-madrid","tag-no-template"],"yoast_head":"<!-- This site is optimized with the Yoast SEO plugin v27.5 - https:\/\/yoast.com\/product\/yoast-seo-wordpress\/ -->\n<title>Date un paseo por el Madrid de los Austrias\u00a0 - Blog de waourentals<\/title>\n<meta name=\"description\" content=\"Ven a descubrir el Madrid de los Austrias, el barrio con m\u00e1s historia de la capital donde puedes conocer c\u00f3mo era Madrid y en los siglos XVI y XVII.\" \/>\n<meta name=\"robots\" content=\"index, follow, max-snippet:-1, max-image-preview:large, max-video-preview:-1\" \/>\n<link rel=\"canonical\" href=\"https:\/\/www.waourentals.com\/blog\/madrid-de-los-austrias\/\" \/>\n<meta property=\"og:locale\" content=\"es_ES\" \/>\n<meta property=\"og:type\" content=\"article\" \/>\n<meta property=\"og:title\" content=\"Date un paseo por el Madrid de los Austrias\u00a0 - Blog de waourentals\" \/>\n<meta property=\"og:description\" content=\"Ven a descubrir el Madrid de los Austrias, el barrio con m\u00e1s historia de la capital donde puedes conocer c\u00f3mo era Madrid y en los siglos XVI y XVII.\" \/>\n<meta property=\"og:url\" content=\"https:\/\/www.waourentals.com\/blog\/madrid-de-los-austrias\/\" \/>\n<meta property=\"og:site_name\" content=\"Blog de waourentals\" \/>\n<meta property=\"article:published_time\" content=\"2025-10-16T14:13:54+00:00\" \/>\n<meta property=\"article:modified_time\" content=\"2026-04-24T09:28:23+00:00\" \/>\n<meta property=\"og:image\" content=\"https:\/\/www.waourentals.com\/blog\/wp-content\/uploads\/2025\/10\/madrid-de-los-Austrias.jpg\" \/>\n\t<meta property=\"og:image:width\" content=\"2068\" \/>\n\t<meta property=\"og:image:height\" content=\"689\" \/>\n\t<meta property=\"og:image:type\" content=\"image\/jpeg\" \/>\n<meta name=\"author\" content=\"Laura\" \/>\n<meta name=\"twitter:card\" content=\"summary_large_image\" \/>\n<meta name=\"twitter:label1\" content=\"Written by\" \/>\n\t<meta name=\"twitter:data1\" content=\"Laura\" \/>\n\t<meta name=\"twitter:label2\" content=\"Est. reading time\" \/>\n\t<meta name=\"twitter:data2\" content=\"6 minutes\" \/>\n<script type=\"application\/ld+json\" class=\"yoast-schema-graph\">{\"@context\":\"https:\\\/\\\/schema.org\",\"@graph\":[{\"@type\":\"Article\",\"@id\":\"https:\\\/\\\/www.waourentals.com\\\/blog\\\/madrid-de-los-austrias\\\/#article\",\"isPartOf\":{\"@id\":\"https:\\\/\\\/www.waourentals.com\\\/blog\\\/madrid-de-los-austrias\\\/\"},\"author\":{\"name\":\"Laura\",\"@id\":\"https:\\\/\\\/www.waourentals.com\\\/blog\\\/#\\\/schema\\\/person\\\/5ed75b9d9dafc7ddc5521311552aa927\"},\"headline\":\"Date un paseo por el Madrid de los Austrias\u00a0\",\"datePublished\":\"2025-10-16T14:13:54+00:00\",\"dateModified\":\"2026-04-24T09:28:23+00:00\",\"mainEntityOfPage\":{\"@id\":\"https:\\\/\\\/www.waourentals.com\\\/blog\\\/madrid-de-los-austrias\\\/\"},\"wordCount\":1187,\"commentCount\":0,\"publisher\":{\"@id\":\"https:\\\/\\\/www.waourentals.com\\\/blog\\\/#organization\"},\"image\":{\"@id\":\"https:\\\/\\\/www.waourentals.com\\\/blog\\\/madrid-de-los-austrias\\\/#primaryimage\"},\"thumbnailUrl\":\"https:\\\/\\\/www.waourentals.com\\\/blog\\\/wp-content\\\/uploads\\\/2025\\\/10\\\/madrid-de-los-Austrias.jpg\",\"keywords\":[\"No template\"],\"articleSection\":[\"Madrid\"],\"inLanguage\":\"es\",\"potentialAction\":[{\"@type\":\"CommentAction\",\"name\":\"Comment\",\"target\":[\"https:\\\/\\\/www.waourentals.com\\\/blog\\\/madrid-de-los-austrias\\\/#respond\"]}]},{\"@type\":\"WebPage\",\"@id\":\"https:\\\/\\\/www.waourentals.com\\\/blog\\\/madrid-de-los-austrias\\\/\",\"url\":\"https:\\\/\\\/www.waourentals.com\\\/blog\\\/madrid-de-los-austrias\\\/\",\"name\":\"Date un paseo por el Madrid de los Austrias\u00a0 - Blog de waourentals\",\"isPartOf\":{\"@id\":\"https:\\\/\\\/www.waourentals.com\\\/blog\\\/#website\"},\"primaryImageOfPage\":{\"@id\":\"https:\\\/\\\/www.waourentals.com\\\/blog\\\/madrid-de-los-austrias\\\/#primaryimage\"},\"image\":{\"@id\":\"https:\\\/\\\/www.waourentals.com\\\/blog\\\/madrid-de-los-austrias\\\/#primaryimage\"},\"thumbnailUrl\":\"https:\\\/\\\/www.waourentals.com\\\/blog\\\/wp-content\\\/uploads\\\/2025\\\/10\\\/madrid-de-los-Austrias.jpg\",\"datePublished\":\"2025-10-16T14:13:54+00:00\",\"dateModified\":\"2026-04-24T09:28:23+00:00\",\"description\":\"Ven a descubrir el Madrid de los Austrias, el barrio con m\u00e1s historia de la capital donde puedes conocer c\u00f3mo era Madrid y en los siglos XVI y XVII.\",\"breadcrumb\":{\"@id\":\"https:\\\/\\\/www.waourentals.com\\\/blog\\\/madrid-de-los-austrias\\\/#breadcrumb\"},\"inLanguage\":\"es\",\"potentialAction\":[{\"@type\":\"ReadAction\",\"target\":[\"https:\\\/\\\/www.waourentals.com\\\/blog\\\/madrid-de-los-austrias\\\/\"]}]},{\"@type\":\"ImageObject\",\"inLanguage\":\"es\",\"@id\":\"https:\\\/\\\/www.waourentals.com\\\/blog\\\/madrid-de-los-austrias\\\/#primaryimage\",\"url\":\"https:\\\/\\\/www.waourentals.com\\\/blog\\\/wp-content\\\/uploads\\\/2025\\\/10\\\/madrid-de-los-Austrias.jpg\",\"contentUrl\":\"https:\\\/\\\/www.waourentals.com\\\/blog\\\/wp-content\\\/uploads\\\/2025\\\/10\\\/madrid-de-los-Austrias.jpg\",\"width\":2068,\"height\":689,\"caption\":\"The Puerta del Sol square is the main public square in the city of Madrid, Spain. In the middle of the square is located the office of the President of the Community of Madrid.\"},{\"@type\":\"BreadcrumbList\",\"@id\":\"https:\\\/\\\/www.waourentals.com\\\/blog\\\/madrid-de-los-austrias\\\/#breadcrumb\",\"itemListElement\":[{\"@type\":\"ListItem\",\"position\":1,\"name\":\"Portada\",\"item\":\"https:\\\/\\\/www.waourentals.com\\\/blog\\\/en\\\/\"},{\"@type\":\"ListItem\",\"position\":2,\"name\":\"Date un paseo por el Madrid de los Austrias\u00a0\"}]},{\"@type\":\"WebSite\",\"@id\":\"https:\\\/\\\/www.waourentals.com\\\/blog\\\/#website\",\"url\":\"https:\\\/\\\/www.waourentals.com\\\/blog\\\/\",\"name\":\"Blog de waourentals\",\"description\":\"\",\"publisher\":{\"@id\":\"https:\\\/\\\/www.waourentals.com\\\/blog\\\/#organization\"},\"potentialAction\":[{\"@type\":\"SearchAction\",\"target\":{\"@type\":\"EntryPoint\",\"urlTemplate\":\"https:\\\/\\\/www.waourentals.com\\\/blog\\\/?s={search_term_string}\"},\"query-input\":{\"@type\":\"PropertyValueSpecification\",\"valueRequired\":true,\"valueName\":\"search_term_string\"}}],\"inLanguage\":\"es\"},{\"@type\":\"Organization\",\"@id\":\"https:\\\/\\\/www.waourentals.com\\\/blog\\\/#organization\",\"name\":\"Blog de waourentals\",\"url\":\"https:\\\/\\\/www.waourentals.com\\\/blog\\\/\",\"logo\":{\"@type\":\"ImageObject\",\"inLanguage\":\"es\",\"@id\":\"https:\\\/\\\/www.waourentals.com\\\/blog\\\/#\\\/schema\\\/logo\\\/image\\\/\",\"url\":\"https:\\\/\\\/www.waourentals.com\\\/blog\\\/wp-content\\\/uploads\\\/2024\\\/10\\\/BNB-LOGO-NEGRO-1.png\",\"contentUrl\":\"https:\\\/\\\/www.waourentals.com\\\/blog\\\/wp-content\\\/uploads\\\/2024\\\/10\\\/BNB-LOGO-NEGRO-1.png\",\"width\":1698,\"height\":787,\"caption\":\"Blog de waourentals\"},\"image\":{\"@id\":\"https:\\\/\\\/www.waourentals.com\\\/blog\\\/#\\\/schema\\\/logo\\\/image\\\/\"}},{\"@type\":\"Person\",\"@id\":\"https:\\\/\\\/www.waourentals.com\\\/blog\\\/#\\\/schema\\\/person\\\/5ed75b9d9dafc7ddc5521311552aa927\",\"name\":\"Laura\",\"image\":{\"@type\":\"ImageObject\",\"inLanguage\":\"es\",\"@id\":\"https:\\\/\\\/secure.gravatar.com\\\/avatar\\\/38b396224481eeb6edadb558d7e4a6d1ff1c8ba1e6abd3951e451527e107c96b?s=96&d=mm&r=g\",\"url\":\"https:\\\/\\\/secure.gravatar.com\\\/avatar\\\/38b396224481eeb6edadb558d7e4a6d1ff1c8ba1e6abd3951e451527e107c96b?s=96&d=mm&r=g\",\"contentUrl\":\"https:\\\/\\\/secure.gravatar.com\\\/avatar\\\/38b396224481eeb6edadb558d7e4a6d1ff1c8ba1e6abd3951e451527e107c96b?s=96&d=mm&r=g\",\"caption\":\"Laura\"},\"url\":\"https:\\\/\\\/www.waourentals.com\\\/blog\\\/author\\\/laura\\\/\"}]}<\/script>\n<!-- \/ Yoast SEO plugin. -->","yoast_head_json":{"title":"Date un paseo por el Madrid de los Austrias\u00a0 - Blog de waourentals","description":"Ven a descubrir el Madrid de los Austrias, el barrio con m\u00e1s historia de la capital donde puedes conocer c\u00f3mo era Madrid y en los siglos XVI y XVII.","robots":{"index":"index","follow":"follow","max-snippet":"max-snippet:-1","max-image-preview":"max-image-preview:large","max-video-preview":"max-video-preview:-1"},"canonical":"https:\/\/www.waourentals.com\/blog\/madrid-de-los-austrias\/","og_locale":"es_ES","og_type":"article","og_title":"Date un paseo por el Madrid de los Austrias\u00a0 - Blog de waourentals","og_description":"Ven a descubrir el Madrid de los Austrias, el barrio con m\u00e1s historia de la capital donde puedes conocer c\u00f3mo era Madrid y en los siglos XVI y XVII.","og_url":"https:\/\/www.waourentals.com\/blog\/madrid-de-los-austrias\/","og_site_name":"Blog de waourentals","article_published_time":"2025-10-16T14:13:54+00:00","article_modified_time":"2026-04-24T09:28:23+00:00","og_image":[{"width":2068,"height":689,"url":"https:\/\/www.waourentals.com\/blog\/wp-content\/uploads\/2025\/10\/madrid-de-los-Austrias.jpg","type":"image\/jpeg"}],"author":"Laura","twitter_card":"summary_large_image","twitter_misc":{"Written by":"Laura","Est. reading time":"6 minutes"},"schema":{"@context":"https:\/\/schema.org","@graph":[{"@type":"Article","@id":"https:\/\/www.waourentals.com\/blog\/madrid-de-los-austrias\/#article","isPartOf":{"@id":"https:\/\/www.waourentals.com\/blog\/madrid-de-los-austrias\/"},"author":{"name":"Laura","@id":"https:\/\/www.waourentals.com\/blog\/#\/schema\/person\/5ed75b9d9dafc7ddc5521311552aa927"},"headline":"Date un paseo por el Madrid de los Austrias\u00a0","datePublished":"2025-10-16T14:13:54+00:00","dateModified":"2026-04-24T09:28:23+00:00","mainEntityOfPage":{"@id":"https:\/\/www.waourentals.com\/blog\/madrid-de-los-austrias\/"},"wordCount":1187,"commentCount":0,"publisher":{"@id":"https:\/\/www.waourentals.com\/blog\/#organization"},"image":{"@id":"https:\/\/www.waourentals.com\/blog\/madrid-de-los-austrias\/#primaryimage"},"thumbnailUrl":"https:\/\/www.waourentals.com\/blog\/wp-content\/uploads\/2025\/10\/madrid-de-los-Austrias.jpg","keywords":["No template"],"articleSection":["Madrid"],"inLanguage":"es","potentialAction":[{"@type":"CommentAction","name":"Comment","target":["https:\/\/www.waourentals.com\/blog\/madrid-de-los-austrias\/#respond"]}]},{"@type":"WebPage","@id":"https:\/\/www.waourentals.com\/blog\/madrid-de-los-austrias\/","url":"https:\/\/www.waourentals.com\/blog\/madrid-de-los-austrias\/","name":"Date un paseo por el Madrid de los Austrias\u00a0 - Blog de waourentals","isPartOf":{"@id":"https:\/\/www.waourentals.com\/blog\/#website"},"primaryImageOfPage":{"@id":"https:\/\/www.waourentals.com\/blog\/madrid-de-los-austrias\/#primaryimage"},"image":{"@id":"https:\/\/www.waourentals.com\/blog\/madrid-de-los-austrias\/#primaryimage"},"thumbnailUrl":"https:\/\/www.waourentals.com\/blog\/wp-content\/uploads\/2025\/10\/madrid-de-los-Austrias.jpg","datePublished":"2025-10-16T14:13:54+00:00","dateModified":"2026-04-24T09:28:23+00:00","description":"Ven a descubrir el Madrid de los Austrias, el barrio con m\u00e1s historia de la capital donde puedes conocer c\u00f3mo era Madrid y en los siglos XVI y XVII.","breadcrumb":{"@id":"https:\/\/www.waourentals.com\/blog\/madrid-de-los-austrias\/#breadcrumb"},"inLanguage":"es","potentialAction":[{"@type":"ReadAction","target":["https:\/\/www.waourentals.com\/blog\/madrid-de-los-austrias\/"]}]},{"@type":"ImageObject","inLanguage":"es","@id":"https:\/\/www.waourentals.com\/blog\/madrid-de-los-austrias\/#primaryimage","url":"https:\/\/www.waourentals.com\/blog\/wp-content\/uploads\/2025\/10\/madrid-de-los-Austrias.jpg","contentUrl":"https:\/\/www.waourentals.com\/blog\/wp-content\/uploads\/2025\/10\/madrid-de-los-Austrias.jpg","width":2068,"height":689,"caption":"The Puerta del Sol square is the main public square in the city of Madrid, Spain. In the middle of the square is located the office of the President of the Community of Madrid."},{"@type":"BreadcrumbList","@id":"https:\/\/www.waourentals.com\/blog\/madrid-de-los-austrias\/#breadcrumb","itemListElement":[{"@type":"ListItem","position":1,"name":"Portada","item":"https:\/\/www.waourentals.com\/blog\/en\/"},{"@type":"ListItem","position":2,"name":"Date un paseo por el Madrid de los Austrias\u00a0"}]},{"@type":"WebSite","@id":"https:\/\/www.waourentals.com\/blog\/#website","url":"https:\/\/www.waourentals.com\/blog\/","name":"Blog de waourentals","description":"","publisher":{"@id":"https:\/\/www.waourentals.com\/blog\/#organization"},"potentialAction":[{"@type":"SearchAction","target":{"@type":"EntryPoint","urlTemplate":"https:\/\/www.waourentals.com\/blog\/?s={search_term_string}"},"query-input":{"@type":"PropertyValueSpecification","valueRequired":true,"valueName":"search_term_string"}}],"inLanguage":"es"},{"@type":"Organization","@id":"https:\/\/www.waourentals.com\/blog\/#organization","name":"Blog de waourentals","url":"https:\/\/www.waourentals.com\/blog\/","logo":{"@type":"ImageObject","inLanguage":"es","@id":"https:\/\/www.waourentals.com\/blog\/#\/schema\/logo\/image\/","url":"https:\/\/www.waourentals.com\/blog\/wp-content\/uploads\/2024\/10\/BNB-LOGO-NEGRO-1.png","contentUrl":"https:\/\/www.waourentals.com\/blog\/wp-content\/uploads\/2024\/10\/BNB-LOGO-NEGRO-1.png","width":1698,"height":787,"caption":"Blog de waourentals"},"image":{"@id":"https:\/\/www.waourentals.com\/blog\/#\/schema\/logo\/image\/"}},{"@type":"Person","@id":"https:\/\/www.waourentals.com\/blog\/#\/schema\/person\/5ed75b9d9dafc7ddc5521311552aa927","name":"Laura","image":{"@type":"ImageObject","inLanguage":"es","@id":"https:\/\/secure.gravatar.com\/avatar\/38b396224481eeb6edadb558d7e4a6d1ff1c8ba1e6abd3951e451527e107c96b?s=96&d=mm&r=g","url":"https:\/\/secure.gravatar.com\/avatar\/38b396224481eeb6edadb558d7e4a6d1ff1c8ba1e6abd3951e451527e107c96b?s=96&d=mm&r=g","contentUrl":"https:\/\/secure.gravatar.com\/avatar\/38b396224481eeb6edadb558d7e4a6d1ff1c8ba1e6abd3951e451527e107c96b?s=96&d=mm&r=g","caption":"Laura"},"url":"https:\/\/www.waourentals.com\/blog\/author\/laura\/"}]}},"_links":{"self":[{"href":"https:\/\/www.waourentals.com\/blog\/wp-json\/wp\/v2\/posts\/1868","targetHints":{"allow":["GET"]}}],"collection":[{"href":"https:\/\/www.waourentals.com\/blog\/wp-json\/wp\/v2\/posts"}],"about":[{"href":"https:\/\/www.waourentals.com\/blog\/wp-json\/wp\/v2\/types\/post"}],"author":[{"embeddable":true,"href":"https:\/\/www.waourentals.com\/blog\/wp-json\/wp\/v2\/users\/3"}],"replies":[{"embeddable":true,"href":"https:\/\/www.waourentals.com\/blog\/wp-json\/wp\/v2\/comments?post=1868"}],"version-history":[{"count":7,"href":"https:\/\/www.waourentals.com\/blog\/wp-json\/wp\/v2\/posts\/1868\/revisions"}],"predecessor-version":[{"id":1914,"href":"https:\/\/www.waourentals.com\/blog\/wp-json\/wp\/v2\/posts\/1868\/revisions\/1914"}],"wp:featuredmedia":[{"embeddable":true,"href":"https:\/\/www.waourentals.com\/blog\/wp-json\/wp\/v2\/media\/1904"}],"wp:attachment":[{"href":"https:\/\/www.waourentals.com\/blog\/wp-json\/wp\/v2\/media?parent=1868"}],"wp:term":[{"taxonomy":"category","embeddable":true,"href":"https:\/\/www.waourentals.com\/blog\/wp-json\/wp\/v2\/categories?post=1868"},{"taxonomy":"post_tag","embeddable":true,"href":"https:\/\/www.waourentals.com\/blog\/wp-json\/wp\/v2\/tags?post=1868"}],"curies":[{"name":"wp","href":"https:\/\/api.w.org\/{rel}","templated":true}]}}