{"id":1776,"date":"2025-08-22T08:40:39","date_gmt":"2025-08-22T08:40:39","guid":{"rendered":"https:\/\/www.waourentals.com\/blog\/?p=1776"},"modified":"2026-04-24T09:28:25","modified_gmt":"2026-04-24T09:28:25","slug":"palacios-y-villafranca-en-sevilla","status":"publish","type":"post","link":"https:\/\/www.waourentals.com\/blog\/palacios-y-villafranca-en-sevilla\/","title":{"rendered":"Ven a conocer\u00a0Los Palacios y Villafranca\u00a0en Sevilla"},"content":{"rendered":"\t\t<div data-elementor-type=\"wp-post\" data-elementor-id=\"1776\" class=\"elementor elementor-1776\" data-elementor-post-type=\"post\">\n\t\t\t\t\t\t<section class=\"elementor-section elementor-top-section elementor-element elementor-element-1d5973fd elementor-section-boxed elementor-section-height-default elementor-section-height-default\" data-id=\"1d5973fd\" data-element_type=\"section\" data-e-type=\"section\">\n\t\t\t\t\t\t<div class=\"elementor-container elementor-column-gap-default\">\n\t\t\t\t\t<div class=\"elementor-column elementor-col-100 elementor-top-column elementor-element elementor-element-1d78f0aa\" data-id=\"1d78f0aa\" data-element_type=\"column\" data-e-type=\"column\">\n\t\t\t<div class=\"elementor-widget-wrap elementor-element-populated\">\n\t\t\t\t\t\t<div class=\"elementor-element elementor-element-5bb482bd elementor-widget elementor-widget-text-editor\" data-id=\"5bb482bd\" data-element_type=\"widget\" data-e-type=\"widget\" data-widget_type=\"text-editor.default\">\n\t\t\t\t<div class=\"elementor-widget-container\">\n\t\t\t\t\t\t\t\t\t<p style=\"font-weight: 400;\">Si te apetece conocer un rinc\u00f3n aut\u00e9ntico del\u00a0Bajo Guadalquivir\u00a0y est\u00e1s en Sevilla o cerca de la ciudad, apunta\u00a0Los Palacios y Villafranca.<\/p><p style=\"font-weight: 400;\"><strong>Es un municipio <\/strong><strong>agr\u00edcola, hospitalario y muy bien comunicado; perfecto para comer de diez \u2014el<\/strong><strong>\u00a0tomate de Los Palacios est\u00e1 delicioso\u2014 <\/strong><strong>y para combinar pueblo, marismas y aves en un mismo d\u00eda.<\/strong><\/p><p style=\"font-weight: 400;\">Y aqu\u00ed va una gu\u00eda para que sepas d\u00f3nde est\u00e1,\u00a0c\u00f3mo llegar, qu\u00e9 ver, cu\u00e1ndo ir, qu\u00e9 comer y qu\u00e9 hacer por los alrededores para sacarle todo el jugo posible a la visita a Los Palacios y Villafranca en Sevilla.<\/p>\t\t\t\t\t\t\t\t<\/div>\n\t\t\t\t<\/div>\n\t\t\t\t\t<\/div>\n\t\t<\/div>\n\t\t\t\t\t<\/div>\n\t\t<\/section>\n\t\t\t\t<section class=\"elementor-section elementor-top-section elementor-element elementor-element-2ae80183 elementor-section-boxed elementor-section-height-default elementor-section-height-default\" data-id=\"2ae80183\" data-element_type=\"section\" data-e-type=\"section\">\n\t\t\t\t\t\t<div class=\"elementor-container elementor-column-gap-default\">\n\t\t\t\t\t<div class=\"elementor-column elementor-col-100 elementor-top-column elementor-element elementor-element-745d6990\" data-id=\"745d6990\" data-element_type=\"column\" data-e-type=\"column\">\n\t\t\t<div class=\"elementor-widget-wrap elementor-element-populated\">\n\t\t\t\t\t\t<div class=\"elementor-element elementor-element-35871f07 elementor-widget elementor-widget-table-of-contents\" data-id=\"35871f07\" data-element_type=\"widget\" data-e-type=\"widget\" data-settings=\"{&quot;headings_by_tags&quot;:[&quot;h2&quot;],&quot;exclude_headings_by_selector&quot;:[],&quot;marker_view&quot;:&quot;bullets&quot;,&quot;icon&quot;:{&quot;value&quot;:&quot;&quot;,&quot;library&quot;:&quot;&quot;},&quot;no_headings_message&quot;:&quot;No headings were found on this page.&quot;,&quot;hierarchical_view&quot;:&quot;yes&quot;,&quot;min_height&quot;:{&quot;unit&quot;:&quot;px&quot;,&quot;size&quot;:&quot;&quot;,&quot;sizes&quot;:[]},&quot;min_height_tablet&quot;:{&quot;unit&quot;:&quot;px&quot;,&quot;size&quot;:&quot;&quot;,&quot;sizes&quot;:[]},&quot;min_height_mobile&quot;:{&quot;unit&quot;:&quot;px&quot;,&quot;size&quot;:&quot;&quot;,&quot;sizes&quot;:[]}}\" data-widget_type=\"table-of-contents.default\">\n\t\t\t\t<div class=\"elementor-widget-container\">\n\t\t\t\t\t\t\t\t\t<div class=\"elementor-toc__header\">\n\t\t\t\t\t\t<div class=\"elementor-toc__header-title\">\n\t\t\t\t\u00cdndice\t\t\t<\/div>\n\t\t\t\t\t\t\t\t<\/div>\n\t\t\t\t<div id=\"elementor-toc__35871f07\" class=\"elementor-toc__body\">\n\t\t\t<div class=\"elementor-toc__spinner-container\">\n\t\t\t\t<i class=\"elementor-toc__spinner eicon-animation-spin eicon-loading\" aria-hidden=\"true\"><\/i>\t\t\t<\/div>\n\t\t<\/div>\n\t\t\t\t\t\t<\/div>\n\t\t\t\t<\/div>\n\t\t\t\t\t<\/div>\n\t\t<\/div>\n\t\t\t\t\t<\/div>\n\t\t<\/section>\n\t\t\t\t<section class=\"elementor-section elementor-top-section elementor-element elementor-element-21bca7eb elementor-section-boxed elementor-section-height-default elementor-section-height-default\" data-id=\"21bca7eb\" data-element_type=\"section\" data-e-type=\"section\">\n\t\t\t\t\t\t<div class=\"elementor-container elementor-column-gap-default\">\n\t\t\t\t\t<div class=\"elementor-column elementor-col-50 elementor-top-column elementor-element elementor-element-446858ee\" data-id=\"446858ee\" data-element_type=\"column\" data-e-type=\"column\">\n\t\t\t<div class=\"elementor-widget-wrap elementor-element-populated\">\n\t\t\t\t\t\t<div class=\"elementor-element elementor-element-67d49822 elementor-widget elementor-widget-heading\" data-id=\"67d49822\" data-element_type=\"widget\" data-e-type=\"widget\" data-widget_type=\"heading.default\">\n\t\t\t\t<div class=\"elementor-widget-container\">\n\t\t\t\t\t<h2 class=\"elementor-heading-title elementor-size-default\">D\u00f3nde est\u00e1 y c\u00f3mo llegar<\/h2>\t\t\t\t<\/div>\n\t\t\t\t<\/div>\n\t\t\t\t<div class=\"elementor-element elementor-element-540aa8dc elementor-widget elementor-widget-text-editor\" data-id=\"540aa8dc\" data-element_type=\"widget\" data-e-type=\"widget\" data-widget_type=\"text-editor.default\">\n\t\t\t\t<div class=\"elementor-widget-container\">\n\t\t\t\t\t\t\t\t\t<p style=\"font-weight: 400;\">La localidad est\u00e1 a\u00a0unos 30 km al sur de Sevilla, en la comarca del\u00a0Bajo Guadalquivir y <strong>lo suyo es que vengas en coche o en autob\u00fas<\/strong>. No hay estaci\u00f3n de tren en el municipio; la m\u00e1s cercana es la de Utrera \u2014a unos 12 km\u2014 y tampoco tiene aeropuerto.<\/p><p style=\"font-weight: 400;\"><strong>En coche tienes<\/strong><strong> acceso directo desde la<\/strong><strong>\u00a0A-4 \u2014por la salida <\/strong><strong>558\u2014 y tambi\u00e9n desde la <\/strong><strong>AP-4 \u2014por la salida 23\u2014 en <\/strong><strong>direcci\u00f3n C\u00e1diz.<\/strong><strong> Desde C\u00e1diz o desde <\/strong><strong>Jerez, la entrada es la misma pero en sentido norte. <\/strong><strong>El municipio, adem\u00e1s, se cruza por la\u00a0N-IV\u00a0y la\u00a0A-362\u00a0hacia Utrera.<\/strong><\/p><p style=\"font-weight: 400;\">Sin coche, lo m\u00e1s sencillo es tomar un\u00a0<strong>autob\u00fas<\/strong>, en concreto la\u00a0<strong><a href=\"http:\/\/www.consorciotransportes-sevilla.com\/horarios_lineas.php?linea=134\">l\u00ednea M-134\u00a0<\/a>que <\/strong><strong>conecta\u00a0Sevilla-<\/strong><strong>Los Palacios o alguna de las l\u00edneas del <a href=\"https:\/\/samar.es\/\">Grupo Samar<\/a><\/strong>: la L-74 o la L-77. Los puntos clave de salida desde Sevilla son la Avenida de Portugal, Bellavista y Hospital de Valme, entre otras.<\/p><p style=\"font-weight: 400;\">Un taxi podr\u00eda costarte entre unos 37,80 \u20ac con la tarifa normal y unos 45 \u20ac con la tarifa nocturna, de fines de semana y festivos.<\/p>\t\t\t\t\t\t\t\t<\/div>\n\t\t\t\t<\/div>\n\t\t\t\t\t<\/div>\n\t\t<\/div>\n\t\t\t\t<div class=\"elementor-column elementor-col-50 elementor-top-column elementor-element elementor-element-036db0b\" data-id=\"036db0b\" data-element_type=\"column\" data-e-type=\"column\">\n\t\t\t<div class=\"elementor-widget-wrap elementor-element-populated\">\n\t\t\t\t\t\t<div class=\"elementor-element elementor-element-dbb3dcc elementor-widget elementor-widget-google_maps\" data-id=\"dbb3dcc\" data-element_type=\"widget\" data-e-type=\"widget\" data-widget_type=\"google_maps.default\">\n\t\t\t\t<div class=\"elementor-widget-container\">\n\t\t\t\t\t\t\t<div class=\"elementor-custom-embed\">\n\t\t\t<iframe loading=\"lazy\"\n\t\t\t\t\tsrc=\"https:\/\/maps.google.com\/maps?q=%20Los%20Palacios%20y%20Villafranca%20en%20Sevilla&#038;t=m&#038;z=11&#038;output=embed&#038;iwloc=near\"\n\t\t\t\t\ttitle=\" Los Palacios y Villafranca en Sevilla\"\n\t\t\t\t\taria-label=\" Los Palacios y Villafranca en Sevilla\"\n\t\t\t><\/iframe>\n\t\t<\/div>\n\t\t\t\t\t\t<\/div>\n\t\t\t\t<\/div>\n\t\t\t\t\t<\/div>\n\t\t<\/div>\n\t\t\t\t\t<\/div>\n\t\t<\/section>\n\t\t\t\t<section class=\"elementor-section elementor-top-section elementor-element elementor-element-9d3733a elementor-section-boxed elementor-section-height-default elementor-section-height-default\" data-id=\"9d3733a\" data-element_type=\"section\" data-e-type=\"section\">\n\t\t\t\t\t\t<div class=\"elementor-container elementor-column-gap-default\">\n\t\t\t\t\t<div class=\"elementor-column elementor-col-100 elementor-top-column elementor-element elementor-element-319497b\" data-id=\"319497b\" data-element_type=\"column\" data-e-type=\"column\">\n\t\t\t<div class=\"elementor-widget-wrap elementor-element-populated\">\n\t\t\t\t\t\t<div class=\"elementor-element elementor-element-0cf29c2 elementor-widget elementor-widget-heading\" data-id=\"0cf29c2\" data-element_type=\"widget\" data-e-type=\"widget\" data-widget_type=\"heading.default\">\n\t\t\t\t<div class=\"elementor-widget-container\">\n\t\t\t\t\t<h2 class=\"elementor-heading-title elementor-size-default\">Qu\u00e9 ver en Los Palacios y Villafranca en Sevilla<\/h2>\t\t\t\t<\/div>\n\t\t\t\t<\/div>\n\t\t\t\t<div class=\"elementor-element elementor-element-5cf4b56 elementor-widget elementor-widget-text-editor\" data-id=\"5cf4b56\" data-element_type=\"widget\" data-e-type=\"widget\" data-widget_type=\"text-editor.default\">\n\t\t\t\t<div class=\"elementor-widget-container\">\n\t\t\t\t\t\t\t\t\t<p style=\"font-weight: 400;\">Si es tu primera vez aqu\u00ed, lo mejor es que empieces por la <strong>Parroquia Mayor de Santa Mar\u00eda la Blanca<\/strong>, el templo m\u00e1s antiguo del municipio y un buen hilo del que tirar para entender el lugar. La Virgen de las Nieves, la patrona, es la imagen m\u00e1s querida por los vecinos. Entrar merece la pena por el ambiente y por el valor hist\u00f3rico del edificio, que fuelevantado bajo el mecenazgo de la Casa Ducal de Arcos.<\/p>\t\t\t\t\t\t\t\t<\/div>\n\t\t\t\t<\/div>\n\t\t\t\t\t<\/div>\n\t\t<\/div>\n\t\t\t\t\t<\/div>\n\t\t<\/section>\n\t\t\t\t<section class=\"elementor-section elementor-top-section elementor-element elementor-element-f07bdf9 elementor-section-boxed elementor-section-height-default elementor-section-height-default\" data-id=\"f07bdf9\" data-element_type=\"section\" data-e-type=\"section\">\n\t\t\t\t\t\t<div class=\"elementor-container elementor-column-gap-default\">\n\t\t\t\t\t<div class=\"elementor-column elementor-col-50 elementor-top-column elementor-element elementor-element-dfe53a0\" data-id=\"dfe53a0\" data-element_type=\"column\" data-e-type=\"column\">\n\t\t\t<div class=\"elementor-widget-wrap elementor-element-populated\">\n\t\t\t\t\t\t<div class=\"elementor-element elementor-element-81225c3 elementor-widget elementor-widget-text-editor\" data-id=\"81225c3\" data-element_type=\"widget\" data-e-type=\"widget\" data-widget_type=\"text-editor.default\">\n\t\t\t\t<div class=\"elementor-widget-container\">\n\t\t\t\t\t\t\t\t\t<p style=\"font-weight: 400;\">A\u00f1ade a tu ruta <strong>la Iglesia del Sagrado Coraz\u00f3n y el entorno de la Plaza Miguel Murube Gal\u00e1n<\/strong>, en la parte alta del casco hist\u00f3rico. La subida es corta y agradable y te regala otra perspectiva del municipio: fachadas encaladas, rejas de forja, patios y decoraciones cer\u00e1micas. Aprovecha para entrar en alguna tienda de barrio donde adem\u00e1s de recuerdosencontrar\u00e1s productos de la huerta.<\/p><p style=\"font-weight: 400;\">Y si vas hacia las afueras \u2014deber\u00edas hacerlo\u2014 <strong>te vas a encontrar <\/strong><strong>las t\u00edpicas haciendas olivareras, como La Mejorada Baja<\/strong>. Hay m\u00e1s de 200 entre Sevilla y C\u00e1diz y algunas de ellas son visitables.<\/p><p style=\"font-weight: 400;\">Tampoco puedes irte de Los Palacios y Villafranca en Sevilla sin acercarte al <strong>Paraje Natural Brazo del Este, <\/strong><strong>el<\/strong><strong> antiguo brazo del Guadalquivir que se ha convertido en marisma<\/strong>. Seg\u00fan la \u00e9poca y el tiempo en Los Palacios y Villafranca, se dejan ver garzas, flamencos, moritos y otras especies.<\/p>\t\t\t\t\t\t\t\t<\/div>\n\t\t\t\t<\/div>\n\t\t\t\t\t<\/div>\n\t\t<\/div>\n\t\t\t\t<div class=\"elementor-column elementor-col-50 elementor-top-column elementor-element elementor-element-c37b4ff\" data-id=\"c37b4ff\" data-element_type=\"column\" data-e-type=\"column\">\n\t\t\t<div class=\"elementor-widget-wrap elementor-element-populated\">\n\t\t\t\t\t\t<div class=\"elementor-element elementor-element-da33e7f elementor-widget elementor-widget-image\" data-id=\"da33e7f\" data-element_type=\"widget\" data-e-type=\"widget\" data-widget_type=\"image.default\">\n\t\t\t\t<div class=\"elementor-widget-container\">\n\t\t\t\t\t\t\t\t\t\t\t\t\t\t\t<img fetchpriority=\"high\" decoding=\"async\" width=\"800\" height=\"534\" src=\"https:\/\/www.waourentals.com\/blog\/wp-content\/uploads\/2025\/08\/Los-Palacios-y-Villafranca-en-Sevilla-1024x683.jpeg\" class=\"attachment-large size-large wp-image-1781\" alt=\"Los-Palacios-y-Villafranca-en-Sevilla\" srcset=\"https:\/\/www.waourentals.com\/blog\/wp-content\/uploads\/2025\/08\/Los-Palacios-y-Villafranca-en-Sevilla-1024x683.jpeg 1024w, https:\/\/www.waourentals.com\/blog\/wp-content\/uploads\/2025\/08\/Los-Palacios-y-Villafranca-en-Sevilla-300x200.jpeg 300w, https:\/\/www.waourentals.com\/blog\/wp-content\/uploads\/2025\/08\/Los-Palacios-y-Villafranca-en-Sevilla-768x512.jpeg 768w, https:\/\/www.waourentals.com\/blog\/wp-content\/uploads\/2025\/08\/Los-Palacios-y-Villafranca-en-Sevilla.jpeg 1200w\" sizes=\"(max-width: 800px) 100vw, 800px\" \/>\t\t\t\t\t\t\t\t\t\t\t\t\t\t\t<\/div>\n\t\t\t\t<\/div>\n\t\t\t\t\t<\/div>\n\t\t<\/div>\n\t\t\t\t\t<\/div>\n\t\t<\/section>\n\t\t\t\t<section class=\"elementor-section elementor-top-section elementor-element elementor-element-07b22ab elementor-section-boxed elementor-section-height-default elementor-section-height-default\" data-id=\"07b22ab\" data-element_type=\"section\" data-e-type=\"section\">\n\t\t\t\t\t\t<div class=\"elementor-container elementor-column-gap-default\">\n\t\t\t\t\t<div class=\"elementor-column elementor-col-100 elementor-top-column elementor-element elementor-element-ed639be\" data-id=\"ed639be\" data-element_type=\"column\" data-e-type=\"column\">\n\t\t\t<div class=\"elementor-widget-wrap elementor-element-populated\">\n\t\t\t\t\t\t<div class=\"elementor-element elementor-element-00c603f elementor-widget elementor-widget-heading\" data-id=\"00c603f\" data-element_type=\"widget\" data-e-type=\"widget\" data-widget_type=\"heading.default\">\n\t\t\t\t<div class=\"elementor-widget-container\">\n\t\t\t\t\t<h2 class=\"elementor-heading-title elementor-size-default\">Clima y cu\u00e1ndo visitar Los Palacios y Villafranca en Sevilla<\/h2>\t\t\t\t<\/div>\n\t\t\t\t<\/div>\n\t\t\t\t<div class=\"elementor-element elementor-element-1dd01ab elementor-widget elementor-widget-text-editor\" data-id=\"1dd01ab\" data-element_type=\"widget\" data-e-type=\"widget\" data-widget_type=\"text-editor.default\">\n\t\t\t\t<div class=\"elementor-widget-container\">\n\t\t\t\t\t\t\t\t\t<p style=\"font-weight: 400;\">El tiempo en Sevilla y tambi\u00e9n en Los Palacios y Villafranca es\u00a0mediterr\u00e1neo interior<strong>: inviernos suaves, primaveras muy agradables y\u00a0veranos calurosos<\/strong>. Por comodidad, la\u00a0mejor \u00e9poca para venir a conocer el municipio\u00a0esla\u00a0primavera \u2014de marzo a mayo\u2014 y el\u00a0oto\u00f1o \u2014de octubre a noviembre\u2014.<\/p><p style=\"font-weight: 400;\">\u00bfQuieres venir a conocer Los Palacios y Villafranca en verano? Haz el recorrido temprano o al atardecer y ll\u00e9vate siempre una botella de agua contigo.<\/p>\t\t\t\t\t\t\t\t<\/div>\n\t\t\t\t<\/div>\n\t\t\t\t\t<\/div>\n\t\t<\/div>\n\t\t\t\t\t<\/div>\n\t\t<\/section>\n\t\t\t\t<section class=\"elementor-section elementor-top-section elementor-element elementor-element-c6967a0 elementor-section-boxed elementor-section-height-default elementor-section-height-default\" data-id=\"c6967a0\" data-element_type=\"section\" data-e-type=\"section\">\n\t\t\t\t\t\t<div class=\"elementor-container elementor-column-gap-default\">\n\t\t\t\t\t<div class=\"elementor-column elementor-col-100 elementor-top-column elementor-element elementor-element-dd15733\" data-id=\"dd15733\" data-element_type=\"column\" data-e-type=\"column\">\n\t\t\t<div class=\"elementor-widget-wrap elementor-element-populated\">\n\t\t\t\t\t\t<div class=\"elementor-element elementor-element-206019e elementor-widget elementor-widget-heading\" data-id=\"206019e\" data-element_type=\"widget\" data-e-type=\"widget\" data-widget_type=\"heading.default\">\n\t\t\t\t<div class=\"elementor-widget-container\">\n\t\t\t\t\t<h2 class=\"elementor-heading-title elementor-size-default\">Gastronom\u00eda y fiestas populares que no te puedes perder<\/h2>\t\t\t\t<\/div>\n\t\t\t\t<\/div>\n\t\t\t\t<div class=\"elementor-element elementor-element-9e1477e elementor-widget elementor-widget-text-editor\" data-id=\"9e1477e\" data-element_type=\"widget\" data-e-type=\"widget\" data-widget_type=\"text-editor.default\">\n\t\t\t\t<div class=\"elementor-widget-container\">\n\t\t\t\t\t\t\t\t\t<p style=\"font-weight: 400;\">Aqu\u00ed el protagonista es el\u00a0<strong>Tomate de Los Palacios<\/strong>\u00a0\u2014con marca de calidad local\u2014. Es la base de ensaladas,\u00a0gazpachos, guisos y de otras tantas elaboraciones que comemos cada d\u00eda.<\/p><p style=\"font-weight: 400;\"><strong>La localidad presume, con raz\u00f3n, de\u00a0su <\/strong><strong><em>frit\u00e1<\/em><\/strong><strong> de tomate. E<\/strong><strong>n 2013 entr\u00f3 en el\u00a0Guinness World Records\u00a0por cocinar una de\u00a02.662 kg\u00a0con producto de la tierra.<\/strong><\/p><p style=\"font-weight: 400;\">Como restaurantes donde probarlo, te recomendamos La Santa Taberna, que tiene terraza y una comida realmente deliciosa; y la Taberna Pico Reja, que cuenta con una carta muy peque\u00f1a pero todo est\u00e1 hecho con mimo y dedicaci\u00f3n.<\/p><p style=\"font-weight: 400;\">P\u00eddelos en forma de salmorejo, asados con ventresca o en confitura casera. Y si puedes, ac\u00e9rcate a la <strong>Plaza de Abastos<\/strong>; aqu\u00ed puedes comprar tomates y muchos otros productos t\u00edpicos de la zona como aceite o pan directamente al agricultor o a peque\u00f1os distribuidores. Adem\u00e1s, a pocos pasos est\u00e1 <strong>la zona Bianco<\/strong>, un espacio gastron\u00f3mico con un mont\u00f3n de puestos para picar algo.<\/p><p style=\"font-weight: 400;\">Y si quieres completar el d\u00eda de turisteo con una fiesta tradicional, <strong>tienes que hacer coincidir tu visita a Los Palacios y Villafranca en Sevilla con <\/strong><strong>la\u00a0Romer\u00eda de San Isidro Labrador\u00a0\u2014en <\/strong><strong>mayo\u2014 o<\/strong><strong> las\u00a0Fiestas Patronales en honor a la Virgen de las Nieves \u2014de finales de julio a mediados de agosto\u2014<\/strong><strong>. <\/strong>Son buenas excusas para venir con ambiente y ver al pueblo entero disfrutando en las calles.<\/p>\t\t\t\t\t\t\t\t<\/div>\n\t\t\t\t<\/div>\n\t\t\t\t<div class=\"elementor-element elementor-element-e3a040a elementor-widget elementor-widget-image\" data-id=\"e3a040a\" data-element_type=\"widget\" data-e-type=\"widget\" data-widget_type=\"image.default\">\n\t\t\t\t<div class=\"elementor-widget-container\">\n\t\t\t\t\t\t\t\t\t\t\t\t\t\t\t<img decoding=\"async\" width=\"1240\" height=\"670\" src=\"https:\/\/www.waourentals.com\/blog\/wp-content\/uploads\/2025\/08\/Los-Palacios-y-Villafranca-en-Sevilla-visitar-un-dia.jpg\" class=\"attachment-full size-full wp-image-1783\" alt=\"Los-Palacios-y-Villafranca-en-Sevilla-visitar-un-dia\" srcset=\"https:\/\/www.waourentals.com\/blog\/wp-content\/uploads\/2025\/08\/Los-Palacios-y-Villafranca-en-Sevilla-visitar-un-dia.jpg 1240w, https:\/\/www.waourentals.com\/blog\/wp-content\/uploads\/2025\/08\/Los-Palacios-y-Villafranca-en-Sevilla-visitar-un-dia-300x162.jpg 300w, https:\/\/www.waourentals.com\/blog\/wp-content\/uploads\/2025\/08\/Los-Palacios-y-Villafranca-en-Sevilla-visitar-un-dia-1024x553.jpg 1024w, https:\/\/www.waourentals.com\/blog\/wp-content\/uploads\/2025\/08\/Los-Palacios-y-Villafranca-en-Sevilla-visitar-un-dia-768x415.jpg 768w\" sizes=\"(max-width: 1240px) 100vw, 1240px\" \/>\t\t\t\t\t\t\t\t\t\t\t\t\t\t\t<\/div>\n\t\t\t\t<\/div>\n\t\t\t\t\t<\/div>\n\t\t<\/div>\n\t\t\t\t\t<\/div>\n\t\t<\/section>\n\t\t\t\t<section class=\"elementor-section elementor-top-section elementor-element elementor-element-a999a4e elementor-section-boxed elementor-section-height-default elementor-section-height-default\" data-id=\"a999a4e\" data-element_type=\"section\" data-e-type=\"section\">\n\t\t\t\t\t\t<div class=\"elementor-container elementor-column-gap-default\">\n\t\t\t\t\t<div class=\"elementor-column elementor-col-100 elementor-top-column elementor-element elementor-element-dbd8c26\" data-id=\"dbd8c26\" data-element_type=\"column\" data-e-type=\"column\">\n\t\t\t<div class=\"elementor-widget-wrap elementor-element-populated\">\n\t\t\t\t\t\t<div class=\"elementor-element elementor-element-0426402 elementor-widget elementor-widget-heading\" data-id=\"0426402\" data-element_type=\"widget\" data-e-type=\"widget\" data-widget_type=\"heading.default\">\n\t\t\t\t<div class=\"elementor-widget-container\">\n\t\t\t\t\t<h2 class=\"elementor-heading-title elementor-size-default\">Ven a conocer este rinc\u00f3n de Sevilla<\/h2>\t\t\t\t<\/div>\n\t\t\t\t<\/div>\n\t\t\t\t<div class=\"elementor-element elementor-element-5845ff9 elementor-widget elementor-widget-text-editor\" data-id=\"5845ff9\" data-element_type=\"widget\" data-e-type=\"widget\" data-widget_type=\"text-editor.default\">\n\t\t\t\t<div class=\"elementor-widget-container\">\n\t\t\t\t\t\t\t\t\t<p style=\"font-weight: 400;\">Llegar a\u00a0Los Palacios y Villafranca en Sevilla\u00a0es f\u00e1cil, recorrerlo tambi\u00e9n y su gastronom\u00eda y fiestas no defraudan a nadie.<\/p><p style=\"font-weight: 400;\">As\u00ed que, si ya has hecho <em>check<\/em> en los imprescindibles de la capital \u2014<a href=\"https:\/\/www.waourentals.com\/blog\/free-tour-sevilla\/\">free tour por Sevilla<\/a>,\u00a0las Setas,\u00a0Bas\u00edlica de la Macarena,\u00a0Giralda,\u00a0Plaza de Espa\u00f1a,\u00a0Real Alc\u00e1zar\u00a0o incluso el\u00a0<a href=\"https:\/\/www.waourentals.com\/blog\/tour-estadio-sevilla\/\">tour por el estadio de Sevilla<\/a>\u2014,\u00a0<strong>venir a conocer Los Palacios y Villafranca\u00a0es una idea de diez<\/strong> para completar la experiencia.<\/p><p style=\"font-weight: 400;\">Y en <a href=\"https:\/\/www.waourentals.com\/\">WAOU RENTALS<\/a> te lo ponemos en bandeja, porque puedes reservar en un par de minutos un estudio, apartamento o una villa en pleno centro de Sevilla, el mejor lugar para alojarse y lanzarte a recorrer los alrededores.<\/p><p style=\"font-weight: 400;\">Entonces\u2026 \u00bfvienes a visitar Los Palacios y Villafranca en Sevilla?<\/p><p>Lorem ipsum dolor sit amet, consectetur adipiscing elit. Ut elit tellus, luctus nec ullamcorper mattis, pulvinar dapibus leo.<\/p>\t\t\t\t\t\t\t\t<\/div>\n\t\t\t\t<\/div>\n\t\t\t\t\t<\/div>\n\t\t<\/div>\n\t\t\t\t\t<\/div>\n\t\t<\/section>\n\t\t\t\t<section class=\"elementor-section elementor-top-section elementor-element elementor-element-141e7953 elementor-section-boxed elementor-section-height-default elementor-section-height-default\" data-id=\"141e7953\" data-element_type=\"section\" data-e-type=\"section\">\n\t\t\t\t\t\t<div class=\"elementor-container elementor-column-gap-default\">\n\t\t\t\t\t<div class=\"elementor-column elementor-col-100 elementor-top-column elementor-element elementor-element-48bb0bd9\" data-id=\"48bb0bd9\" data-element_type=\"column\" data-e-type=\"column\">\n\t\t\t<div class=\"elementor-widget-wrap elementor-element-populated\">\n\t\t\t\t\t\t<div class=\"elementor-element elementor-element-639f6d18 elementor-widget elementor-widget-shortcode\" data-id=\"639f6d18\" data-element_type=\"widget\" data-e-type=\"widget\" data-widget_type=\"shortcode.default\">\n\t\t\t\t<div class=\"elementor-widget-container\">\n\t\t\t\t\t\t\t<div class=\"elementor-shortcode\">\t\t<div data-elementor-type=\"section\" data-elementor-id=\"420\" class=\"elementor elementor-420\" data-elementor-post-type=\"elementor_library\">\n\t\t\t\t\t<section class=\"elementor-section elementor-top-section elementor-element elementor-element-e33e60a elementor-section-boxed elementor-section-height-default elementor-section-height-default\" data-id=\"e33e60a\" data-element_type=\"section\" data-e-type=\"section\">\n\t\t\t\t\t\t<div class=\"elementor-container elementor-column-gap-default\">\n\t\t\t\t\t<div class=\"elementor-column elementor-col-100 elementor-top-column elementor-element elementor-element-c31ac4c\" data-id=\"c31ac4c\" data-element_type=\"column\" data-e-type=\"column\">\n\t\t\t<div class=\"elementor-widget-wrap elementor-element-populated\">\n\t\t\t\t\t\t<div class=\"elementor-element elementor-element-244913c elementor-widget elementor-widget-grid\" data-id=\"244913c\" data-element_type=\"widget\" data-e-type=\"widget\" data-widget_type=\"grid.default\">\n\t\t\t\t<div class=\"elementor-widget-container\">\n\t\t\t\t\t\t\t<div class=\"its--row alojamientos-recomendados\">\n\n\t\t\t<div class=\"alojamientos-recomendados-container\">\n\n\t\t\t\t\t\n\t\t\t\t\t<a href=\"https:\/\/www.waourentals.com\/alquiler\/apartamento-sevilla-waou-sevilla-skyline-272659.html\" rel=\"nofollow\" style=\"width: 32%;\">\n\t\t\t\t\t\t<div class=\"apartamento-box\">\n\t\t\t\t\t\t\t<div class=\"imagen_recomendados\">\n\t\t\t\t\t\t\t\t<img decoding=\"async\" src=\"https:\/\/crs.avantio.com\/fotos\/2\/1547224770788a3cd887bbd64e11d35f1eec6f399c\/big1547224771641fe9c63ff747058312382e2930df4a.jpg\" alt=\"Refinado d\u00faplex en centro Sevilla, enclavado entre el Barrio de Santa Cruz y la Juder\u00eda\">\n\t\t\t\t\t\t\t<\/div>\n\t\t\t\t\t\t\t<div class=\"info\">\n\t\t\t\t\t\t\t\t<div class=\"ubicacion\">\n\t\t\t\t\t\t\t\t\t<i class=\"fa-solid fa-location-dot icono-mapa\"><\/i><span class=\"ubicacion-texto\">Sevilla - Sevilla<\/span>\n\t\t\t\t\t\t\t\t<\/div>\n\t\t\t\t\t\t\t\t<H4 class=\"titulo-alojamiento\">\n\t\t\t\t\t\t\t\t\tRefinado d\u00faplex en centro Sevilla, enclavado entre el Barrio de Santa Cruz y la Juder\u00eda\t\t\t\t\t\t\t\t<\/H4>\n\t\t\t\t\t\t\t\t<p class=\"precio-alojamiento\">Desde <span class=\"precio\">90.00\u20ac<\/span> por noche<\/p>\n\t\t\t\t\t\t\t<\/div>\n\t\t\t\t\t\t<\/div>\n\t\t\t\t\t<\/a> \n\t\t\t\t\t\t\n\t\t\t\t\t<a href=\"https:\/\/www.waourentals.com\/alquiler\/estudio-sevilla-waou-cosy-iii-sevilla-cathedral-286413.html\" rel=\"nofollow\" style=\"width: 32%;\">\n\t\t\t\t\t\t<div class=\"apartamento-box\">\n\t\t\t\t\t\t\t<div class=\"imagen_recomendados\">\n\t\t\t\t\t\t\t\t<img decoding=\"async\" src=\"https:\/\/crs.avantio.com\/fotos\/2\/1556639157beb734e16fb945a497df0994ae84090d\/big1557230066662ffa5e3e9b0806b0911286428f80ea.jpg\" alt=\"Acogedor estudio en Sevilla a 5 minutos a pie de la Catedral\">\n\t\t\t\t\t\t\t<\/div>\n\t\t\t\t\t\t\t<div class=\"info\">\n\t\t\t\t\t\t\t\t<div class=\"ubicacion\">\n\t\t\t\t\t\t\t\t\t<i class=\"fa-solid fa-location-dot icono-mapa\"><\/i><span class=\"ubicacion-texto\">Sevilla - Sevilla<\/span>\n\t\t\t\t\t\t\t\t<\/div>\n\t\t\t\t\t\t\t\t<H4 class=\"titulo-alojamiento\">\n\t\t\t\t\t\t\t\t\tAcogedor estudio en Sevilla a 5 minutos a pie de la Catedral\t\t\t\t\t\t\t\t<\/H4>\n\t\t\t\t\t\t\t\t<p class=\"precio-alojamiento\">Desde <span class=\"precio\">55.00\u20ac<\/span> por noche<\/p>\n\t\t\t\t\t\t\t<\/div>\n\t\t\t\t\t\t<\/div>\n\t\t\t\t\t<\/a> \n\t\t\t\t\t\t\n\t\t\t\t\t<a href=\"https:\/\/www.waourentals.com\/alquiler\/estudio-sevilla-waou-cosy-iv-sevilla-cathedral-286419.html\" rel=\"nofollow\" style=\"width: 32%;\">\n\t\t\t\t\t\t<div class=\"apartamento-box\">\n\t\t\t\t\t\t\t<div class=\"imagen_recomendados\">\n\t\t\t\t\t\t\t\t<img decoding=\"async\" src=\"https:\/\/crs.avantio.com\/fotos\/2\/15566406700a08827c564a20a850fba12e1c2a87a0\/big1557234765595e52bd6a56d64aede8c0dccf2eb6ad.jpg\" alt=\"Pintoresco estudio en Sevilla cerca de la Catedral\">\n\t\t\t\t\t\t\t<\/div>\n\t\t\t\t\t\t\t<div class=\"info\">\n\t\t\t\t\t\t\t\t<div class=\"ubicacion\">\n\t\t\t\t\t\t\t\t\t<i class=\"fa-solid fa-location-dot icono-mapa\"><\/i><span class=\"ubicacion-texto\">Sevilla - Sevilla<\/span>\n\t\t\t\t\t\t\t\t<\/div>\n\t\t\t\t\t\t\t\t<H4 class=\"titulo-alojamiento\">\n\t\t\t\t\t\t\t\t\tPintoresco estudio en Sevilla cerca de la Catedral\t\t\t\t\t\t\t\t<\/H4>\n\t\t\t\t\t\t\t\t<p class=\"precio-alojamiento\">Desde <span class=\"precio\">52.00\u20ac<\/span> por noche<\/p>\n\t\t\t\t\t\t\t<\/div>\n\t\t\t\t\t\t<\/div>\n\t\t\t\t\t<\/a> \n\t\t\t\t\t\t\t\t<\/div>\n\t\t\t<\/div>\n\t\t\t\t\t\t<\/div>\n\t\t\t\t<\/div>\n\t\t\t\t\t<\/div>\n\t\t<\/div>\n\t\t\t\t\t<\/div>\n\t\t<\/section>\n\t\t\t\t<section class=\"elementor-section elementor-top-section elementor-element elementor-element-2c6af928 elementor-section-boxed elementor-section-height-default elementor-section-height-default\" data-id=\"2c6af928\" data-element_type=\"section\" data-e-type=\"section\">\n\t\t\t\t\t\t<div class=\"elementor-container elementor-column-gap-default\">\n\t\t\t\t\t<div class=\"elementor-column elementor-col-33 elementor-top-column elementor-element elementor-element-5eb82e98\" data-id=\"5eb82e98\" data-element_type=\"column\" data-e-type=\"column\">\n\t\t\t<div class=\"elementor-widget-wrap elementor-element-populated\">\n\t\t\t\t\t\t<div class=\"elementor-element elementor-element-4f393fd6 elementor-align-justify elementor-widget elementor-widget-button\" data-id=\"4f393fd6\" data-element_type=\"widget\" data-e-type=\"widget\" data-widget_type=\"button.default\">\n\t\t\t\t<div class=\"elementor-widget-container\">\n\t\t\t\t\t\t\t\t\t<div class=\"elementor-button-wrapper\">\n\t\t\t\t\t<a class=\"elementor-button elementor-button-link elementor-size-sm\" href=\"https:\/\/www.waourentals.com\/alojamientos-en-sevilla\/\">\n\t\t\t\t\t\t<span class=\"elementor-button-content-wrapper\">\n\t\t\t\t\t\t\t\t\t<span class=\"elementor-button-text\">Alojamientos en Sevilla<\/span>\n\t\t\t\t\t<\/span>\n\t\t\t\t\t<\/a>\n\t\t\t\t<\/div>\n\t\t\t\t\t\t\t\t<\/div>\n\t\t\t\t<\/div>\n\t\t\t\t\t<\/div>\n\t\t<\/div>\n\t\t\t\t<div class=\"elementor-column elementor-col-33 elementor-top-column elementor-element elementor-element-7b093d2c\" data-id=\"7b093d2c\" data-element_type=\"column\" data-e-type=\"column\">\n\t\t\t<div class=\"elementor-widget-wrap elementor-element-populated\">\n\t\t\t\t\t\t<div class=\"elementor-element elementor-element-5e8738fd elementor-align-justify elementor-widget elementor-widget-button\" data-id=\"5e8738fd\" data-element_type=\"widget\" data-e-type=\"widget\" data-widget_type=\"button.default\">\n\t\t\t\t<div class=\"elementor-widget-container\">\n\t\t\t\t\t\t\t\t\t<div class=\"elementor-button-wrapper\">\n\t\t\t\t\t<a class=\"elementor-button elementor-button-link elementor-size-sm\" href=\"https:\/\/www.waourentals.com\/apartamentos-sevilla\/\">\n\t\t\t\t\t\t<span class=\"elementor-button-content-wrapper\">\n\t\t\t\t\t\t\t\t\t<span class=\"elementor-button-text\">Apartamentos en Sevilla<\/span>\n\t\t\t\t\t<\/span>\n\t\t\t\t\t<\/a>\n\t\t\t\t<\/div>\n\t\t\t\t\t\t\t\t<\/div>\n\t\t\t\t<\/div>\n\t\t\t\t\t<\/div>\n\t\t<\/div>\n\t\t\t\t<div class=\"elementor-column elementor-col-33 elementor-top-column elementor-element elementor-element-643f8376\" data-id=\"643f8376\" data-element_type=\"column\" data-e-type=\"column\">\n\t\t\t<div class=\"elementor-widget-wrap elementor-element-populated\">\n\t\t\t\t\t\t<div class=\"elementor-element elementor-element-5456f64 elementor-align-justify elementor-widget elementor-widget-button\" data-id=\"5456f64\" data-element_type=\"widget\" data-e-type=\"widget\" data-widget_type=\"button.default\">\n\t\t\t\t<div class=\"elementor-widget-container\">\n\t\t\t\t\t\t\t\t\t<div class=\"elementor-button-wrapper\">\n\t\t\t\t\t<a class=\"elementor-button elementor-button-link elementor-size-sm\" href=\"https:\/\/www.waourentals.com\/alquiler\/estudios-madrid-c14d367\/\">\n\t\t\t\t\t\t<span class=\"elementor-button-content-wrapper\">\n\t\t\t\t\t\t\t\t\t<span class=\"elementor-button-text\">Estudios en Sevilla<\/span>\n\t\t\t\t\t<\/span>\n\t\t\t\t\t<\/a>\n\t\t\t\t<\/div>\n\t\t\t\t\t\t\t\t<\/div>\n\t\t\t\t<\/div>\n\t\t\t\t\t<\/div>\n\t\t<\/div>\n\t\t\t\t\t<\/div>\n\t\t<\/section>\n\t\t\t\t<\/div>\n\t\t<\/div>\n\t\t\t\t\t\t<\/div>\n\t\t\t\t<\/div>\n\t\t\t\t\t<\/div>\n\t\t<\/div>\n\t\t\t\t\t<\/div>\n\t\t<\/section>\n\t\t\t\t<\/div>\n\t\t","protected":false},"excerpt":{"rendered":"<p>Si te apetece conocer un rinc\u00f3n aut\u00e9ntico del\u00a0Bajo Guadalquivir\u00a0y est\u00e1s en Sevilla o cerca de la ciudad, apunta\u00a0Los Palacios y Villafranca. Es un municipio agr\u00edcola, hospitalario y muy bien comunicado; perfecto para comer de diez \u2014el\u00a0tomate de Los Palacios est\u00e1 delicioso\u2014 y para combinar pueblo, marismas y aves en un mismo d\u00eda. Y aqu\u00ed va [&hellip;]<\/p>\n","protected":false},"author":3,"featured_media":1785,"comment_status":"open","ping_status":"open","sticky":false,"template":"","format":"standard","meta":{"footnotes":""},"categories":[27],"tags":[39],"class_list":["post-1776","post","type-post","status-publish","format-standard","has-post-thumbnail","hentry","category-sevilla","tag-no-template"],"yoast_head":"<!-- This site is optimized with the Yoast SEO plugin v27.5 - https:\/\/yoast.com\/product\/yoast-seo-wordpress\/ -->\n<title>Ven a conocer\u00a0Los Palacios y Villafranca\u00a0en Sevilla - Blog de waourentals<\/title>\n<meta name=\"description\" content=\"\u00bfQuieres venir a conocer Los Palacios y Villafranca en Sevilla? Te contamos c\u00f3mo llegar, qu\u00e9 ver, qu\u00e9 hacer, d\u00f3nde comer y d\u00f3nde alojarte en la zona.\" \/>\n<meta name=\"robots\" content=\"index, follow, max-snippet:-1, max-image-preview:large, max-video-preview:-1\" \/>\n<link rel=\"canonical\" href=\"https:\/\/www.waourentals.com\/blog\/palacios-y-villafranca-en-sevilla\/\" \/>\n<meta property=\"og:locale\" content=\"es_ES\" \/>\n<meta property=\"og:type\" content=\"article\" \/>\n<meta property=\"og:title\" content=\"Ven a conocer\u00a0Los Palacios y Villafranca\u00a0en Sevilla - Blog de waourentals\" \/>\n<meta property=\"og:description\" content=\"\u00bfQuieres venir a conocer Los Palacios y Villafranca en Sevilla? Te contamos c\u00f3mo llegar, qu\u00e9 ver, qu\u00e9 hacer, d\u00f3nde comer y d\u00f3nde alojarte en la zona.\" \/>\n<meta property=\"og:url\" content=\"https:\/\/www.waourentals.com\/blog\/palacios-y-villafranca-en-sevilla\/\" \/>\n<meta property=\"og:site_name\" content=\"Blog de waourentals\" \/>\n<meta property=\"article:published_time\" content=\"2025-08-22T08:40:39+00:00\" \/>\n<meta property=\"article:modified_time\" content=\"2026-04-24T09:28:25+00:00\" \/>\n<meta property=\"og:image\" content=\"https:\/\/www.waourentals.com\/blog\/wp-content\/uploads\/2025\/08\/Los-Palacios-y-Villafranca-en-Sevilla.jpg\" \/>\n\t<meta property=\"og:image:width\" content=\"1618\" \/>\n\t<meta property=\"og:image:height\" content=\"602\" \/>\n\t<meta property=\"og:image:type\" content=\"image\/jpeg\" \/>\n<meta name=\"author\" content=\"Laura\" \/>\n<meta name=\"twitter:card\" content=\"summary_large_image\" \/>\n<meta name=\"twitter:label1\" content=\"Written by\" \/>\n\t<meta name=\"twitter:data1\" content=\"Laura\" \/>\n\t<meta name=\"twitter:label2\" content=\"Est. reading time\" \/>\n\t<meta name=\"twitter:data2\" content=\"6 minutes\" \/>\n<script type=\"application\/ld+json\" class=\"yoast-schema-graph\">{\"@context\":\"https:\\\/\\\/schema.org\",\"@graph\":[{\"@type\":\"Article\",\"@id\":\"https:\\\/\\\/www.waourentals.com\\\/blog\\\/palacios-y-villafranca-en-sevilla\\\/#article\",\"isPartOf\":{\"@id\":\"https:\\\/\\\/www.waourentals.com\\\/blog\\\/palacios-y-villafranca-en-sevilla\\\/\"},\"author\":{\"name\":\"Laura\",\"@id\":\"https:\\\/\\\/www.waourentals.com\\\/blog\\\/#\\\/schema\\\/person\\\/5ed75b9d9dafc7ddc5521311552aa927\"},\"headline\":\"Ven a conocer\u00a0Los Palacios y Villafranca\u00a0en Sevilla\",\"datePublished\":\"2025-08-22T08:40:39+00:00\",\"dateModified\":\"2026-04-24T09:28:25+00:00\",\"mainEntityOfPage\":{\"@id\":\"https:\\\/\\\/www.waourentals.com\\\/blog\\\/palacios-y-villafranca-en-sevilla\\\/\"},\"wordCount\":1048,\"commentCount\":0,\"publisher\":{\"@id\":\"https:\\\/\\\/www.waourentals.com\\\/blog\\\/#organization\"},\"image\":{\"@id\":\"https:\\\/\\\/www.waourentals.com\\\/blog\\\/palacios-y-villafranca-en-sevilla\\\/#primaryimage\"},\"thumbnailUrl\":\"https:\\\/\\\/www.waourentals.com\\\/blog\\\/wp-content\\\/uploads\\\/2025\\\/08\\\/Los-Palacios-y-Villafranca-en-Sevilla.jpg\",\"keywords\":[\"No template\"],\"articleSection\":[\"Sevilla\"],\"inLanguage\":\"es\",\"potentialAction\":[{\"@type\":\"CommentAction\",\"name\":\"Comment\",\"target\":[\"https:\\\/\\\/www.waourentals.com\\\/blog\\\/palacios-y-villafranca-en-sevilla\\\/#respond\"]}]},{\"@type\":\"WebPage\",\"@id\":\"https:\\\/\\\/www.waourentals.com\\\/blog\\\/palacios-y-villafranca-en-sevilla\\\/\",\"url\":\"https:\\\/\\\/www.waourentals.com\\\/blog\\\/palacios-y-villafranca-en-sevilla\\\/\",\"name\":\"Ven a conocer\u00a0Los Palacios y Villafranca\u00a0en Sevilla - Blog de waourentals\",\"isPartOf\":{\"@id\":\"https:\\\/\\\/www.waourentals.com\\\/blog\\\/#website\"},\"primaryImageOfPage\":{\"@id\":\"https:\\\/\\\/www.waourentals.com\\\/blog\\\/palacios-y-villafranca-en-sevilla\\\/#primaryimage\"},\"image\":{\"@id\":\"https:\\\/\\\/www.waourentals.com\\\/blog\\\/palacios-y-villafranca-en-sevilla\\\/#primaryimage\"},\"thumbnailUrl\":\"https:\\\/\\\/www.waourentals.com\\\/blog\\\/wp-content\\\/uploads\\\/2025\\\/08\\\/Los-Palacios-y-Villafranca-en-Sevilla.jpg\",\"datePublished\":\"2025-08-22T08:40:39+00:00\",\"dateModified\":\"2026-04-24T09:28:25+00:00\",\"description\":\"\u00bfQuieres venir a conocer Los Palacios y Villafranca en Sevilla? Te contamos c\u00f3mo llegar, qu\u00e9 ver, qu\u00e9 hacer, d\u00f3nde comer y d\u00f3nde alojarte en la zona.\",\"breadcrumb\":{\"@id\":\"https:\\\/\\\/www.waourentals.com\\\/blog\\\/palacios-y-villafranca-en-sevilla\\\/#breadcrumb\"},\"inLanguage\":\"es\",\"potentialAction\":[{\"@type\":\"ReadAction\",\"target\":[\"https:\\\/\\\/www.waourentals.com\\\/blog\\\/palacios-y-villafranca-en-sevilla\\\/\"]}]},{\"@type\":\"ImageObject\",\"inLanguage\":\"es\",\"@id\":\"https:\\\/\\\/www.waourentals.com\\\/blog\\\/palacios-y-villafranca-en-sevilla\\\/#primaryimage\",\"url\":\"https:\\\/\\\/www.waourentals.com\\\/blog\\\/wp-content\\\/uploads\\\/2025\\\/08\\\/Los-Palacios-y-Villafranca-en-Sevilla.jpg\",\"contentUrl\":\"https:\\\/\\\/www.waourentals.com\\\/blog\\\/wp-content\\\/uploads\\\/2025\\\/08\\\/Los-Palacios-y-Villafranca-en-Sevilla.jpg\",\"width\":1618,\"height\":602,\"caption\":\"Los Palacios y Villafranca en Sevilla\"},{\"@type\":\"BreadcrumbList\",\"@id\":\"https:\\\/\\\/www.waourentals.com\\\/blog\\\/palacios-y-villafranca-en-sevilla\\\/#breadcrumb\",\"itemListElement\":[{\"@type\":\"ListItem\",\"position\":1,\"name\":\"Portada\",\"item\":\"https:\\\/\\\/www.waourentals.com\\\/blog\\\/en\\\/\"},{\"@type\":\"ListItem\",\"position\":2,\"name\":\"Ven a conocer\u00a0Los Palacios y Villafranca\u00a0en Sevilla\"}]},{\"@type\":\"WebSite\",\"@id\":\"https:\\\/\\\/www.waourentals.com\\\/blog\\\/#website\",\"url\":\"https:\\\/\\\/www.waourentals.com\\\/blog\\\/\",\"name\":\"Blog de waourentals\",\"description\":\"\",\"publisher\":{\"@id\":\"https:\\\/\\\/www.waourentals.com\\\/blog\\\/#organization\"},\"potentialAction\":[{\"@type\":\"SearchAction\",\"target\":{\"@type\":\"EntryPoint\",\"urlTemplate\":\"https:\\\/\\\/www.waourentals.com\\\/blog\\\/?s={search_term_string}\"},\"query-input\":{\"@type\":\"PropertyValueSpecification\",\"valueRequired\":true,\"valueName\":\"search_term_string\"}}],\"inLanguage\":\"es\"},{\"@type\":\"Organization\",\"@id\":\"https:\\\/\\\/www.waourentals.com\\\/blog\\\/#organization\",\"name\":\"Blog de waourentals\",\"url\":\"https:\\\/\\\/www.waourentals.com\\\/blog\\\/\",\"logo\":{\"@type\":\"ImageObject\",\"inLanguage\":\"es\",\"@id\":\"https:\\\/\\\/www.waourentals.com\\\/blog\\\/#\\\/schema\\\/logo\\\/image\\\/\",\"url\":\"https:\\\/\\\/www.waourentals.com\\\/blog\\\/wp-content\\\/uploads\\\/2024\\\/10\\\/BNB-LOGO-NEGRO-1.png\",\"contentUrl\":\"https:\\\/\\\/www.waourentals.com\\\/blog\\\/wp-content\\\/uploads\\\/2024\\\/10\\\/BNB-LOGO-NEGRO-1.png\",\"width\":1698,\"height\":787,\"caption\":\"Blog de waourentals\"},\"image\":{\"@id\":\"https:\\\/\\\/www.waourentals.com\\\/blog\\\/#\\\/schema\\\/logo\\\/image\\\/\"}},{\"@type\":\"Person\",\"@id\":\"https:\\\/\\\/www.waourentals.com\\\/blog\\\/#\\\/schema\\\/person\\\/5ed75b9d9dafc7ddc5521311552aa927\",\"name\":\"Laura\",\"image\":{\"@type\":\"ImageObject\",\"inLanguage\":\"es\",\"@id\":\"https:\\\/\\\/secure.gravatar.com\\\/avatar\\\/38b396224481eeb6edadb558d7e4a6d1ff1c8ba1e6abd3951e451527e107c96b?s=96&d=mm&r=g\",\"url\":\"https:\\\/\\\/secure.gravatar.com\\\/avatar\\\/38b396224481eeb6edadb558d7e4a6d1ff1c8ba1e6abd3951e451527e107c96b?s=96&d=mm&r=g\",\"contentUrl\":\"https:\\\/\\\/secure.gravatar.com\\\/avatar\\\/38b396224481eeb6edadb558d7e4a6d1ff1c8ba1e6abd3951e451527e107c96b?s=96&d=mm&r=g\",\"caption\":\"Laura\"},\"url\":\"https:\\\/\\\/www.waourentals.com\\\/blog\\\/author\\\/laura\\\/\"}]}<\/script>\n<!-- \/ Yoast SEO plugin. -->","yoast_head_json":{"title":"Ven a conocer\u00a0Los Palacios y Villafranca\u00a0en Sevilla - Blog de waourentals","description":"\u00bfQuieres venir a conocer Los Palacios y Villafranca en Sevilla? Te contamos c\u00f3mo llegar, qu\u00e9 ver, qu\u00e9 hacer, d\u00f3nde comer y d\u00f3nde alojarte en la zona.","robots":{"index":"index","follow":"follow","max-snippet":"max-snippet:-1","max-image-preview":"max-image-preview:large","max-video-preview":"max-video-preview:-1"},"canonical":"https:\/\/www.waourentals.com\/blog\/palacios-y-villafranca-en-sevilla\/","og_locale":"es_ES","og_type":"article","og_title":"Ven a conocer\u00a0Los Palacios y Villafranca\u00a0en Sevilla - Blog de waourentals","og_description":"\u00bfQuieres venir a conocer Los Palacios y Villafranca en Sevilla? Te contamos c\u00f3mo llegar, qu\u00e9 ver, qu\u00e9 hacer, d\u00f3nde comer y d\u00f3nde alojarte en la zona.","og_url":"https:\/\/www.waourentals.com\/blog\/palacios-y-villafranca-en-sevilla\/","og_site_name":"Blog de waourentals","article_published_time":"2025-08-22T08:40:39+00:00","article_modified_time":"2026-04-24T09:28:25+00:00","og_image":[{"width":1618,"height":602,"url":"https:\/\/www.waourentals.com\/blog\/wp-content\/uploads\/2025\/08\/Los-Palacios-y-Villafranca-en-Sevilla.jpg","type":"image\/jpeg"}],"author":"Laura","twitter_card":"summary_large_image","twitter_misc":{"Written by":"Laura","Est. reading time":"6 minutes"},"schema":{"@context":"https:\/\/schema.org","@graph":[{"@type":"Article","@id":"https:\/\/www.waourentals.com\/blog\/palacios-y-villafranca-en-sevilla\/#article","isPartOf":{"@id":"https:\/\/www.waourentals.com\/blog\/palacios-y-villafranca-en-sevilla\/"},"author":{"name":"Laura","@id":"https:\/\/www.waourentals.com\/blog\/#\/schema\/person\/5ed75b9d9dafc7ddc5521311552aa927"},"headline":"Ven a conocer\u00a0Los Palacios y Villafranca\u00a0en Sevilla","datePublished":"2025-08-22T08:40:39+00:00","dateModified":"2026-04-24T09:28:25+00:00","mainEntityOfPage":{"@id":"https:\/\/www.waourentals.com\/blog\/palacios-y-villafranca-en-sevilla\/"},"wordCount":1048,"commentCount":0,"publisher":{"@id":"https:\/\/www.waourentals.com\/blog\/#organization"},"image":{"@id":"https:\/\/www.waourentals.com\/blog\/palacios-y-villafranca-en-sevilla\/#primaryimage"},"thumbnailUrl":"https:\/\/www.waourentals.com\/blog\/wp-content\/uploads\/2025\/08\/Los-Palacios-y-Villafranca-en-Sevilla.jpg","keywords":["No template"],"articleSection":["Sevilla"],"inLanguage":"es","potentialAction":[{"@type":"CommentAction","name":"Comment","target":["https:\/\/www.waourentals.com\/blog\/palacios-y-villafranca-en-sevilla\/#respond"]}]},{"@type":"WebPage","@id":"https:\/\/www.waourentals.com\/blog\/palacios-y-villafranca-en-sevilla\/","url":"https:\/\/www.waourentals.com\/blog\/palacios-y-villafranca-en-sevilla\/","name":"Ven a conocer\u00a0Los Palacios y Villafranca\u00a0en Sevilla - Blog de waourentals","isPartOf":{"@id":"https:\/\/www.waourentals.com\/blog\/#website"},"primaryImageOfPage":{"@id":"https:\/\/www.waourentals.com\/blog\/palacios-y-villafranca-en-sevilla\/#primaryimage"},"image":{"@id":"https:\/\/www.waourentals.com\/blog\/palacios-y-villafranca-en-sevilla\/#primaryimage"},"thumbnailUrl":"https:\/\/www.waourentals.com\/blog\/wp-content\/uploads\/2025\/08\/Los-Palacios-y-Villafranca-en-Sevilla.jpg","datePublished":"2025-08-22T08:40:39+00:00","dateModified":"2026-04-24T09:28:25+00:00","description":"\u00bfQuieres venir a conocer Los Palacios y Villafranca en Sevilla? Te contamos c\u00f3mo llegar, qu\u00e9 ver, qu\u00e9 hacer, d\u00f3nde comer y d\u00f3nde alojarte en la zona.","breadcrumb":{"@id":"https:\/\/www.waourentals.com\/blog\/palacios-y-villafranca-en-sevilla\/#breadcrumb"},"inLanguage":"es","potentialAction":[{"@type":"ReadAction","target":["https:\/\/www.waourentals.com\/blog\/palacios-y-villafranca-en-sevilla\/"]}]},{"@type":"ImageObject","inLanguage":"es","@id":"https:\/\/www.waourentals.com\/blog\/palacios-y-villafranca-en-sevilla\/#primaryimage","url":"https:\/\/www.waourentals.com\/blog\/wp-content\/uploads\/2025\/08\/Los-Palacios-y-Villafranca-en-Sevilla.jpg","contentUrl":"https:\/\/www.waourentals.com\/blog\/wp-content\/uploads\/2025\/08\/Los-Palacios-y-Villafranca-en-Sevilla.jpg","width":1618,"height":602,"caption":"Los Palacios y Villafranca en Sevilla"},{"@type":"BreadcrumbList","@id":"https:\/\/www.waourentals.com\/blog\/palacios-y-villafranca-en-sevilla\/#breadcrumb","itemListElement":[{"@type":"ListItem","position":1,"name":"Portada","item":"https:\/\/www.waourentals.com\/blog\/en\/"},{"@type":"ListItem","position":2,"name":"Ven a conocer\u00a0Los Palacios y Villafranca\u00a0en Sevilla"}]},{"@type":"WebSite","@id":"https:\/\/www.waourentals.com\/blog\/#website","url":"https:\/\/www.waourentals.com\/blog\/","name":"Blog de waourentals","description":"","publisher":{"@id":"https:\/\/www.waourentals.com\/blog\/#organization"},"potentialAction":[{"@type":"SearchAction","target":{"@type":"EntryPoint","urlTemplate":"https:\/\/www.waourentals.com\/blog\/?s={search_term_string}"},"query-input":{"@type":"PropertyValueSpecification","valueRequired":true,"valueName":"search_term_string"}}],"inLanguage":"es"},{"@type":"Organization","@id":"https:\/\/www.waourentals.com\/blog\/#organization","name":"Blog de waourentals","url":"https:\/\/www.waourentals.com\/blog\/","logo":{"@type":"ImageObject","inLanguage":"es","@id":"https:\/\/www.waourentals.com\/blog\/#\/schema\/logo\/image\/","url":"https:\/\/www.waourentals.com\/blog\/wp-content\/uploads\/2024\/10\/BNB-LOGO-NEGRO-1.png","contentUrl":"https:\/\/www.waourentals.com\/blog\/wp-content\/uploads\/2024\/10\/BNB-LOGO-NEGRO-1.png","width":1698,"height":787,"caption":"Blog de waourentals"},"image":{"@id":"https:\/\/www.waourentals.com\/blog\/#\/schema\/logo\/image\/"}},{"@type":"Person","@id":"https:\/\/www.waourentals.com\/blog\/#\/schema\/person\/5ed75b9d9dafc7ddc5521311552aa927","name":"Laura","image":{"@type":"ImageObject","inLanguage":"es","@id":"https:\/\/secure.gravatar.com\/avatar\/38b396224481eeb6edadb558d7e4a6d1ff1c8ba1e6abd3951e451527e107c96b?s=96&d=mm&r=g","url":"https:\/\/secure.gravatar.com\/avatar\/38b396224481eeb6edadb558d7e4a6d1ff1c8ba1e6abd3951e451527e107c96b?s=96&d=mm&r=g","contentUrl":"https:\/\/secure.gravatar.com\/avatar\/38b396224481eeb6edadb558d7e4a6d1ff1c8ba1e6abd3951e451527e107c96b?s=96&d=mm&r=g","caption":"Laura"},"url":"https:\/\/www.waourentals.com\/blog\/author\/laura\/"}]}},"_links":{"self":[{"href":"https:\/\/www.waourentals.com\/blog\/wp-json\/wp\/v2\/posts\/1776","targetHints":{"allow":["GET"]}}],"collection":[{"href":"https:\/\/www.waourentals.com\/blog\/wp-json\/wp\/v2\/posts"}],"about":[{"href":"https:\/\/www.waourentals.com\/blog\/wp-json\/wp\/v2\/types\/post"}],"author":[{"embeddable":true,"href":"https:\/\/www.waourentals.com\/blog\/wp-json\/wp\/v2\/users\/3"}],"replies":[{"embeddable":true,"href":"https:\/\/www.waourentals.com\/blog\/wp-json\/wp\/v2\/comments?post=1776"}],"version-history":[{"count":10,"href":"https:\/\/www.waourentals.com\/blog\/wp-json\/wp\/v2\/posts\/1776\/revisions"}],"predecessor-version":[{"id":1802,"href":"https:\/\/www.waourentals.com\/blog\/wp-json\/wp\/v2\/posts\/1776\/revisions\/1802"}],"wp:featuredmedia":[{"embeddable":true,"href":"https:\/\/www.waourentals.com\/blog\/wp-json\/wp\/v2\/media\/1785"}],"wp:attachment":[{"href":"https:\/\/www.waourentals.com\/blog\/wp-json\/wp\/v2\/media?parent=1776"}],"wp:term":[{"taxonomy":"category","embeddable":true,"href":"https:\/\/www.waourentals.com\/blog\/wp-json\/wp\/v2\/categories?post=1776"},{"taxonomy":"post_tag","embeddable":true,"href":"https:\/\/www.waourentals.com\/blog\/wp-json\/wp\/v2\/tags?post=1776"}],"curies":[{"name":"wp","href":"https:\/\/api.w.org\/{rel}","templated":true}]}}