{"id":1597,"date":"2025-06-16T14:20:18","date_gmt":"2025-06-16T14:20:18","guid":{"rendered":"https:\/\/www.waourentals.com\/blog\/?p=1597"},"modified":"2026-04-24T09:28:43","modified_gmt":"2026-04-24T09:28:43","slug":"flamenco-madrid","status":"publish","type":"post","link":"https:\/\/www.waourentals.com\/blog\/flamenco-madrid\/","title":{"rendered":"Disfruta de los mejores espect\u00e1culos de flamenco en Madrid"},"content":{"rendered":"\t\t<div data-elementor-type=\"wp-post\" data-elementor-id=\"1597\" class=\"elementor elementor-1597\" data-elementor-post-type=\"post\">\n\t\t\t\t\t\t<section class=\"elementor-section elementor-top-section elementor-element elementor-element-7752e7e4 elementor-section-boxed elementor-section-height-default elementor-section-height-default\" data-id=\"7752e7e4\" data-element_type=\"section\" data-e-type=\"section\">\n\t\t\t\t\t\t<div class=\"elementor-container elementor-column-gap-default\">\n\t\t\t\t\t<div class=\"elementor-column elementor-col-100 elementor-top-column elementor-element elementor-element-6350b6f3\" data-id=\"6350b6f3\" data-element_type=\"column\" data-e-type=\"column\">\n\t\t\t<div class=\"elementor-widget-wrap elementor-element-populated\">\n\t\t\t\t\t\t<div class=\"elementor-element elementor-element-35dcf870 elementor-widget elementor-widget-text-editor\" data-id=\"35dcf870\" data-element_type=\"widget\" data-e-type=\"widget\" data-widget_type=\"text-editor.default\">\n\t\t\t\t<div class=\"elementor-widget-container\">\n\t\t\t\t\t\t\t\t\t<p style=\"font-weight: 400;\">\u00bfQu\u00e9 le falta a Madrid? Nada. Por eso <strong>aqu\u00ed tambi\u00e9n puedes encontrar flamenco del bueno<\/strong>, de ese que emociona. Porque, aunque este arte no naci\u00f3 en la capital, Madrid se ha convertido en uno de sus grandes escenarios. Aqu\u00ed no se trata de origen, sino de acogida: <strong>la ciudad recibe y re\u00fane a los mejores artistas flamencos del pa\u00eds.<\/strong><\/p><p style=\"font-weight: 400;\">Y claro, con bailaores, guitarristas y cantaores que llegan desde todos los rincones de Espa\u00f1a, los tablaos flamencos madrile\u00f1os se llenan de espect\u00e1culos de alt\u00edsimo nivel.<\/p><p style=\"font-weight: 400;\">\u00bfQuieres saber d\u00f3nde ver flamenco en Madrid? Sigue leyendo, que te lo contamos.<\/p>\t\t\t\t\t\t\t\t<\/div>\n\t\t\t\t<\/div>\n\t\t\t\t\t<\/div>\n\t\t<\/div>\n\t\t\t\t\t<\/div>\n\t\t<\/section>\n\t\t\t\t<section class=\"elementor-section elementor-top-section elementor-element elementor-element-3fc43d35 elementor-section-boxed elementor-section-height-default elementor-section-height-default\" data-id=\"3fc43d35\" data-element_type=\"section\" data-e-type=\"section\">\n\t\t\t\t\t\t<div class=\"elementor-container elementor-column-gap-default\">\n\t\t\t\t\t<div class=\"elementor-column elementor-col-100 elementor-top-column elementor-element elementor-element-360365c8\" data-id=\"360365c8\" data-element_type=\"column\" data-e-type=\"column\">\n\t\t\t<div class=\"elementor-widget-wrap elementor-element-populated\">\n\t\t\t\t\t\t<div class=\"elementor-element elementor-element-4f12b4e2 elementor-widget elementor-widget-table-of-contents\" data-id=\"4f12b4e2\" data-element_type=\"widget\" data-e-type=\"widget\" data-settings=\"{&quot;headings_by_tags&quot;:[&quot;h2&quot;,&quot;h3&quot;],&quot;exclude_headings_by_selector&quot;:[],&quot;marker_view&quot;:&quot;bullets&quot;,&quot;icon&quot;:{&quot;value&quot;:&quot;&quot;,&quot;library&quot;:&quot;&quot;},&quot;no_headings_message&quot;:&quot;No headings were found on this page.&quot;,&quot;hierarchical_view&quot;:&quot;yes&quot;,&quot;min_height&quot;:{&quot;unit&quot;:&quot;px&quot;,&quot;size&quot;:&quot;&quot;,&quot;sizes&quot;:[]},&quot;min_height_tablet&quot;:{&quot;unit&quot;:&quot;px&quot;,&quot;size&quot;:&quot;&quot;,&quot;sizes&quot;:[]},&quot;min_height_mobile&quot;:{&quot;unit&quot;:&quot;px&quot;,&quot;size&quot;:&quot;&quot;,&quot;sizes&quot;:[]}}\" data-widget_type=\"table-of-contents.default\">\n\t\t\t\t<div class=\"elementor-widget-container\">\n\t\t\t\t\t\t\t\t\t<div class=\"elementor-toc__header\">\n\t\t\t\t\t\t<div class=\"elementor-toc__header-title\">\n\t\t\t\t\u00cdndice\t\t\t<\/div>\n\t\t\t\t\t\t\t\t<\/div>\n\t\t\t\t<div id=\"elementor-toc__4f12b4e2\" class=\"elementor-toc__body\">\n\t\t\t<div class=\"elementor-toc__spinner-container\">\n\t\t\t\t<i class=\"elementor-toc__spinner eicon-animation-spin eicon-loading\" aria-hidden=\"true\"><\/i>\t\t\t<\/div>\n\t\t<\/div>\n\t\t\t\t\t\t<\/div>\n\t\t\t\t<\/div>\n\t\t\t\t\t<\/div>\n\t\t<\/div>\n\t\t\t\t\t<\/div>\n\t\t<\/section>\n\t\t\t\t<section class=\"elementor-section elementor-top-section elementor-element elementor-element-1b65de19 elementor-section-boxed elementor-section-height-default elementor-section-height-default\" data-id=\"1b65de19\" data-element_type=\"section\" data-e-type=\"section\">\n\t\t\t\t\t\t<div class=\"elementor-container elementor-column-gap-default\">\n\t\t\t\t\t<div class=\"elementor-column elementor-col-100 elementor-top-column elementor-element elementor-element-64b2186a\" data-id=\"64b2186a\" data-element_type=\"column\" data-e-type=\"column\">\n\t\t\t<div class=\"elementor-widget-wrap elementor-element-populated\">\n\t\t\t\t\t\t<div class=\"elementor-element elementor-element-3fc1f0e8 elementor-widget elementor-widget-heading\" data-id=\"3fc1f0e8\" data-element_type=\"widget\" data-e-type=\"widget\" data-widget_type=\"heading.default\">\n\t\t\t\t<div class=\"elementor-widget-container\">\n\t\t\t\t\t<h2 class=\"elementor-heading-title elementor-size-default\">Los mejores tablaos flamencos de Madrid<\/h2>\t\t\t\t<\/div>\n\t\t\t\t<\/div>\n\t\t\t\t<div class=\"elementor-element elementor-element-67f8ebaf elementor-widget elementor-widget-text-editor\" data-id=\"67f8ebaf\" data-element_type=\"widget\" data-e-type=\"widget\" data-widget_type=\"text-editor.default\">\n\t\t\t\t<div class=\"elementor-widget-container\">\n\t\t\t\t\t\t\t\t\t<p style=\"font-weight: 400;\">Si quieres ver flamenco de verdad en Madrid, estos sitios son apuesta segura.<\/p><p style=\"font-weight: 400;\">Adem\u00e1s, muchos de ellos van acompa\u00f1ados de clases, m\u00e1s actividades y de experiencias gastron\u00f3micas acordes con el show.<\/p><p style=\"font-weight: 400;\"><strong>Aqu\u00ed va nuestro <em>top ten<\/em><\/strong>, sin orden de preferencia porque, sinceramente, todos merecen la pena.<\/p>\t\t\t\t\t\t\t\t<\/div>\n\t\t\t\t<\/div>\n\t\t\t\t\t<\/div>\n\t\t<\/div>\n\t\t\t\t\t<\/div>\n\t\t<\/section>\n\t\t\t\t<section class=\"elementor-section elementor-top-section elementor-element elementor-element-834fabf elementor-section-boxed elementor-section-height-default elementor-section-height-default\" data-id=\"834fabf\" data-element_type=\"section\" data-e-type=\"section\">\n\t\t\t\t\t\t<div class=\"elementor-container elementor-column-gap-default\">\n\t\t\t\t\t<div class=\"elementor-column elementor-col-50 elementor-top-column elementor-element elementor-element-555fe75e\" data-id=\"555fe75e\" data-element_type=\"column\" data-e-type=\"column\">\n\t\t\t<div class=\"elementor-widget-wrap elementor-element-populated\">\n\t\t\t\t\t\t<div class=\"elementor-element elementor-element-67289e80 elementor-widget elementor-widget-heading\" data-id=\"67289e80\" data-element_type=\"widget\" data-e-type=\"widget\" data-widget_type=\"heading.default\">\n\t\t\t\t<div class=\"elementor-widget-container\">\n\t\t\t\t\t<h3 class=\"elementor-heading-title elementor-size-default\">Teatro Flamenco Madrid<\/h3>\t\t\t\t<\/div>\n\t\t\t\t<\/div>\n\t\t\t\t<div class=\"elementor-element elementor-element-cdbb5e3 elementor-widget elementor-widget-image\" data-id=\"cdbb5e3\" data-element_type=\"widget\" data-e-type=\"widget\" data-widget_type=\"image.default\">\n\t\t\t\t<div class=\"elementor-widget-container\">\n\t\t\t\t\t\t\t\t\t\t\t\t\t\t\t<img decoding=\"async\" src=\"https:\/\/www.waourentals.com\/blog\/wp-content\/uploads\/elementor\/thumbs\/Teatro-Flamenco-Madrid-r7e9l8mq14hhsjvwefii1idb79x2qfmoyhw7dhgg7c.webp\" title=\"Teatro-Flamenco-Madrid\" alt=\"Teatro-Flamenco-Madrid\" loading=\"lazy\" \/>\t\t\t\t\t\t\t\t\t\t\t\t\t\t\t<\/div>\n\t\t\t\t<\/div>\n\t\t\t\t<div class=\"elementor-element elementor-element-389c73a4 elementor-widget elementor-widget-text-editor\" data-id=\"389c73a4\" data-element_type=\"widget\" data-e-type=\"widget\" data-widget_type=\"text-editor.default\">\n\t\t\t\t<div class=\"elementor-widget-container\">\n\t\t\t\t\t\t\t\t\t<p style=\"font-weight: 400;\">Este es un teatro dedicado por completo al flamenco en pleno centro de Madrid. Ofrece espect\u00e1culos todos los d\u00edas del a\u00f1o y acoge cinco ciclos diferentes, entre los que est\u00e1n \u00ab\u00a1Ay, amor, amor!\u00bb o \u00abDomingos de vermut y potaje\u00bb. Y si quieres ir un poco m\u00e1s all\u00e1, \u00a1<a href=\"https:\/\/teatroflamencomadrid.com\/?_gl=1*xtfy2s*_up*MQ..*_gs*MQ..&amp;gclid=CjwKCAjw3rnCBhBxEiwArN0QE7LY2AQYy7gFX-Pe8byb8GuhuyGUoiGMznV-aw8Fa76EUz5Tdr0zYRoCAHUQAvD_BwE&amp;gbraid=0AAAAADHn3w46VinuXYUE2YRcIIVWb0yxL\">Teatro Flamenco Madrid<\/a> tambi\u00e9n tiene clases! <strong>Es perfecto si buscas una experiencia que no solo se quede en cante y baile.<\/strong><\/p>\t\t\t\t\t\t\t\t<\/div>\n\t\t\t\t<\/div>\n\t\t\t\t\t<\/div>\n\t\t<\/div>\n\t\t\t\t<div class=\"elementor-column elementor-col-50 elementor-top-column elementor-element elementor-element-adbbd10\" data-id=\"adbbd10\" data-element_type=\"column\" data-e-type=\"column\">\n\t\t\t<div class=\"elementor-widget-wrap elementor-element-populated\">\n\t\t\t\t\t\t<div class=\"elementor-element elementor-element-75eb003 elementor-widget elementor-widget-heading\" data-id=\"75eb003\" data-element_type=\"widget\" data-e-type=\"widget\" data-widget_type=\"heading.default\">\n\t\t\t\t<div class=\"elementor-widget-container\">\n\t\t\t\t\t<h3 class=\"elementor-heading-title elementor-size-default\">Cardamomo Tablao Flamenco<\/h3>\t\t\t\t<\/div>\n\t\t\t\t<\/div>\n\t\t\t\t<div class=\"elementor-element elementor-element-5a9bfe9 elementor-widget elementor-widget-image\" data-id=\"5a9bfe9\" data-element_type=\"widget\" data-e-type=\"widget\" data-widget_type=\"image.default\">\n\t\t\t\t<div class=\"elementor-widget-container\">\n\t\t\t\t\t\t\t\t\t\t\t\t\t\t\t<img decoding=\"async\" src=\"https:\/\/www.waourentals.com\/blog\/wp-content\/uploads\/elementor\/thumbs\/cardamomo-r7e9m9affnvodcengdcy8r4adawe2mo83jc539y3go.jpg\" title=\"cardamomo\" alt=\"cardamomo\" loading=\"lazy\" \/>\t\t\t\t\t\t\t\t\t\t\t\t\t\t\t<\/div>\n\t\t\t\t<\/div>\n\t\t\t\t<div class=\"elementor-element elementor-element-4aed87f elementor-widget elementor-widget-text-editor\" data-id=\"4aed87f\" data-element_type=\"widget\" data-e-type=\"widget\" data-widget_type=\"text-editor.default\">\n\t\t\t\t<div class=\"elementor-widget-container\">\n\t\t\t\t\t\t\t\t\t<p style=\"font-weight: 400;\"><a href=\"https:\/\/cardamomo.com\/es\/\">Cardamomo Tablao Flamenco<\/a> tiene muy buena fama\u2026 \u00a1por algo ser\u00e1! Es uno de los lugares m\u00e1s conocidos para disfrutar del flamenco en Madrid <strong>de forma \u00edntima y con aforo limitado.<\/strong><\/p><p style=\"font-weight: 400;\">Por aqu\u00ed pasaron grandes como Joaqu\u00edn Cort\u00e9s, Enrique Morente o Remedios Amaya, y tambi\u00e9n es el escenario de j\u00f3venes promesas.<\/p><p style=\"font-weight: 400;\">Tiene espect\u00e1culos los 365 d\u00edas del a\u00f1o y, ojo,<strong> ha recibido el reconocimiento a \u00abPatrimonio Cultural de la Ciudad de Madrid\u00bb.<\/strong><\/p>\t\t\t\t\t\t\t\t<\/div>\n\t\t\t\t<\/div>\n\t\t\t\t\t<\/div>\n\t\t<\/div>\n\t\t\t\t\t<\/div>\n\t\t<\/section>\n\t\t\t\t<section class=\"elementor-section elementor-top-section elementor-element elementor-element-5325635 elementor-section-boxed elementor-section-height-default elementor-section-height-default\" data-id=\"5325635\" data-element_type=\"section\" data-e-type=\"section\">\n\t\t\t\t\t\t<div class=\"elementor-container elementor-column-gap-default\">\n\t\t\t\t\t<div class=\"elementor-column elementor-col-50 elementor-top-column elementor-element elementor-element-f7beefc\" data-id=\"f7beefc\" data-element_type=\"column\" data-e-type=\"column\">\n\t\t\t<div class=\"elementor-widget-wrap elementor-element-populated\">\n\t\t\t\t\t\t<div class=\"elementor-element elementor-element-3648b1e elementor-widget elementor-widget-heading\" data-id=\"3648b1e\" data-element_type=\"widget\" data-e-type=\"widget\" data-widget_type=\"heading.default\">\n\t\t\t\t<div class=\"elementor-widget-container\">\n\t\t\t\t\t<h3 class=\"elementor-heading-title elementor-size-default\">Tablao Flamenco 1911<\/h3>\t\t\t\t<\/div>\n\t\t\t\t<\/div>\n\t\t\t\t<div class=\"elementor-element elementor-element-17c8421 elementor-widget elementor-widget-image\" data-id=\"17c8421\" data-element_type=\"widget\" data-e-type=\"widget\" data-widget_type=\"image.default\">\n\t\t\t\t<div class=\"elementor-widget-container\">\n\t\t\t\t\t\t\t\t\t\t\t\t\t\t\t<img decoding=\"async\" src=\"https:\/\/www.waourentals.com\/blog\/wp-content\/uploads\/elementor\/thumbs\/Tablao-Flamenco-1911-r7e9pgwksa9y1dqpp9c29fxzfp2jdef7jfkv4b6o7c.jpg\" title=\"Tablao-Flamenco-1911\" alt=\"Tablao-Flamenco-1911\" loading=\"lazy\" \/>\t\t\t\t\t\t\t\t\t\t\t\t\t\t\t<\/div>\n\t\t\t\t<\/div>\n\t\t\t\t<div class=\"elementor-element elementor-element-2b8bca0 elementor-widget elementor-widget-text-editor\" data-id=\"2b8bca0\" data-element_type=\"widget\" data-e-type=\"widget\" data-widget_type=\"text-editor.default\">\n\t\t\t\t<div class=\"elementor-widget-container\">\n\t\t\t\t\t\t\t\t\t<p style=\"font-weight: 400;\">Otro cl\u00e1sico para ver espect\u00e1culos de flamenco en Madrid es el <a href=\"https:\/\/tablaoflamenco1911.com\/es\/\">Tablao Flamenco 1911<\/a>. Es el tablao m\u00e1s antiguo de Madrid, nada m\u00e1s y nada menos que desde 1911. En \u00e9l actuaron artistazos de la talla de Miguel de Molina, Juanito Valderrama y Antonio Molina.<\/p><p style=\"font-weight: 400;\">Su agenda cuenta con tres espect\u00e1culos de flamenco diarios, programaciones especiales y un mont\u00f3n de artistas sorpresa.<\/p>\t\t\t\t\t\t\t\t<\/div>\n\t\t\t\t<\/div>\n\t\t\t\t\t<\/div>\n\t\t<\/div>\n\t\t\t\t<div class=\"elementor-column elementor-col-50 elementor-top-column elementor-element elementor-element-30a0442\" data-id=\"30a0442\" data-element_type=\"column\" data-e-type=\"column\">\n\t\t\t<div class=\"elementor-widget-wrap elementor-element-populated\">\n\t\t\t\t\t\t<div class=\"elementor-element elementor-element-26e7551 elementor-widget elementor-widget-heading\" data-id=\"26e7551\" data-element_type=\"widget\" data-e-type=\"widget\" data-widget_type=\"heading.default\">\n\t\t\t\t<div class=\"elementor-widget-container\">\n\t\t\t\t\t<h3 class=\"elementor-heading-title elementor-size-default\">Corral de la Morer\u00eda<\/h3>\t\t\t\t<\/div>\n\t\t\t\t<\/div>\n\t\t\t\t<div class=\"elementor-element elementor-element-6badf3e elementor-widget elementor-widget-image\" data-id=\"6badf3e\" data-element_type=\"widget\" data-e-type=\"widget\" data-widget_type=\"image.default\">\n\t\t\t\t<div class=\"elementor-widget-container\">\n\t\t\t\t\t\t\t\t\t\t\t\t\t\t\t<img decoding=\"async\" src=\"https:\/\/www.waourentals.com\/blog\/wp-content\/uploads\/elementor\/thumbs\/Corral-de-la-Moreria-r7e9r28qd6gfplffeg4azjh3o77xexqu3bdhe6tnns.jpg\" title=\"Corral-de-la-Moreria\" alt=\"Corral-de-la-Moreria\" loading=\"lazy\" \/>\t\t\t\t\t\t\t\t\t\t\t\t\t\t\t<\/div>\n\t\t\t\t<\/div>\n\t\t\t\t<div class=\"elementor-element elementor-element-4401a86 elementor-widget elementor-widget-text-editor\" data-id=\"4401a86\" data-element_type=\"widget\" data-e-type=\"widget\" data-widget_type=\"text-editor.default\">\n\t\t\t\t<div class=\"elementor-widget-container\">\n\t\t\t\t\t\t\t\t\t<p style=\"font-weight: 400;\">\u00bfQuieres ver en vivo y en directo a grandes estrellas del baile, el cante y la guitarra? Cada noche, de lunes a domingo, el <a href=\"https:\/\/www.corraldelamoreria.com\/quienes-somos\/\">Corral de la Morer\u00eda<\/a> pone en marcha <strong>un espect\u00e1culo dise\u00f1ado tanto si eres aficionado como si es tu primera vez.<\/strong> Sea como sea, te va a encantar.<\/p>\t\t\t\t\t\t\t\t<\/div>\n\t\t\t\t<\/div>\n\t\t\t\t\t<\/div>\n\t\t<\/div>\n\t\t\t\t\t<\/div>\n\t\t<\/section>\n\t\t\t\t<section class=\"elementor-section elementor-top-section elementor-element elementor-element-30dc0ed elementor-section-boxed elementor-section-height-default elementor-section-height-default\" data-id=\"30dc0ed\" data-element_type=\"section\" data-e-type=\"section\">\n\t\t\t\t\t\t<div class=\"elementor-container elementor-column-gap-default\">\n\t\t\t\t\t<div class=\"elementor-column elementor-col-50 elementor-top-column elementor-element elementor-element-0700e1d\" data-id=\"0700e1d\" data-element_type=\"column\" data-e-type=\"column\">\n\t\t\t<div class=\"elementor-widget-wrap elementor-element-populated\">\n\t\t\t\t\t\t<div class=\"elementor-element elementor-element-b0f13f4 elementor-widget elementor-widget-heading\" data-id=\"b0f13f4\" data-element_type=\"widget\" data-e-type=\"widget\" data-widget_type=\"heading.default\">\n\t\t\t\t<div class=\"elementor-widget-container\">\n\t\t\t\t\t<h3 class=\"elementor-heading-title elementor-size-default\">Tablao de la Villa<\/h3>\t\t\t\t<\/div>\n\t\t\t\t<\/div>\n\t\t\t\t<div class=\"elementor-element elementor-element-f0c3611 elementor-widget elementor-widget-image\" data-id=\"f0c3611\" data-element_type=\"widget\" data-e-type=\"widget\" data-widget_type=\"image.default\">\n\t\t\t\t<div class=\"elementor-widget-container\">\n\t\t\t\t\t\t\t\t\t\t\t\t\t\t\t<img fetchpriority=\"high\" decoding=\"async\" width=\"800\" height=\"622\" src=\"https:\/\/www.waourentals.com\/blog\/wp-content\/uploads\/2025\/06\/Tablao-de-la-Villa.jpg\" class=\"attachment-large size-large wp-image-1610\" alt=\"Tablao-de-la-Villa\" srcset=\"https:\/\/www.waourentals.com\/blog\/wp-content\/uploads\/2025\/06\/Tablao-de-la-Villa.jpg 900w, https:\/\/www.waourentals.com\/blog\/wp-content\/uploads\/2025\/06\/Tablao-de-la-Villa-300x233.jpg 300w, https:\/\/www.waourentals.com\/blog\/wp-content\/uploads\/2025\/06\/Tablao-de-la-Villa-768x597.jpg 768w\" sizes=\"(max-width: 800px) 100vw, 800px\" \/>\t\t\t\t\t\t\t\t\t\t\t\t\t\t\t<\/div>\n\t\t\t\t<\/div>\n\t\t\t\t<div class=\"elementor-element elementor-element-da7ae4e elementor-widget elementor-widget-text-editor\" data-id=\"da7ae4e\" data-element_type=\"widget\" data-e-type=\"widget\" data-widget_type=\"text-editor.default\">\n\t\t\t\t<div class=\"elementor-widget-container\">\n\t\t\t\t\t\t\t\t\t<p style=\"font-weight: 400;\">Si quieres una decoraci\u00f3n que acompa\u00f1e al espect\u00e1culo, \u00a1est\u00e1s de suerte! En <a href=\"https:\/\/tablaodelavilla.com\/?ref=sn-TDV&amp;gad_source=1&amp;gad_campaignid=19030966319&amp;gbraid=0AAAAAomMGGiqatyVpQHdXSfVH6UO6YZ3I&amp;gclid=CjwKCAjwgb_CBhBMEiwA0p3oOCpTlN1KfheCliooL4ZAs7KRqP92J0cx3RnS7rWkudBky9hbbmphORoC1NwQAvD_BwE\">Tablao de la Villa<\/a> vas a poder disfrutar de uno de los mejores shows de flamenco en Madrid dentro de una casa-palacio del siglo XIX en pleno centro hist\u00f3rico de la ciudad. Y no solo el sitio es precioso; <strong>la programaci\u00f3n es una pasada.<\/strong><\/p>\t\t\t\t\t\t\t\t<\/div>\n\t\t\t\t<\/div>\n\t\t\t\t\t<\/div>\n\t\t<\/div>\n\t\t\t\t<div class=\"elementor-column elementor-col-50 elementor-top-column elementor-element elementor-element-7e036ae\" data-id=\"7e036ae\" data-element_type=\"column\" data-e-type=\"column\">\n\t\t\t<div class=\"elementor-widget-wrap elementor-element-populated\">\n\t\t\t\t\t\t<div class=\"elementor-element elementor-element-29b4c49 elementor-widget elementor-widget-heading\" data-id=\"29b4c49\" data-element_type=\"widget\" data-e-type=\"widget\" data-widget_type=\"heading.default\">\n\t\t\t\t<div class=\"elementor-widget-container\">\n\t\t\t\t\t<h3 class=\"elementor-heading-title elementor-size-default\">Tablao Flamenco Torres Bermejas<\/h3>\t\t\t\t<\/div>\n\t\t\t\t<\/div>\n\t\t\t\t<div class=\"elementor-element elementor-element-35aea86 elementor-widget elementor-widget-image\" data-id=\"35aea86\" data-element_type=\"widget\" data-e-type=\"widget\" data-widget_type=\"image.default\">\n\t\t\t\t<div class=\"elementor-widget-container\">\n\t\t\t\t\t\t\t\t\t\t\t\t\t\t\t<img decoding=\"async\" width=\"800\" height=\"450\" src=\"https:\/\/www.waourentals.com\/blog\/wp-content\/uploads\/2025\/06\/Tablao-Flamenco-Torres-Bermejas-1024x576.jpeg\" class=\"attachment-large size-large wp-image-1612\" alt=\"Tablao-Flamenco-Torres-Bermejas\" srcset=\"https:\/\/www.waourentals.com\/blog\/wp-content\/uploads\/2025\/06\/Tablao-Flamenco-Torres-Bermejas-1024x576.jpeg 1024w, https:\/\/www.waourentals.com\/blog\/wp-content\/uploads\/2025\/06\/Tablao-Flamenco-Torres-Bermejas-300x169.jpeg 300w, https:\/\/www.waourentals.com\/blog\/wp-content\/uploads\/2025\/06\/Tablao-Flamenco-Torres-Bermejas-768x432.jpeg 768w, https:\/\/www.waourentals.com\/blog\/wp-content\/uploads\/2025\/06\/Tablao-Flamenco-Torres-Bermejas-1536x864.jpeg 1536w, https:\/\/www.waourentals.com\/blog\/wp-content\/uploads\/2025\/06\/Tablao-Flamenco-Torres-Bermejas-2048x1152.jpeg 2048w\" sizes=\"(max-width: 800px) 100vw, 800px\" \/>\t\t\t\t\t\t\t\t\t\t\t\t\t\t\t<\/div>\n\t\t\t\t<\/div>\n\t\t\t\t<div class=\"elementor-element elementor-element-4c8bb8c elementor-widget elementor-widget-text-editor\" data-id=\"4c8bb8c\" data-element_type=\"widget\" data-e-type=\"widget\" data-widget_type=\"text-editor.default\">\n\t\t\t\t<div class=\"elementor-widget-container\">\n\t\t\t\t\t\t\t\t\t<p style=\"font-weight: 400;\"><a href=\"https:\/\/www.torresbermejas.com\/\">Torres Bermejas<\/a> es otro de los tablaos flamencos en Madrid que ofrecen tres pases al d\u00eda e incluso cuatro durante el fin de semana; as\u00ed no tienes excusa para no venirte.<\/p><p style=\"font-weight: 400;\"><strong>El arte y el duende que desprende el local, los empleados y los artistas es indescriptible y la programaci\u00f3n\u2026 \u00a1un lujazo!<\/strong> Participan artistas como el guitarrista Jos\u00e9 de la Marga o Farina.<\/p>\t\t\t\t\t\t\t\t<\/div>\n\t\t\t\t<\/div>\n\t\t\t\t\t<\/div>\n\t\t<\/div>\n\t\t\t\t\t<\/div>\n\t\t<\/section>\n\t\t\t\t<section class=\"elementor-section elementor-top-section elementor-element elementor-element-e296599 elementor-section-boxed elementor-section-height-default elementor-section-height-default\" data-id=\"e296599\" data-element_type=\"section\" data-e-type=\"section\">\n\t\t\t\t\t\t<div class=\"elementor-container elementor-column-gap-default\">\n\t\t\t\t\t<div class=\"elementor-column elementor-col-100 elementor-top-column elementor-element elementor-element-851b54d\" data-id=\"851b54d\" data-element_type=\"column\" data-e-type=\"column\">\n\t\t\t<div class=\"elementor-widget-wrap\">\n\t\t\t\t\t\t\t<\/div>\n\t\t<\/div>\n\t\t\t\t\t<\/div>\n\t\t<\/section>\n\t\t\t\t<section class=\"elementor-section elementor-top-section elementor-element elementor-element-21cf8cd elementor-section-boxed elementor-section-height-default elementor-section-height-default\" data-id=\"21cf8cd\" data-element_type=\"section\" data-e-type=\"section\">\n\t\t\t\t\t\t<div class=\"elementor-container elementor-column-gap-default\">\n\t\t\t\t\t<div class=\"elementor-column elementor-col-50 elementor-top-column elementor-element elementor-element-447eb4d\" data-id=\"447eb4d\" data-element_type=\"column\" data-e-type=\"column\">\n\t\t\t<div class=\"elementor-widget-wrap elementor-element-populated\">\n\t\t\t\t\t\t<div class=\"elementor-element elementor-element-25c3ef8 elementor-widget elementor-widget-heading\" data-id=\"25c3ef8\" data-element_type=\"widget\" data-e-type=\"widget\" data-widget_type=\"heading.default\">\n\t\t\t\t<div class=\"elementor-widget-container\">\n\t\t\t\t\t<h3 class=\"elementor-heading-title elementor-size-default\">Teatro Tablao Essential Flamenco<\/h3>\t\t\t\t<\/div>\n\t\t\t\t<\/div>\n\t\t\t\t<div class=\"elementor-element elementor-element-5aa70e9 elementor-widget elementor-widget-image\" data-id=\"5aa70e9\" data-element_type=\"widget\" data-e-type=\"widget\" data-widget_type=\"image.default\">\n\t\t\t\t<div class=\"elementor-widget-container\">\n\t\t\t\t\t\t\t\t\t\t\t\t\t\t\t<img decoding=\"async\" width=\"800\" height=\"534\" src=\"https:\/\/www.waourentals.com\/blog\/wp-content\/uploads\/2025\/06\/Teatro-Tablao-Essential-Flamenco.jpg\" class=\"attachment-large size-large wp-image-1614\" alt=\"Teatro-Tablao-Essential-Flamenco\" srcset=\"https:\/\/www.waourentals.com\/blog\/wp-content\/uploads\/2025\/06\/Teatro-Tablao-Essential-Flamenco.jpg 1000w, https:\/\/www.waourentals.com\/blog\/wp-content\/uploads\/2025\/06\/Teatro-Tablao-Essential-Flamenco-300x200.jpg 300w, https:\/\/www.waourentals.com\/blog\/wp-content\/uploads\/2025\/06\/Teatro-Tablao-Essential-Flamenco-768x512.jpg 768w\" sizes=\"(max-width: 800px) 100vw, 800px\" \/>\t\t\t\t\t\t\t\t\t\t\t\t\t\t\t<\/div>\n\t\t\t\t<\/div>\n\t\t\t\t<div class=\"elementor-element elementor-element-44c57dd elementor-widget elementor-widget-text-editor\" data-id=\"44c57dd\" data-element_type=\"widget\" data-e-type=\"widget\" data-widget_type=\"text-editor.default\">\n\t\t\t\t<div class=\"elementor-widget-container\">\n\t\t\t\t\t\t\t\t\t<p style=\"font-weight: 400;\">Cada d\u00eda, <a href=\"https:\/\/essentialflamenco.com\/\">Essential Flamenco<\/a> ofrece tres actuaciones que re\u00fanen a lo m\u00e1s granado del flamenco, siempre bajo la direcci\u00f3n art\u00edstica de \u00abEl Mistela\u00bb.<\/p><p style=\"font-weight: 400;\">El elenco supera la decena de bailaores, cantaores y guitarristas, lo que garantiza variedad y frescura en todos los pases.<\/p><p style=\"font-weight: 400;\">Adem\u00e1s, <strong>los martes se celebran actividades especiales<\/strong> \u2014desde encuentros did\u00e1cticos hasta improvisaciones\u2014 que convierten la semana en una cita imprescindible para todo amante del arte jondo.<\/p>\t\t\t\t\t\t\t\t<\/div>\n\t\t\t\t<\/div>\n\t\t\t\t\t<\/div>\n\t\t<\/div>\n\t\t\t\t<div class=\"elementor-column elementor-col-50 elementor-top-column elementor-element elementor-element-9faa66b\" data-id=\"9faa66b\" data-element_type=\"column\" data-e-type=\"column\">\n\t\t\t<div class=\"elementor-widget-wrap elementor-element-populated\">\n\t\t\t\t\t\t<div class=\"elementor-element elementor-element-12d7794 elementor-widget elementor-widget-heading\" data-id=\"12d7794\" data-element_type=\"widget\" data-e-type=\"widget\" data-widget_type=\"heading.default\">\n\t\t\t\t<div class=\"elementor-widget-container\">\n\t\t\t\t\t<h3 class=\"elementor-heading-title elementor-size-default\">Tablao \u00d3pera Flamenca<\/h3>\t\t\t\t<\/div>\n\t\t\t\t<\/div>\n\t\t\t\t<div class=\"elementor-element elementor-element-d6077c7 elementor-widget elementor-widget-image\" data-id=\"d6077c7\" data-element_type=\"widget\" data-e-type=\"widget\" data-widget_type=\"image.default\">\n\t\t\t\t<div class=\"elementor-widget-container\">\n\t\t\t\t\t\t\t\t\t\t\t\t\t\t\t<img loading=\"lazy\" decoding=\"async\" width=\"800\" height=\"534\" src=\"https:\/\/www.waourentals.com\/blog\/wp-content\/uploads\/2025\/06\/Tablao-Opera-Flamenca.jpg\" class=\"attachment-large size-large wp-image-1616\" alt=\"Tablao-Opera-Flamenca\" srcset=\"https:\/\/www.waourentals.com\/blog\/wp-content\/uploads\/2025\/06\/Tablao-Opera-Flamenca.jpg 1024w, https:\/\/www.waourentals.com\/blog\/wp-content\/uploads\/2025\/06\/Tablao-Opera-Flamenca-300x200.jpg 300w, https:\/\/www.waourentals.com\/blog\/wp-content\/uploads\/2025\/06\/Tablao-Opera-Flamenca-768x512.jpg 768w\" sizes=\"(max-width: 800px) 100vw, 800px\" \/>\t\t\t\t\t\t\t\t\t\t\t\t\t\t\t<\/div>\n\t\t\t\t<\/div>\n\t\t\t\t<div class=\"elementor-element elementor-element-131d390 elementor-widget elementor-widget-text-editor\" data-id=\"131d390\" data-element_type=\"widget\" data-e-type=\"widget\" data-widget_type=\"text-editor.default\">\n\t\t\t\t<div class=\"elementor-widget-container\">\n\t\t\t\t\t\t\t\t\t<p style=\"font-weight: 400;\">Bajo la direcci\u00f3n de Salvador Barrul \u2014el reconocido maestro del flamenco\u2014, <a href=\"https:\/\/tablaooperaflamenca.com\/\">\u00d3pera Flamenca<\/a> llena la ciudad de duende con una mezcla perfecta entre lo cl\u00e1sico del g\u00e9nero y lo m\u00e1s moderno.<\/p>\t\t\t\t\t\t\t\t<\/div>\n\t\t\t\t<\/div>\n\t\t\t\t\t<\/div>\n\t\t<\/div>\n\t\t\t\t\t<\/div>\n\t\t<\/section>\n\t\t\t\t<section class=\"elementor-section elementor-top-section elementor-element elementor-element-6fe54a3 elementor-section-boxed elementor-section-height-default elementor-section-height-default\" data-id=\"6fe54a3\" data-element_type=\"section\" data-e-type=\"section\">\n\t\t\t\t\t\t<div class=\"elementor-container elementor-column-gap-default\">\n\t\t\t\t\t<div class=\"elementor-column elementor-col-100 elementor-top-column elementor-element elementor-element-c645910\" data-id=\"c645910\" data-element_type=\"column\" data-e-type=\"column\">\n\t\t\t<div class=\"elementor-widget-wrap\">\n\t\t\t\t\t\t\t<\/div>\n\t\t<\/div>\n\t\t\t\t\t<\/div>\n\t\t<\/section>\n\t\t\t\t<section class=\"elementor-section elementor-top-section elementor-element elementor-element-a83f615 elementor-section-boxed elementor-section-height-default elementor-section-height-default\" data-id=\"a83f615\" data-element_type=\"section\" data-e-type=\"section\">\n\t\t\t\t\t\t<div class=\"elementor-container elementor-column-gap-default\">\n\t\t\t\t\t<div class=\"elementor-column elementor-col-50 elementor-top-column elementor-element elementor-element-0be9593\" data-id=\"0be9593\" data-element_type=\"column\" data-e-type=\"column\">\n\t\t\t<div class=\"elementor-widget-wrap elementor-element-populated\">\n\t\t\t\t\t\t<div class=\"elementor-element elementor-element-48951ab elementor-widget elementor-widget-heading\" data-id=\"48951ab\" data-element_type=\"widget\" data-e-type=\"widget\" data-widget_type=\"heading.default\">\n\t\t\t\t<div class=\"elementor-widget-container\">\n\t\t\t\t\t<h3 class=\"elementor-heading-title elementor-size-default\">Las Carboneras<\/h3>\t\t\t\t<\/div>\n\t\t\t\t<\/div>\n\t\t\t\t<div class=\"elementor-element elementor-element-646e52e elementor-widget elementor-widget-image\" data-id=\"646e52e\" data-element_type=\"widget\" data-e-type=\"widget\" data-widget_type=\"image.default\">\n\t\t\t\t<div class=\"elementor-widget-container\">\n\t\t\t\t\t\t\t\t\t\t\t\t\t\t\t<img loading=\"lazy\" decoding=\"async\" width=\"663\" height=\"335\" src=\"https:\/\/www.waourentals.com\/blog\/wp-content\/uploads\/2025\/06\/Las-Carboneras.jpg\" class=\"attachment-large size-large wp-image-1618\" alt=\"Las-Carboneras\" srcset=\"https:\/\/www.waourentals.com\/blog\/wp-content\/uploads\/2025\/06\/Las-Carboneras.jpg 663w, https:\/\/www.waourentals.com\/blog\/wp-content\/uploads\/2025\/06\/Las-Carboneras-300x152.jpg 300w\" sizes=\"(max-width: 663px) 100vw, 663px\" \/>\t\t\t\t\t\t\t\t\t\t\t\t\t\t\t<\/div>\n\t\t\t\t<\/div>\n\t\t\t\t<div class=\"elementor-element elementor-element-14325bf elementor-widget elementor-widget-text-editor\" data-id=\"14325bf\" data-element_type=\"widget\" data-e-type=\"widget\" data-widget_type=\"text-editor.default\">\n\t\t\t\t<div class=\"elementor-widget-container\">\n\t\t\t\t\t\t\t\t\t<p style=\"font-weight: 400;\">El tablao <a href=\"https:\/\/tablaolascarboneras.com\/\">Las Carboneras<\/a> ha acu\u00f1ado un estilo propio y se ha convertido <strong>en motor de la nueva etapa del flamenco en Madrid<\/strong>; el local fusiona actuaciones en directo con alta cocina espa\u00f1ola y exposiciones temporales de destacados artistas pl\u00e1sticos.<\/p><p style=\"font-weight: 400;\">El Palacio del Conde de Miranda \u2014donde se encuentra\u2014 tiene mucho encanto y el nivel que vas a encontrar aqu\u00ed es alt\u00edsimo.<\/p>\t\t\t\t\t\t\t\t<\/div>\n\t\t\t\t<\/div>\n\t\t\t\t\t<\/div>\n\t\t<\/div>\n\t\t\t\t<div class=\"elementor-column elementor-col-50 elementor-top-column elementor-element elementor-element-6ca2b66\" data-id=\"6ca2b66\" data-element_type=\"column\" data-e-type=\"column\">\n\t\t\t<div class=\"elementor-widget-wrap elementor-element-populated\">\n\t\t\t\t\t\t<div class=\"elementor-element elementor-element-5455e9b elementor-widget elementor-widget-heading\" data-id=\"5455e9b\" data-element_type=\"widget\" data-e-type=\"widget\" data-widget_type=\"heading.default\">\n\t\t\t\t<div class=\"elementor-widget-container\">\n\t\t\t\t\t<h3 class=\"elementor-heading-title elementor-size-default\">Tablao Flamenco Caf\u00e9 Ziryab<\/h3>\t\t\t\t<\/div>\n\t\t\t\t<\/div>\n\t\t\t\t<div class=\"elementor-element elementor-element-a4de460 elementor-widget elementor-widget-image\" data-id=\"a4de460\" data-element_type=\"widget\" data-e-type=\"widget\" data-widget_type=\"image.default\">\n\t\t\t\t<div class=\"elementor-widget-container\">\n\t\t\t\t\t\t\t\t\t\t\t\t\t\t\t<img loading=\"lazy\" decoding=\"async\" width=\"800\" height=\"512\" src=\"https:\/\/www.waourentals.com\/blog\/wp-content\/uploads\/2025\/06\/Tablao-Flamenco-Cafe-Ziryab.jpg\" class=\"attachment-large size-large wp-image-1620\" alt=\"Tablao-Flamenco-Cafe-Ziryab\" srcset=\"https:\/\/www.waourentals.com\/blog\/wp-content\/uploads\/2025\/06\/Tablao-Flamenco-Cafe-Ziryab.jpg 800w, https:\/\/www.waourentals.com\/blog\/wp-content\/uploads\/2025\/06\/Tablao-Flamenco-Cafe-Ziryab-300x192.jpg 300w, https:\/\/www.waourentals.com\/blog\/wp-content\/uploads\/2025\/06\/Tablao-Flamenco-Cafe-Ziryab-768x492.jpg 768w\" sizes=\"(max-width: 800px) 100vw, 800px\" \/>\t\t\t\t\t\t\t\t\t\t\t\t\t\t\t<\/div>\n\t\t\t\t<\/div>\n\t\t\t\t<div class=\"elementor-element elementor-element-5d2fe60 elementor-widget elementor-widget-text-editor\" data-id=\"5d2fe60\" data-element_type=\"widget\" data-e-type=\"widget\" data-widget_type=\"text-editor.default\">\n\t\t\t\t<div class=\"elementor-widget-container\">\n\t\t\t\t\t\t\t\t\t<p style=\"font-weight: 400;\">Un show de flamenco en Madrid mucho m\u00e1s moderno, \u00edntimo y con una programaci\u00f3n muy interesante. <strong>Es perfecto si quieres sentirte parte del espect\u00e1culo<\/strong>, casi como en un ensayo entre amigos. Y esto no quiere decir que en <a href=\"https:\/\/cafeziryab.com\/\">Caf\u00e9 Ziryab<\/a> solo vas a encontrar a artistas j\u00f3venes y prometedores, claro que no. <strong>Aqu\u00ed tambi\u00e9n se vienen a actuar flamencos de referencia y artistas de larga trayectoria.<\/strong><\/p>\t\t\t\t\t\t\t\t<\/div>\n\t\t\t\t<\/div>\n\t\t\t\t\t<\/div>\n\t\t<\/div>\n\t\t\t\t\t<\/div>\n\t\t<\/section>\n\t\t\t\t<section class=\"elementor-section elementor-top-section elementor-element elementor-element-7606cf9 elementor-section-boxed elementor-section-height-default elementor-section-height-default\" data-id=\"7606cf9\" data-element_type=\"section\" data-e-type=\"section\">\n\t\t\t\t\t\t<div class=\"elementor-container elementor-column-gap-default\">\n\t\t\t\t\t<div class=\"elementor-column elementor-col-100 elementor-top-column elementor-element elementor-element-1c01f3b\" data-id=\"1c01f3b\" data-element_type=\"column\" data-e-type=\"column\">\n\t\t\t<div class=\"elementor-widget-wrap elementor-element-populated\">\n\t\t\t\t\t\t<div class=\"elementor-element elementor-element-e90b65f elementor-widget elementor-widget-heading\" data-id=\"e90b65f\" data-element_type=\"widget\" data-e-type=\"widget\" data-widget_type=\"heading.default\">\n\t\t\t\t<div class=\"elementor-widget-container\">\n\t\t\t\t\t<h2 class=\"elementor-heading-title elementor-size-default\">Vive la experiencia del flamenco en Madrid<\/h2>\t\t\t\t<\/div>\n\t\t\t\t<\/div>\n\t\t\t\t<div class=\"elementor-element elementor-element-0f12953 elementor-widget elementor-widget-text-editor\" data-id=\"0f12953\" data-element_type=\"widget\" data-e-type=\"widget\" data-widget_type=\"text-editor.default\">\n\t\t\t\t<div class=\"elementor-widget-container\">\n\t\t\t\t\t\t\t\t\t<p style=\"font-weight: 400;\">El flamenco se parece mucho a Madrid: diverso, potente y lleno de vida, por eso encaja tan bien y es tan bien recibido tanto por turistas como por locales.<\/p><p style=\"font-weight: 400;\">Y no importa si no sabes diferenciar una seguiriya de una buler\u00eda; lo importante es que lo sientas, que se te erice la piel y, sobre todo, que lo disfrutes.<\/p><p style=\"font-weight: 400;\">\u00bfQuieres m\u00e1s? Date una vuelta por alguna tienda de flamenco en Madrid. En zonas como Atocha, Lavapi\u00e9s o los alrededores de \u00d3pera encontrar\u00e1s sitios donde comprar desde un vestido de lunares hasta unas casta\u00f1uelas hechas a mano.<\/p><p style=\"font-weight: 400;\">Ya sabes: si est\u00e1s de escapada en Madrid, no te vayas sin vivir un buen show de flamenco.<\/p><p style=\"font-weight: 400;\">Y para que la experiencia sea redonda, <strong>al\u00f3jate con <\/strong><a href=\"https:\/\/www.waourentals.com\/alquiler\/apartamento-madrid-waou-apartamentos-en-sol-confort-9-410106.html\"><strong>BNB Holder<\/strong><\/a><strong>: nuestros apartamentos c\u00e9ntricos y c\u00f3modos te permitir\u00e1n descansar despu\u00e9s del tablao y seguir explorando la ciudad al d\u00eda siguiente con m\u00e1s energ\u00eda.<\/strong><\/p><p style=\"font-weight: 400;\">Ma\u00f1ana te esperan el Prado, el Retiro, el t\u00edpico bocadillo de calamares en la Plaza Mayor y un paseo por los <a href=\"https:\/\/www.waourentals.com\/blog\/pueblos-bonitos-madrid\/\">pueblos m\u00e1s bonitos de Madrid<\/a>, otros de los imprescindibles a los que hay que hacerles \u00abcheck\u00bb junto con acudir a alguno de los tablaos flamencos de Madrid.<\/p><p style=\"font-weight: 400;\">Y para eso tendr\u00e1s que reponer fuerzas en alguno de nuestros alojamientos\u2026 \u00bfa qu\u00e9 esperas para reservar el tuyo?<\/p>\t\t\t\t\t\t\t\t<\/div>\n\t\t\t\t<\/div>\n\t\t\t\t\t<\/div>\n\t\t<\/div>\n\t\t\t\t\t<\/div>\n\t\t<\/section>\n\t\t\t\t<section class=\"elementor-section elementor-top-section elementor-element elementor-element-15ac74b elementor-section-boxed elementor-section-height-default elementor-section-height-default\" data-id=\"15ac74b\" data-element_type=\"section\" data-e-type=\"section\">\n\t\t\t\t\t\t<div class=\"elementor-container elementor-column-gap-default\">\n\t\t\t\t\t<div class=\"elementor-column elementor-col-100 elementor-top-column elementor-element elementor-element-7d0eb748\" data-id=\"7d0eb748\" data-element_type=\"column\" data-e-type=\"column\">\n\t\t\t<div class=\"elementor-widget-wrap elementor-element-populated\">\n\t\t\t\t\t\t<div class=\"elementor-element elementor-element-28cbdc37 elementor-widget elementor-widget-shortcode\" data-id=\"28cbdc37\" data-element_type=\"widget\" data-e-type=\"widget\" data-widget_type=\"shortcode.default\">\n\t\t\t\t<div class=\"elementor-widget-container\">\n\t\t\t\t\t\t\t<div class=\"elementor-shortcode\">\t\t<div data-elementor-type=\"section\" data-elementor-id=\"416\" class=\"elementor elementor-416\" data-elementor-post-type=\"elementor_library\">\n\t\t\t\t\t<section class=\"elementor-section elementor-top-section elementor-element elementor-element-b3baa5d elementor-section-boxed elementor-section-height-default elementor-section-height-default\" data-id=\"b3baa5d\" data-element_type=\"section\" data-e-type=\"section\">\n\t\t\t\t\t\t<div class=\"elementor-container elementor-column-gap-default\">\n\t\t\t\t\t<div class=\"elementor-column elementor-col-100 elementor-top-column elementor-element elementor-element-25f96a3\" data-id=\"25f96a3\" data-element_type=\"column\" data-e-type=\"column\">\n\t\t\t<div class=\"elementor-widget-wrap elementor-element-populated\">\n\t\t\t\t\t\t<div class=\"elementor-element elementor-element-216acb8 elementor-widget elementor-widget-grid\" data-id=\"216acb8\" data-element_type=\"widget\" data-e-type=\"widget\" data-widget_type=\"grid.default\">\n\t\t\t\t<div class=\"elementor-widget-container\">\n\t\t\t\t\t\t\t<div class=\"its--row alojamientos-recomendados\">\n\n\t\t\t<div class=\"alojamientos-recomendados-container\">\n\n\t\t\t\t\t\n\t\t\t\t\t<a href=\"https:\/\/www.waourentals.com\/alquiler\/apartamento-madrid-waou-sol-i-alquiler-corta-duracion-260555.html\" rel=\"nofollow\" style=\"width: 23%;\">\n\t\t\t\t\t\t<div class=\"apartamento-box\">\n\t\t\t\t\t\t\t<div class=\"imagen_recomendados\">\n\t\t\t\t\t\t\t\t<img decoding=\"async\" src=\"https:\/\/crs.avantio.com\/fotos\/2\/1537869980ce0301b2c1244559fafab5ec3fcc5d42\/big1537869981d28e5196dd4f2243b69bd9a93dd934cd.jpg\" alt=\"Espectacular apartamento d\u00faplex a pasos de la Puerta del Sol, Madrid Centro\">\n\t\t\t\t\t\t\t<\/div>\n\t\t\t\t\t\t\t<div class=\"info\">\n\t\t\t\t\t\t\t\t<div class=\"ubicacion\">\n\t\t\t\t\t\t\t\t\t<i class=\"fa-solid fa-location-dot icono-mapa\"><\/i><span class=\"ubicacion-texto\">Madrid - Madrid provincia<\/span>\n\t\t\t\t\t\t\t\t<\/div>\n\t\t\t\t\t\t\t\t<H4 class=\"titulo-alojamiento\">\n\t\t\t\t\t\t\t\t\tEspectacular apartamento d\u00faplex a pasos de la Puerta del Sol, Madrid Centro\t\t\t\t\t\t\t\t<\/H4>\n\t\t\t\t\t\t\t\t<p class=\"precio-alojamiento\">Desde <span class=\"precio\">262.00\u20ac<\/span> por noche<\/p>\n\t\t\t\t\t\t\t<\/div>\n\t\t\t\t\t\t<\/div>\n\t\t\t\t\t<\/a> \n\t\t\t\t\t\t\n\t\t\t\t\t<a href=\"https:\/\/www.waourentals.com\/alquiler\/apartamento-madrid-waou-sol-iv-alquiler-corta-duracion-260564.html\" rel=\"nofollow\" style=\"width: 23%;\">\n\t\t\t\t\t\t<div class=\"apartamento-box\">\n\t\t\t\t\t\t\t<div class=\"imagen_recomendados\">\n\t\t\t\t\t\t\t\t<img decoding=\"async\" src=\"https:\/\/crs.avantio.com\/fotos\/2\/1537870560eed390b833c02a014b284c24b1c36dda\/big1537870562bc1b6149d255756b8bb55a3952a4c024.jpg\" alt=\"Impresionante apartamento zona Puerta del Sol, Madrid Centro\">\n\t\t\t\t\t\t\t<\/div>\n\t\t\t\t\t\t\t<div class=\"info\">\n\t\t\t\t\t\t\t\t<div class=\"ubicacion\">\n\t\t\t\t\t\t\t\t\t<i class=\"fa-solid fa-location-dot icono-mapa\"><\/i><span class=\"ubicacion-texto\">Madrid - Madrid provincia<\/span>\n\t\t\t\t\t\t\t\t<\/div>\n\t\t\t\t\t\t\t\t<H4 class=\"titulo-alojamiento\">\n\t\t\t\t\t\t\t\t\tImpresionante apartamento zona Puerta del Sol, Madrid Centro\t\t\t\t\t\t\t\t<\/H4>\n\t\t\t\t\t\t\t\t<p class=\"precio-alojamiento\">Desde <span class=\"precio\">250.00\u20ac<\/span> por noche<\/p>\n\t\t\t\t\t\t\t<\/div>\n\t\t\t\t\t\t<\/div>\n\t\t\t\t\t<\/a> \n\t\t\t\t\t\t\n\t\t\t\t\t<a href=\"https:\/\/www.waourentals.com\/alquiler\/apartamento-madrid-waou-plaza-de-espana-vi-alquiler-corta-duracion-260572.html\" rel=\"nofollow\" style=\"width: 23%;\">\n\t\t\t\t\t\t<div class=\"apartamento-box\">\n\t\t\t\t\t\t\t<div class=\"imagen_recomendados\">\n\t\t\t\t\t\t\t\t<img decoding=\"async\" src=\"https:\/\/crs.avantio.com\/fotos\/2\/1537877022b8f2eba982a245ad20b548494636b3cf\/big17744432988e65f1546c0c322220d5dc3c24db4364.jpg\" alt=\"Apartamento de dise\u00f1o al lado de Plaza Espa\u00f1a y Madrid R\u00edo, en Madrid Centro\">\n\t\t\t\t\t\t\t<\/div>\n\t\t\t\t\t\t\t<div class=\"info\">\n\t\t\t\t\t\t\t\t<div class=\"ubicacion\">\n\t\t\t\t\t\t\t\t\t<i class=\"fa-solid fa-location-dot icono-mapa\"><\/i><span class=\"ubicacion-texto\">Madrid - Madrid provincia<\/span>\n\t\t\t\t\t\t\t\t<\/div>\n\t\t\t\t\t\t\t\t<H4 class=\"titulo-alojamiento\">\n\t\t\t\t\t\t\t\t\tApartamento de dise\u00f1o al lado de Plaza Espa\u00f1a y Madrid R\u00edo, en Madrid Centro\t\t\t\t\t\t\t\t<\/H4>\n\t\t\t\t\t\t\t\t<p class=\"precio-alojamiento\">Desde <span class=\"precio\">89.00\u20ac<\/span> por noche<\/p>\n\t\t\t\t\t\t\t<\/div>\n\t\t\t\t\t\t<\/div>\n\t\t\t\t\t<\/a> \n\t\t\t\t\t\t\n\t\t\t\t\t<a href=\"https:\/\/www.waourentals.com\/alquiler\/apartamento-madrid-waou-plaza-de-espana-vii-alquiler-corta-duracion-260573.html\" rel=\"nofollow\" style=\"width: 23%;\">\n\t\t\t\t\t\t<div class=\"apartamento-box\">\n\t\t\t\t\t\t\t<div class=\"imagen_recomendados\">\n\t\t\t\t\t\t\t\t<img decoding=\"async\" src=\"https:\/\/crs.avantio.com\/fotos\/2\/1537877709263df3b37c40c25a28baa309738679ee\/big153787771192afaeae59f166999ee3c9345858bdae.jpg\" alt=\"Apartamento de dise\u00f1o al lado de Plaza Espa\u00f1a y Madrid R\u00edo, en Madrid Centro\">\n\t\t\t\t\t\t\t<\/div>\n\t\t\t\t\t\t\t<div class=\"info\">\n\t\t\t\t\t\t\t\t<div class=\"ubicacion\">\n\t\t\t\t\t\t\t\t\t<i class=\"fa-solid fa-location-dot icono-mapa\"><\/i><span class=\"ubicacion-texto\">Madrid - Madrid provincia<\/span>\n\t\t\t\t\t\t\t\t<\/div>\n\t\t\t\t\t\t\t\t<H4 class=\"titulo-alojamiento\">\n\t\t\t\t\t\t\t\t\tApartamento de dise\u00f1o al lado de Plaza Espa\u00f1a y Madrid R\u00edo, en Madrid Centro\t\t\t\t\t\t\t\t<\/H4>\n\t\t\t\t\t\t\t\t<p class=\"precio-alojamiento\">Desde <span class=\"precio\">90.00\u20ac<\/span> por noche<\/p>\n\t\t\t\t\t\t\t<\/div>\n\t\t\t\t\t\t<\/div>\n\t\t\t\t\t<\/a> \n\t\t\t\t\t\t\t\t<\/div>\n\t\t\t<\/div>\n\t\t\t\t\t\t<\/div>\n\t\t\t\t<\/div>\n\t\t\t\t\t<\/div>\n\t\t<\/div>\n\t\t\t\t\t<\/div>\n\t\t<\/section>\n\t\t\t\t<section class=\"elementor-section elementor-top-section elementor-element elementor-element-201ccc8f elementor-section-boxed elementor-section-height-default elementor-section-height-default\" data-id=\"201ccc8f\" data-element_type=\"section\" data-e-type=\"section\">\n\t\t\t\t\t\t<div class=\"elementor-container elementor-column-gap-default\">\n\t\t\t\t\t<div class=\"elementor-column elementor-col-25 elementor-top-column elementor-element elementor-element-2434faec elementor-hidden-tablet\" data-id=\"2434faec\" data-element_type=\"column\" data-e-type=\"column\">\n\t\t\t<div class=\"elementor-widget-wrap elementor-element-populated\">\n\t\t\t\t\t\t<div class=\"elementor-element elementor-element-5ff0d826 elementor-align-justify elementor-widget elementor-widget-button\" data-id=\"5ff0d826\" data-element_type=\"widget\" data-e-type=\"widget\" data-widget_type=\"button.default\">\n\t\t\t\t<div class=\"elementor-widget-container\">\n\t\t\t\t\t\t\t\t\t<div class=\"elementor-button-wrapper\">\n\t\t\t\t\t<a class=\"elementor-button elementor-button-link elementor-size-sm\" href=\"https:\/\/www.waourentals.com\/alojamiento-en-madrid\/\">\n\t\t\t\t\t\t<span class=\"elementor-button-content-wrapper\">\n\t\t\t\t\t\t\t\t\t<span class=\"elementor-button-text\">Alojamientos en Madrid<\/span>\n\t\t\t\t\t<\/span>\n\t\t\t\t\t<\/a>\n\t\t\t\t<\/div>\n\t\t\t\t\t\t\t\t<\/div>\n\t\t\t\t<\/div>\n\t\t\t\t\t<\/div>\n\t\t<\/div>\n\t\t\t\t<div class=\"elementor-column elementor-col-25 elementor-top-column elementor-element elementor-element-29a72e75\" data-id=\"29a72e75\" data-element_type=\"column\" data-e-type=\"column\">\n\t\t\t<div class=\"elementor-widget-wrap elementor-element-populated\">\n\t\t\t\t\t\t<div class=\"elementor-element elementor-element-1d5fb72f elementor-align-justify elementor-widget elementor-widget-button\" data-id=\"1d5fb72f\" data-element_type=\"widget\" data-e-type=\"widget\" data-widget_type=\"button.default\">\n\t\t\t\t<div class=\"elementor-widget-container\">\n\t\t\t\t\t\t\t\t\t<div class=\"elementor-button-wrapper\">\n\t\t\t\t\t<a class=\"elementor-button elementor-button-link elementor-size-sm\" href=\"https:\/\/www.waourentals.com\/apartamentos-en-madrid\/\">\n\t\t\t\t\t\t<span class=\"elementor-button-content-wrapper\">\n\t\t\t\t\t\t\t\t\t<span class=\"elementor-button-text\">Apartamentos en Madrid<\/span>\n\t\t\t\t\t<\/span>\n\t\t\t\t\t<\/a>\n\t\t\t\t<\/div>\n\t\t\t\t\t\t\t\t<\/div>\n\t\t\t\t<\/div>\n\t\t\t\t\t<\/div>\n\t\t<\/div>\n\t\t\t\t<div class=\"elementor-column elementor-col-25 elementor-top-column elementor-element elementor-element-477937e3\" data-id=\"477937e3\" data-element_type=\"column\" data-e-type=\"column\">\n\t\t\t<div class=\"elementor-widget-wrap elementor-element-populated\">\n\t\t\t\t\t\t<div class=\"elementor-element elementor-element-194a9d3d elementor-align-justify elementor-widget elementor-widget-button\" data-id=\"194a9d3d\" data-element_type=\"widget\" data-e-type=\"widget\" data-widget_type=\"button.default\">\n\t\t\t\t<div class=\"elementor-widget-container\">\n\t\t\t\t\t\t\t\t\t<div class=\"elementor-button-wrapper\">\n\t\t\t\t\t<a class=\"elementor-button elementor-button-link elementor-size-sm\" href=\"https:\/\/www.waourentals.com\/alquiler-de-habitacion-por-dias-madrid\/\">\n\t\t\t\t\t\t<span class=\"elementor-button-content-wrapper\">\n\t\t\t\t\t\t\t\t\t<span class=\"elementor-button-text\">Habitaciones en Madrid<\/span>\n\t\t\t\t\t<\/span>\n\t\t\t\t\t<\/a>\n\t\t\t\t<\/div>\n\t\t\t\t\t\t\t\t<\/div>\n\t\t\t\t<\/div>\n\t\t\t\t\t<\/div>\n\t\t<\/div>\n\t\t\t\t<div class=\"elementor-column elementor-col-25 elementor-top-column elementor-element elementor-element-7170120\" data-id=\"7170120\" data-element_type=\"column\" data-e-type=\"column\">\n\t\t\t<div class=\"elementor-widget-wrap elementor-element-populated\">\n\t\t\t\t\t\t<div class=\"elementor-element elementor-element-33375098 elementor-align-justify elementor-widget elementor-widget-button\" data-id=\"33375098\" data-element_type=\"widget\" data-e-type=\"widget\" data-widget_type=\"button.default\">\n\t\t\t\t<div class=\"elementor-widget-container\">\n\t\t\t\t\t\t\t\t\t<div class=\"elementor-button-wrapper\">\n\t\t\t\t\t<a class=\"elementor-button elementor-button-link elementor-size-sm\" href=\"https:\/\/www.waourentals.com\/alquiler-de-estudios-en-madrid\/\">\n\t\t\t\t\t\t<span class=\"elementor-button-content-wrapper\">\n\t\t\t\t\t\t\t\t\t<span class=\"elementor-button-text\">Estudios en Madrid<\/span>\n\t\t\t\t\t<\/span>\n\t\t\t\t\t<\/a>\n\t\t\t\t<\/div>\n\t\t\t\t\t\t\t\t<\/div>\n\t\t\t\t<\/div>\n\t\t\t\t\t<\/div>\n\t\t<\/div>\n\t\t\t\t\t<\/div>\n\t\t<\/section>\n\t\t\t\t<\/div>\n\t\t<\/div>\n\t\t\t\t\t\t<\/div>\n\t\t\t\t<\/div>\n\t\t\t\t\t<\/div>\n\t\t<\/div>\n\t\t\t\t\t<\/div>\n\t\t<\/section>\n\t\t\t\t<\/div>\n\t\t","protected":false},"excerpt":{"rendered":"<p>\u00bfQu\u00e9 le falta a Madrid? Nada. Por eso aqu\u00ed tambi\u00e9n puedes encontrar flamenco del bueno, de ese que emociona. Porque, aunque este arte no naci\u00f3 en la capital, Madrid se ha convertido en uno de sus grandes escenarios. Aqu\u00ed no se trata de origen, sino de acogida: la ciudad recibe y re\u00fane a los mejores [&hellip;]<\/p>\n","protected":false},"author":3,"featured_media":1622,"comment_status":"open","ping_status":"open","sticky":false,"template":"","format":"standard","meta":{"footnotes":""},"categories":[26],"tags":[39],"class_list":["post-1597","post","type-post","status-publish","format-standard","has-post-thumbnail","hentry","category-madrid","tag-no-template"],"yoast_head":"<!-- This site is optimized with the Yoast SEO plugin v27.5 - https:\/\/yoast.com\/product\/yoast-seo-wordpress\/ -->\n<title>Disfruta de los mejores espect\u00e1culos de flamenco en Madrid - Blog de waourentals<\/title>\n<meta name=\"description\" content=\"Descubre la cultura del flamenco en Madrid y cu\u00e1les son los mejores tablaos de la ciudad para disfrutar del espect\u00e1culo.\" \/>\n<meta name=\"robots\" content=\"index, follow, max-snippet:-1, max-image-preview:large, max-video-preview:-1\" \/>\n<link rel=\"canonical\" href=\"https:\/\/www.waourentals.com\/blog\/flamenco-madrid\/\" \/>\n<meta property=\"og:locale\" content=\"es_ES\" \/>\n<meta property=\"og:type\" content=\"article\" \/>\n<meta property=\"og:title\" content=\"Disfruta de los mejores espect\u00e1culos de flamenco en Madrid - Blog de waourentals\" \/>\n<meta property=\"og:description\" content=\"Descubre la cultura del flamenco en Madrid y cu\u00e1les son los mejores tablaos de la ciudad para disfrutar del espect\u00e1culo.\" \/>\n<meta property=\"og:url\" content=\"https:\/\/www.waourentals.com\/blog\/flamenco-madrid\/\" \/>\n<meta property=\"og:site_name\" content=\"Blog de waourentals\" \/>\n<meta property=\"article:published_time\" content=\"2025-06-16T14:20:18+00:00\" \/>\n<meta property=\"article:modified_time\" content=\"2026-04-24T09:28:43+00:00\" \/>\n<meta property=\"og:image\" content=\"https:\/\/www.waourentals.com\/blog\/wp-content\/uploads\/2025\/06\/Tablao-Flamenco-madrid.jpg\" \/>\n\t<meta property=\"og:image:width\" content=\"2121\" \/>\n\t<meta property=\"og:image:height\" content=\"707\" \/>\n\t<meta property=\"og:image:type\" content=\"image\/jpeg\" \/>\n<meta name=\"author\" content=\"Laura\" \/>\n<meta name=\"twitter:card\" content=\"summary_large_image\" \/>\n<meta name=\"twitter:label1\" content=\"Written by\" \/>\n\t<meta name=\"twitter:data1\" content=\"Laura\" \/>\n\t<meta name=\"twitter:label2\" content=\"Est. reading time\" \/>\n\t<meta name=\"twitter:data2\" content=\"8 minutes\" \/>\n<script type=\"application\/ld+json\" class=\"yoast-schema-graph\">{\"@context\":\"https:\\\/\\\/schema.org\",\"@graph\":[{\"@type\":\"Article\",\"@id\":\"https:\\\/\\\/www.waourentals.com\\\/blog\\\/flamenco-madrid\\\/#article\",\"isPartOf\":{\"@id\":\"https:\\\/\\\/www.waourentals.com\\\/blog\\\/flamenco-madrid\\\/\"},\"author\":{\"name\":\"Laura\",\"@id\":\"https:\\\/\\\/www.waourentals.com\\\/blog\\\/#\\\/schema\\\/person\\\/5ed75b9d9dafc7ddc5521311552aa927\"},\"headline\":\"Disfruta de los mejores espect\u00e1culos de flamenco en Madrid\",\"datePublished\":\"2025-06-16T14:20:18+00:00\",\"dateModified\":\"2026-04-24T09:28:43+00:00\",\"mainEntityOfPage\":{\"@id\":\"https:\\\/\\\/www.waourentals.com\\\/blog\\\/flamenco-madrid\\\/\"},\"wordCount\":1095,\"commentCount\":0,\"publisher\":{\"@id\":\"https:\\\/\\\/www.waourentals.com\\\/blog\\\/#organization\"},\"image\":{\"@id\":\"https:\\\/\\\/www.waourentals.com\\\/blog\\\/flamenco-madrid\\\/#primaryimage\"},\"thumbnailUrl\":\"https:\\\/\\\/www.waourentals.com\\\/blog\\\/wp-content\\\/uploads\\\/2025\\\/06\\\/Tablao-Flamenco-madrid.jpg\",\"keywords\":[\"No template\"],\"articleSection\":[\"Madrid\"],\"inLanguage\":\"es\",\"potentialAction\":[{\"@type\":\"CommentAction\",\"name\":\"Comment\",\"target\":[\"https:\\\/\\\/www.waourentals.com\\\/blog\\\/flamenco-madrid\\\/#respond\"]}]},{\"@type\":\"WebPage\",\"@id\":\"https:\\\/\\\/www.waourentals.com\\\/blog\\\/flamenco-madrid\\\/\",\"url\":\"https:\\\/\\\/www.waourentals.com\\\/blog\\\/flamenco-madrid\\\/\",\"name\":\"Disfruta de los mejores espect\u00e1culos de flamenco en Madrid - Blog de waourentals\",\"isPartOf\":{\"@id\":\"https:\\\/\\\/www.waourentals.com\\\/blog\\\/#website\"},\"primaryImageOfPage\":{\"@id\":\"https:\\\/\\\/www.waourentals.com\\\/blog\\\/flamenco-madrid\\\/#primaryimage\"},\"image\":{\"@id\":\"https:\\\/\\\/www.waourentals.com\\\/blog\\\/flamenco-madrid\\\/#primaryimage\"},\"thumbnailUrl\":\"https:\\\/\\\/www.waourentals.com\\\/blog\\\/wp-content\\\/uploads\\\/2025\\\/06\\\/Tablao-Flamenco-madrid.jpg\",\"datePublished\":\"2025-06-16T14:20:18+00:00\",\"dateModified\":\"2026-04-24T09:28:43+00:00\",\"description\":\"Descubre la cultura del flamenco en Madrid y cu\u00e1les son los mejores tablaos de la ciudad para disfrutar del espect\u00e1culo.\",\"breadcrumb\":{\"@id\":\"https:\\\/\\\/www.waourentals.com\\\/blog\\\/flamenco-madrid\\\/#breadcrumb\"},\"inLanguage\":\"es\",\"potentialAction\":[{\"@type\":\"ReadAction\",\"target\":[\"https:\\\/\\\/www.waourentals.com\\\/blog\\\/flamenco-madrid\\\/\"]}]},{\"@type\":\"ImageObject\",\"inLanguage\":\"es\",\"@id\":\"https:\\\/\\\/www.waourentals.com\\\/blog\\\/flamenco-madrid\\\/#primaryimage\",\"url\":\"https:\\\/\\\/www.waourentals.com\\\/blog\\\/wp-content\\\/uploads\\\/2025\\\/06\\\/Tablao-Flamenco-madrid.jpg\",\"contentUrl\":\"https:\\\/\\\/www.waourentals.com\\\/blog\\\/wp-content\\\/uploads\\\/2025\\\/06\\\/Tablao-Flamenco-madrid.jpg\",\"width\":2121,\"height\":707,\"caption\":\"Closeup of the legs and red shoes of a flamenko dancer whilst she's dancing on the stage in Palma de Mallorca, Spain\"},{\"@type\":\"BreadcrumbList\",\"@id\":\"https:\\\/\\\/www.waourentals.com\\\/blog\\\/flamenco-madrid\\\/#breadcrumb\",\"itemListElement\":[{\"@type\":\"ListItem\",\"position\":1,\"name\":\"Portada\",\"item\":\"https:\\\/\\\/www.waourentals.com\\\/blog\\\/en\\\/\"},{\"@type\":\"ListItem\",\"position\":2,\"name\":\"Disfruta de los mejores espect\u00e1culos de flamenco en Madrid\"}]},{\"@type\":\"WebSite\",\"@id\":\"https:\\\/\\\/www.waourentals.com\\\/blog\\\/#website\",\"url\":\"https:\\\/\\\/www.waourentals.com\\\/blog\\\/\",\"name\":\"Blog de waourentals\",\"description\":\"\",\"publisher\":{\"@id\":\"https:\\\/\\\/www.waourentals.com\\\/blog\\\/#organization\"},\"potentialAction\":[{\"@type\":\"SearchAction\",\"target\":{\"@type\":\"EntryPoint\",\"urlTemplate\":\"https:\\\/\\\/www.waourentals.com\\\/blog\\\/?s={search_term_string}\"},\"query-input\":{\"@type\":\"PropertyValueSpecification\",\"valueRequired\":true,\"valueName\":\"search_term_string\"}}],\"inLanguage\":\"es\"},{\"@type\":\"Organization\",\"@id\":\"https:\\\/\\\/www.waourentals.com\\\/blog\\\/#organization\",\"name\":\"Blog de waourentals\",\"url\":\"https:\\\/\\\/www.waourentals.com\\\/blog\\\/\",\"logo\":{\"@type\":\"ImageObject\",\"inLanguage\":\"es\",\"@id\":\"https:\\\/\\\/www.waourentals.com\\\/blog\\\/#\\\/schema\\\/logo\\\/image\\\/\",\"url\":\"https:\\\/\\\/www.waourentals.com\\\/blog\\\/wp-content\\\/uploads\\\/2024\\\/10\\\/BNB-LOGO-NEGRO-1.png\",\"contentUrl\":\"https:\\\/\\\/www.waourentals.com\\\/blog\\\/wp-content\\\/uploads\\\/2024\\\/10\\\/BNB-LOGO-NEGRO-1.png\",\"width\":1698,\"height\":787,\"caption\":\"Blog de waourentals\"},\"image\":{\"@id\":\"https:\\\/\\\/www.waourentals.com\\\/blog\\\/#\\\/schema\\\/logo\\\/image\\\/\"}},{\"@type\":\"Person\",\"@id\":\"https:\\\/\\\/www.waourentals.com\\\/blog\\\/#\\\/schema\\\/person\\\/5ed75b9d9dafc7ddc5521311552aa927\",\"name\":\"Laura\",\"image\":{\"@type\":\"ImageObject\",\"inLanguage\":\"es\",\"@id\":\"https:\\\/\\\/secure.gravatar.com\\\/avatar\\\/38b396224481eeb6edadb558d7e4a6d1ff1c8ba1e6abd3951e451527e107c96b?s=96&d=mm&r=g\",\"url\":\"https:\\\/\\\/secure.gravatar.com\\\/avatar\\\/38b396224481eeb6edadb558d7e4a6d1ff1c8ba1e6abd3951e451527e107c96b?s=96&d=mm&r=g\",\"contentUrl\":\"https:\\\/\\\/secure.gravatar.com\\\/avatar\\\/38b396224481eeb6edadb558d7e4a6d1ff1c8ba1e6abd3951e451527e107c96b?s=96&d=mm&r=g\",\"caption\":\"Laura\"},\"url\":\"https:\\\/\\\/www.waourentals.com\\\/blog\\\/author\\\/laura\\\/\"}]}<\/script>\n<!-- \/ Yoast SEO plugin. -->","yoast_head_json":{"title":"Disfruta de los mejores espect\u00e1culos de flamenco en Madrid - Blog de waourentals","description":"Descubre la cultura del flamenco en Madrid y cu\u00e1les son los mejores tablaos de la ciudad para disfrutar del espect\u00e1culo.","robots":{"index":"index","follow":"follow","max-snippet":"max-snippet:-1","max-image-preview":"max-image-preview:large","max-video-preview":"max-video-preview:-1"},"canonical":"https:\/\/www.waourentals.com\/blog\/flamenco-madrid\/","og_locale":"es_ES","og_type":"article","og_title":"Disfruta de los mejores espect\u00e1culos de flamenco en Madrid - Blog de waourentals","og_description":"Descubre la cultura del flamenco en Madrid y cu\u00e1les son los mejores tablaos de la ciudad para disfrutar del espect\u00e1culo.","og_url":"https:\/\/www.waourentals.com\/blog\/flamenco-madrid\/","og_site_name":"Blog de waourentals","article_published_time":"2025-06-16T14:20:18+00:00","article_modified_time":"2026-04-24T09:28:43+00:00","og_image":[{"width":2121,"height":707,"url":"https:\/\/www.waourentals.com\/blog\/wp-content\/uploads\/2025\/06\/Tablao-Flamenco-madrid.jpg","type":"image\/jpeg"}],"author":"Laura","twitter_card":"summary_large_image","twitter_misc":{"Written by":"Laura","Est. reading time":"8 minutes"},"schema":{"@context":"https:\/\/schema.org","@graph":[{"@type":"Article","@id":"https:\/\/www.waourentals.com\/blog\/flamenco-madrid\/#article","isPartOf":{"@id":"https:\/\/www.waourentals.com\/blog\/flamenco-madrid\/"},"author":{"name":"Laura","@id":"https:\/\/www.waourentals.com\/blog\/#\/schema\/person\/5ed75b9d9dafc7ddc5521311552aa927"},"headline":"Disfruta de los mejores espect\u00e1culos de flamenco en Madrid","datePublished":"2025-06-16T14:20:18+00:00","dateModified":"2026-04-24T09:28:43+00:00","mainEntityOfPage":{"@id":"https:\/\/www.waourentals.com\/blog\/flamenco-madrid\/"},"wordCount":1095,"commentCount":0,"publisher":{"@id":"https:\/\/www.waourentals.com\/blog\/#organization"},"image":{"@id":"https:\/\/www.waourentals.com\/blog\/flamenco-madrid\/#primaryimage"},"thumbnailUrl":"https:\/\/www.waourentals.com\/blog\/wp-content\/uploads\/2025\/06\/Tablao-Flamenco-madrid.jpg","keywords":["No template"],"articleSection":["Madrid"],"inLanguage":"es","potentialAction":[{"@type":"CommentAction","name":"Comment","target":["https:\/\/www.waourentals.com\/blog\/flamenco-madrid\/#respond"]}]},{"@type":"WebPage","@id":"https:\/\/www.waourentals.com\/blog\/flamenco-madrid\/","url":"https:\/\/www.waourentals.com\/blog\/flamenco-madrid\/","name":"Disfruta de los mejores espect\u00e1culos de flamenco en Madrid - Blog de waourentals","isPartOf":{"@id":"https:\/\/www.waourentals.com\/blog\/#website"},"primaryImageOfPage":{"@id":"https:\/\/www.waourentals.com\/blog\/flamenco-madrid\/#primaryimage"},"image":{"@id":"https:\/\/www.waourentals.com\/blog\/flamenco-madrid\/#primaryimage"},"thumbnailUrl":"https:\/\/www.waourentals.com\/blog\/wp-content\/uploads\/2025\/06\/Tablao-Flamenco-madrid.jpg","datePublished":"2025-06-16T14:20:18+00:00","dateModified":"2026-04-24T09:28:43+00:00","description":"Descubre la cultura del flamenco en Madrid y cu\u00e1les son los mejores tablaos de la ciudad para disfrutar del espect\u00e1culo.","breadcrumb":{"@id":"https:\/\/www.waourentals.com\/blog\/flamenco-madrid\/#breadcrumb"},"inLanguage":"es","potentialAction":[{"@type":"ReadAction","target":["https:\/\/www.waourentals.com\/blog\/flamenco-madrid\/"]}]},{"@type":"ImageObject","inLanguage":"es","@id":"https:\/\/www.waourentals.com\/blog\/flamenco-madrid\/#primaryimage","url":"https:\/\/www.waourentals.com\/blog\/wp-content\/uploads\/2025\/06\/Tablao-Flamenco-madrid.jpg","contentUrl":"https:\/\/www.waourentals.com\/blog\/wp-content\/uploads\/2025\/06\/Tablao-Flamenco-madrid.jpg","width":2121,"height":707,"caption":"Closeup of the legs and red shoes of a flamenko dancer whilst she's dancing on the stage in Palma de Mallorca, Spain"},{"@type":"BreadcrumbList","@id":"https:\/\/www.waourentals.com\/blog\/flamenco-madrid\/#breadcrumb","itemListElement":[{"@type":"ListItem","position":1,"name":"Portada","item":"https:\/\/www.waourentals.com\/blog\/en\/"},{"@type":"ListItem","position":2,"name":"Disfruta de los mejores espect\u00e1culos de flamenco en Madrid"}]},{"@type":"WebSite","@id":"https:\/\/www.waourentals.com\/blog\/#website","url":"https:\/\/www.waourentals.com\/blog\/","name":"Blog de waourentals","description":"","publisher":{"@id":"https:\/\/www.waourentals.com\/blog\/#organization"},"potentialAction":[{"@type":"SearchAction","target":{"@type":"EntryPoint","urlTemplate":"https:\/\/www.waourentals.com\/blog\/?s={search_term_string}"},"query-input":{"@type":"PropertyValueSpecification","valueRequired":true,"valueName":"search_term_string"}}],"inLanguage":"es"},{"@type":"Organization","@id":"https:\/\/www.waourentals.com\/blog\/#organization","name":"Blog de waourentals","url":"https:\/\/www.waourentals.com\/blog\/","logo":{"@type":"ImageObject","inLanguage":"es","@id":"https:\/\/www.waourentals.com\/blog\/#\/schema\/logo\/image\/","url":"https:\/\/www.waourentals.com\/blog\/wp-content\/uploads\/2024\/10\/BNB-LOGO-NEGRO-1.png","contentUrl":"https:\/\/www.waourentals.com\/blog\/wp-content\/uploads\/2024\/10\/BNB-LOGO-NEGRO-1.png","width":1698,"height":787,"caption":"Blog de waourentals"},"image":{"@id":"https:\/\/www.waourentals.com\/blog\/#\/schema\/logo\/image\/"}},{"@type":"Person","@id":"https:\/\/www.waourentals.com\/blog\/#\/schema\/person\/5ed75b9d9dafc7ddc5521311552aa927","name":"Laura","image":{"@type":"ImageObject","inLanguage":"es","@id":"https:\/\/secure.gravatar.com\/avatar\/38b396224481eeb6edadb558d7e4a6d1ff1c8ba1e6abd3951e451527e107c96b?s=96&d=mm&r=g","url":"https:\/\/secure.gravatar.com\/avatar\/38b396224481eeb6edadb558d7e4a6d1ff1c8ba1e6abd3951e451527e107c96b?s=96&d=mm&r=g","contentUrl":"https:\/\/secure.gravatar.com\/avatar\/38b396224481eeb6edadb558d7e4a6d1ff1c8ba1e6abd3951e451527e107c96b?s=96&d=mm&r=g","caption":"Laura"},"url":"https:\/\/www.waourentals.com\/blog\/author\/laura\/"}]}},"_links":{"self":[{"href":"https:\/\/www.waourentals.com\/blog\/wp-json\/wp\/v2\/posts\/1597","targetHints":{"allow":["GET"]}}],"collection":[{"href":"https:\/\/www.waourentals.com\/blog\/wp-json\/wp\/v2\/posts"}],"about":[{"href":"https:\/\/www.waourentals.com\/blog\/wp-json\/wp\/v2\/types\/post"}],"author":[{"embeddable":true,"href":"https:\/\/www.waourentals.com\/blog\/wp-json\/wp\/v2\/users\/3"}],"replies":[{"embeddable":true,"href":"https:\/\/www.waourentals.com\/blog\/wp-json\/wp\/v2\/comments?post=1597"}],"version-history":[{"count":8,"href":"https:\/\/www.waourentals.com\/blog\/wp-json\/wp\/v2\/posts\/1597\/revisions"}],"predecessor-version":[{"id":1627,"href":"https:\/\/www.waourentals.com\/blog\/wp-json\/wp\/v2\/posts\/1597\/revisions\/1627"}],"wp:featuredmedia":[{"embeddable":true,"href":"https:\/\/www.waourentals.com\/blog\/wp-json\/wp\/v2\/media\/1622"}],"wp:attachment":[{"href":"https:\/\/www.waourentals.com\/blog\/wp-json\/wp\/v2\/media?parent=1597"}],"wp:term":[{"taxonomy":"category","embeddable":true,"href":"https:\/\/www.waourentals.com\/blog\/wp-json\/wp\/v2\/categories?post=1597"},{"taxonomy":"post_tag","embeddable":true,"href":"https:\/\/www.waourentals.com\/blog\/wp-json\/wp\/v2\/tags?post=1597"}],"curies":[{"name":"wp","href":"https:\/\/api.w.org\/{rel}","templated":true}]}}