{"id":1501,"date":"2025-05-14T11:52:32","date_gmt":"2025-05-14T11:52:32","guid":{"rendered":"https:\/\/www.waourentals.com\/blog\/?p=1501"},"modified":"2026-04-24T09:28:45","modified_gmt":"2026-04-24T09:28:45","slug":"feria-automovil-madrid","status":"publish","type":"post","link":"https:\/\/www.waourentals.com\/blog\/feria-automovil-madrid\/","title":{"rendered":"Ven a conocer la Feria del Autom\u00f3vil de Madrid"},"content":{"rendered":"\t\t<div data-elementor-type=\"wp-post\" data-elementor-id=\"1501\" class=\"elementor elementor-1501\" data-elementor-post-type=\"post\">\n\t\t\t\t\t\t<section class=\"elementor-section elementor-top-section elementor-element elementor-element-38583963 elementor-section-boxed elementor-section-height-default elementor-section-height-default\" data-id=\"38583963\" data-element_type=\"section\" data-e-type=\"section\">\n\t\t\t\t\t\t<div class=\"elementor-container elementor-column-gap-default\">\n\t\t\t\t\t<div class=\"elementor-column elementor-col-100 elementor-top-column elementor-element elementor-element-40a7c358\" data-id=\"40a7c358\" data-element_type=\"column\" data-e-type=\"column\">\n\t\t\t<div class=\"elementor-widget-wrap elementor-element-populated\">\n\t\t\t\t\t\t<div class=\"elementor-element elementor-element-205cf87 elementor-widget elementor-widget-text-editor\" data-id=\"205cf87\" data-element_type=\"widget\" data-e-type=\"widget\" data-widget_type=\"text-editor.default\">\n\t\t\t\t<div class=\"elementor-widget-container\">\n\t\t\t\t\t\t\t\t\t<p style=\"font-weight: 400;\">Vuelve uno de los eventos m\u00e1s esperados del a\u00f1o para todos los amantes del motor, los cazadores de gangas y los que apuestan por un veh\u00edculo m\u00e1s sostenible: <strong>la Feria del Autom\u00f3vil de Madrid, el evento de referencia en Espa\u00f1a cuando hablamos de veh\u00edculos seminuevos y de ocasi\u00f3n.<\/strong><\/p><p style=\"font-weight: 400;\">Si est\u00e1s pensando en cambiar de coche, este es tu momento. Y si no te lo hab\u00edas planteado, despu\u00e9s de leer todo lo que tenemos que contarte, \u00a1igual te animas!<\/p><p style=\"font-weight: 400;\">Durante <strong>cinco d\u00edas<\/strong>, Madrid se va a convertir en el para\u00edso de coches usados en perfecto estado: <strong>habr\u00e1 miles de modelos, todas las marcas que te puedas imaginar y, lo mejor de todo, podr\u00e1s probarlos y disfrutar de ofertas irrepetibles.<\/strong><\/p><p style=\"font-weight: 400;\">\u00bfTe vienes a la cita que, a\u00f1o tras a\u00f1o, sigue super\u00e1ndose?<\/p>\t\t\t\t\t\t\t\t<\/div>\n\t\t\t\t<\/div>\n\t\t\t\t\t<\/div>\n\t\t<\/div>\n\t\t\t\t\t<\/div>\n\t\t<\/section>\n\t\t\t\t<section class=\"elementor-section elementor-top-section elementor-element elementor-element-ebbda96 elementor-section-boxed elementor-section-height-default elementor-section-height-default\" data-id=\"ebbda96\" data-element_type=\"section\" data-e-type=\"section\">\n\t\t\t\t\t\t<div class=\"elementor-container elementor-column-gap-default\">\n\t\t\t\t\t<div class=\"elementor-column elementor-col-100 elementor-top-column elementor-element elementor-element-6f022fd7\" data-id=\"6f022fd7\" data-element_type=\"column\" data-e-type=\"column\">\n\t\t\t<div class=\"elementor-widget-wrap elementor-element-populated\">\n\t\t\t\t\t\t<div class=\"elementor-element elementor-element-19cf0bb7 elementor-widget elementor-widget-table-of-contents\" data-id=\"19cf0bb7\" data-element_type=\"widget\" data-e-type=\"widget\" data-settings=\"{&quot;headings_by_tags&quot;:[&quot;h2&quot;,&quot;h3&quot;],&quot;exclude_headings_by_selector&quot;:[],&quot;marker_view&quot;:&quot;bullets&quot;,&quot;icon&quot;:{&quot;value&quot;:&quot;&quot;,&quot;library&quot;:&quot;&quot;},&quot;no_headings_message&quot;:&quot;No headings were found on this page.&quot;,&quot;hierarchical_view&quot;:&quot;yes&quot;,&quot;min_height&quot;:{&quot;unit&quot;:&quot;px&quot;,&quot;size&quot;:&quot;&quot;,&quot;sizes&quot;:[]},&quot;min_height_tablet&quot;:{&quot;unit&quot;:&quot;px&quot;,&quot;size&quot;:&quot;&quot;,&quot;sizes&quot;:[]},&quot;min_height_mobile&quot;:{&quot;unit&quot;:&quot;px&quot;,&quot;size&quot;:&quot;&quot;,&quot;sizes&quot;:[]}}\" data-widget_type=\"table-of-contents.default\">\n\t\t\t\t<div class=\"elementor-widget-container\">\n\t\t\t\t\t\t\t\t\t<div class=\"elementor-toc__header\">\n\t\t\t\t\t\t<div class=\"elementor-toc__header-title\">\n\t\t\t\t\u00cdndice\t\t\t<\/div>\n\t\t\t\t\t\t\t\t<\/div>\n\t\t\t\t<div id=\"elementor-toc__19cf0bb7\" class=\"elementor-toc__body\">\n\t\t\t<div class=\"elementor-toc__spinner-container\">\n\t\t\t\t<i class=\"elementor-toc__spinner eicon-animation-spin eicon-loading\" aria-hidden=\"true\"><\/i>\t\t\t<\/div>\n\t\t<\/div>\n\t\t\t\t\t\t<\/div>\n\t\t\t\t<\/div>\n\t\t\t\t\t<\/div>\n\t\t<\/div>\n\t\t\t\t\t<\/div>\n\t\t<\/section>\n\t\t\t\t<section class=\"elementor-section elementor-top-section elementor-element elementor-element-f84bf54 elementor-section-boxed elementor-section-height-default elementor-section-height-default\" data-id=\"f84bf54\" data-element_type=\"section\" data-e-type=\"section\">\n\t\t\t\t\t\t<div class=\"elementor-container elementor-column-gap-default\">\n\t\t\t\t\t<div class=\"elementor-column elementor-col-50 elementor-top-column elementor-element elementor-element-697e00d7\" data-id=\"697e00d7\" data-element_type=\"column\" data-e-type=\"column\">\n\t\t\t<div class=\"elementor-widget-wrap elementor-element-populated\">\n\t\t\t\t\t\t<div class=\"elementor-element elementor-element-4b9f321e elementor-widget elementor-widget-heading\" data-id=\"4b9f321e\" data-element_type=\"widget\" data-e-type=\"widget\" data-widget_type=\"heading.default\">\n\t\t\t\t<div class=\"elementor-widget-container\">\n\t\t\t\t\t<h2 class=\"elementor-heading-title elementor-size-default\">\u00bfQu\u00e9 es la Feria del Autom\u00f3vil de Madrid?<\/h2>\t\t\t\t<\/div>\n\t\t\t\t<\/div>\n\t\t\t\t<div class=\"elementor-element elementor-element-11c49086 elementor-widget elementor-widget-text-editor\" data-id=\"11c49086\" data-element_type=\"widget\" data-e-type=\"widget\" data-widget_type=\"text-editor.default\">\n\t\t\t\t<div class=\"elementor-widget-container\">\n\t\t\t\t\t\t\t\t\t<p style=\"font-weight: 400;\">La Feria del Autom\u00f3vil de Madrid, conocida como\u00a0el Sal\u00f3n del Veh\u00edculo Usado y de Ocasi\u00f3n, es la cita por excelencia del sector que <strong>se celebra cada a\u00f1o en el IFEMA<\/strong>.<\/p><p style=\"font-weight: 400;\">Aqu\u00ed vas a encontrarte a concesionarios, marcas oficiales, multimarcas, expertos del sector y, por supuesto, miles de visitantes que buscan coche. Y no hablamos de mirar por mirar: hablamos de comprar.<\/p><p style=\"font-weight: 400;\">En la edici\u00f3n pasada se superaron los 20.000 asistentes y lo m\u00e1s impresionante es que <strong>casi el 70% de los visitantes acab\u00f3 comprando un coche, furgoneta, camper o caravana\u00a0durante el evento<\/strong>. Por algo ser\u00e1, \u00bfno?<\/p>\t\t\t\t\t\t\t\t<\/div>\n\t\t\t\t<\/div>\n\t\t\t\t\t<\/div>\n\t\t<\/div>\n\t\t\t\t<div class=\"elementor-column elementor-col-50 elementor-top-column elementor-element elementor-element-cf5ddab\" data-id=\"cf5ddab\" data-element_type=\"column\" data-e-type=\"column\">\n\t\t\t<div class=\"elementor-widget-wrap elementor-element-populated\">\n\t\t\t\t\t\t<div class=\"elementor-element elementor-element-dd74c22 elementor-widget elementor-widget-image\" data-id=\"dd74c22\" data-element_type=\"widget\" data-e-type=\"widget\" data-widget_type=\"image.default\">\n\t\t\t\t<div class=\"elementor-widget-container\">\n\t\t\t\t\t\t\t\t\t\t\t\t\t\t\t<img fetchpriority=\"high\" decoding=\"async\" width=\"768\" height=\"512\" src=\"https:\/\/www.waourentals.com\/blog\/wp-content\/uploads\/2025\/05\/feria-automovil.jpg\" class=\"attachment-large size-large wp-image-1512\" alt=\"feria-automovil\" srcset=\"https:\/\/www.waourentals.com\/blog\/wp-content\/uploads\/2025\/05\/feria-automovil.jpg 768w, https:\/\/www.waourentals.com\/blog\/wp-content\/uploads\/2025\/05\/feria-automovil-300x200.jpg 300w\" sizes=\"(max-width: 768px) 100vw, 768px\" \/>\t\t\t\t\t\t\t\t\t\t\t\t\t\t\t<\/div>\n\t\t\t\t<\/div>\n\t\t\t\t\t<\/div>\n\t\t<\/div>\n\t\t\t\t\t<\/div>\n\t\t<\/section>\n\t\t\t\t<section class=\"elementor-section elementor-top-section elementor-element elementor-element-5aa8a8d elementor-section-boxed elementor-section-height-default elementor-section-height-default\" data-id=\"5aa8a8d\" data-element_type=\"section\" data-e-type=\"section\">\n\t\t\t\t\t\t<div class=\"elementor-container elementor-column-gap-default\">\n\t\t\t\t\t<div class=\"elementor-column elementor-col-100 elementor-top-column elementor-element elementor-element-2906b6c\" data-id=\"2906b6c\" data-element_type=\"column\" data-e-type=\"column\">\n\t\t\t<div class=\"elementor-widget-wrap elementor-element-populated\">\n\t\t\t\t\t\t<div class=\"elementor-element elementor-element-59c67a2 elementor-widget elementor-widget-heading\" data-id=\"59c67a2\" data-element_type=\"widget\" data-e-type=\"widget\" data-widget_type=\"heading.default\">\n\t\t\t\t<div class=\"elementor-widget-container\">\n\t\t\t\t\t<h2 class=\"elementor-heading-title elementor-size-default\">\u00bfCu\u00e1ndo es la Feria del Autom\u00f3vil en Madrid? Fechas y horarios<\/h2>\t\t\t\t<\/div>\n\t\t\t\t<\/div>\n\t\t\t\t<div class=\"elementor-element elementor-element-5a65a8b elementor-widget elementor-widget-text-editor\" data-id=\"5a65a8b\" data-element_type=\"widget\" data-e-type=\"widget\" data-widget_type=\"text-editor.default\">\n\t\t\t\t<div class=\"elementor-widget-container\">\n\t\t\t\t\t\t\t\t\t<p style=\"font-weight: 400;\">Apunta bien estas fechas porque si llegas tarde, te vas a arrepentir: la Feria del Autom\u00f3vil de Madrid 2025\u00a0se celebrar\u00e1 <strong>del\u00a03 al 8 de junio en IFEMA<\/strong>. Y ojo, que los horarios cambian seg\u00fan el d\u00eda, as\u00ed que te los dejamos por aqu\u00ed:<\/p><ul><li>3 al 5 de junio \u2014de lunes a mi\u00e9rcoles\u2014: de 15:00 a 20:00 h<\/li><li>6 y 7 de junio \u2014jueves y viernes\u2014: de 11:00 a 21:00 h<\/li><li>8 de junio \u2014s\u00e1bado\u2014: de 11:00 a 16:00 h<\/li><\/ul><p style=\"font-weight: 400;\"><strong>Los precios de las <\/strong><a href=\"https:\/\/pretickets.ifema.es\/salon-vo\/webticket\/eventlist\"><strong>entradas<\/strong><\/a> tambi\u00e9n son bastante accesibles y dependen del d\u00eda que asistas y de c\u00f3mo la compres:<\/p><ul><li>Entrada\u00a0entre semana online: 4 \u20ac<\/li><li>Entrada\u00a0fin de semana online: 6 \u20ac<\/li><li>Entrada en taquilla: 6,50 \u20ac<\/li><\/ul>\t\t\t\t\t\t\t\t<\/div>\n\t\t\t\t<\/div>\n\t\t\t\t\t<\/div>\n\t\t<\/div>\n\t\t\t\t\t<\/div>\n\t\t<\/section>\n\t\t\t\t<section class=\"elementor-section elementor-top-section elementor-element elementor-element-63ef1ac elementor-section-boxed elementor-section-height-default elementor-section-height-default\" data-id=\"63ef1ac\" data-element_type=\"section\" data-e-type=\"section\">\n\t\t\t\t\t\t<div class=\"elementor-container elementor-column-gap-default\">\n\t\t\t\t\t<div class=\"elementor-column elementor-col-100 elementor-top-column elementor-element elementor-element-abf9f15\" data-id=\"abf9f15\" data-element_type=\"column\" data-e-type=\"column\">\n\t\t\t<div class=\"elementor-widget-wrap elementor-element-populated\">\n\t\t\t\t\t\t<div class=\"elementor-element elementor-element-cfb6f7c elementor-widget elementor-widget-heading\" data-id=\"cfb6f7c\" data-element_type=\"widget\" data-e-type=\"widget\" data-widget_type=\"heading.default\">\n\t\t\t\t<div class=\"elementor-widget-container\">\n\t\t\t\t\t<h2 class=\"elementor-heading-title elementor-size-default\">Qu\u00e9 ver en la Feria del Autom\u00f3vil de Madrid 2025<\/h2>\t\t\t\t<\/div>\n\t\t\t\t<\/div>\n\t\t\t\t<div class=\"elementor-element elementor-element-73849ab elementor-widget elementor-widget-text-editor\" data-id=\"73849ab\" data-element_type=\"widget\" data-e-type=\"widget\" data-widget_type=\"text-editor.default\">\n\t\t\t\t<div class=\"elementor-widget-container\">\n\t\t\t\t\t\t\t\t\t<p style=\"font-weight: 400;\">La edici\u00f3n 2025 de la Feria del Autom\u00f3vil de Madrid viene cargada de novedades. Vas a encontrar\u00a0miles de <strong>veh\u00edculos de ocasi\u00f3n y seminuevos\u00a0de<\/strong> <strong>todas las categor\u00edas<\/strong>, desde utilitarios hasta coches de alta gama, SUV, el\u00e9ctricos, h\u00edbridos, furgonetas y hasta autocaravanas. Y todos, absolutamente todos, con las mejores condiciones. Ah, y si lo tuyo es la movilidad sostenible, prep\u00e1rate porque <strong>tambi\u00e9n hay una zona dedicada a modelos ECO y 0 emisiones.<\/strong><\/p><p style=\"font-weight: 400;\">Y lo mejor de todo es que vas a encontrar precios muy jugosos. La edici\u00f3n pasada arrancaban en los 8.000 \u20ac para los modelos m\u00e1s b\u00e1sicos y pod\u00edan llegar hasta los 94.00 \u20ac en modelos <em>premium<\/em>, pasando por\u00a0autocaravanas y campers con precios de esc\u00e1ndalo entre los 45.000 \u20ac y los 127.000 \u20ac.<\/p><p style=\"font-weight: 400;\">\u00bfY qu\u00e9 marcas participan? Muchas, much\u00edsimas. Algunas de ellas son <strong>Audi, Ford, Hyundai, Jaguar, Kia, Land Rover, Lexus, Polestar, Seat, Volkswagen, Volvo, Renault Renew y Spoticar<\/strong> \u2014con Abarth, Fiat, Opel, Peugeot, Jeep y algunas m\u00e1s\u2014. Y ojo, que tambi\u00e9n encontrar\u00e1s concesionarios multimarca como Autom\u00f3viles Dursan, Ocasi\u00f3n Plus, Cars&amp;Cars, Crestanevada y Autocaravanas Norte.<\/p><p style=\"font-weight: 400;\">Adem\u00e1s de mirar coches, podr\u00e1s\u00a0probarlos, conocer sus prestaciones de primera mano y comparar modelos en un mismo lugar.<\/p><p style=\"font-weight: 400;\"><strong>\u00bfTe interesa un modelo ECO o 100% el\u00e9ctrico?<\/strong> Aqu\u00ed tienes toda la oferta junta, porque lo normal es que te est\u00e9s preguntando <a href=\"https:\/\/www.waourentals.com\/blog\/que-coches-pueden-entrar-en-madrid-2025\/\">qu\u00e9 coches pueden entrar en Madrid<\/a> con todas las nuevas normativas de emisiones y que cada vez esto se aplique a m\u00e1s ciudades, por eso en la Feria del Autom\u00f3vil te lo ponen f\u00e1cil, con una zona espec\u00edfica para estos modelos. Muchos de ellos ya llevan etiqueta \u00abECO\u00bb o \u00abCERO\u00bb, as\u00ed que podr\u00e1s moverte sin problema por la ciudad.<\/p><p style=\"font-weight: 400;\">\u00bfPrefieres un seminuevo con apenas kil\u00f3metros y una garant\u00eda ampliada? Tambi\u00e9n lo tienes. No es una feria, <strong>es una plataforma completa para que te hagas con tu pr\u00f3ximo veh\u00edculo y de paso vengas a conocer una ciudad tan espectacular como Madrid.<\/strong><\/p><p style=\"font-weight: 400;\">Si buscas ir m\u00e1s all\u00e1 y conocer las novedades del sector ven a <a href=\"https:\/\/www.ifema.es\/madrid-car-experience\">Madrid Car Experience<\/a> y si lo que andas buscando es un \u00abretrom\u00f3vil\u00bb ven a la <a href=\"https:\/\/www.ifema.es\/retromovil-madrid\">Feria del Autom\u00f3vil Cl\u00e1sico de Madrid<\/a>.<\/p>\t\t\t\t\t\t\t\t<\/div>\n\t\t\t\t<\/div>\n\t\t\t\t\t<\/div>\n\t\t<\/div>\n\t\t\t\t\t<\/div>\n\t\t<\/section>\n\t\t<div class=\"elementor-element elementor-element-7c0581b e-flex e-con-boxed e-con e-parent\" data-id=\"7c0581b\" data-element_type=\"container\" data-e-type=\"container\">\n\t\t\t\t\t<div class=\"e-con-inner\">\n\t\t\t\t<div class=\"elementor-element elementor-element-8d9aa31 elementor-widget elementor-widget-image\" data-id=\"8d9aa31\" data-element_type=\"widget\" data-e-type=\"widget\" data-widget_type=\"image.default\">\n\t\t\t\t<div class=\"elementor-widget-container\">\n\t\t\t\t\t\t\t\t\t\t\t\t\t\t\t<img decoding=\"async\" width=\"1200\" height=\"600\" src=\"https:\/\/www.waourentals.com\/blog\/wp-content\/uploads\/2025\/05\/Feria-automovil-en-madrid.jpg\" class=\"attachment-full size-full wp-image-1514\" alt=\"Feria-automovil-en-madrid\" srcset=\"https:\/\/www.waourentals.com\/blog\/wp-content\/uploads\/2025\/05\/Feria-automovil-en-madrid.jpg 1200w, https:\/\/www.waourentals.com\/blog\/wp-content\/uploads\/2025\/05\/Feria-automovil-en-madrid-300x150.jpg 300w, https:\/\/www.waourentals.com\/blog\/wp-content\/uploads\/2025\/05\/Feria-automovil-en-madrid-1024x512.jpg 1024w, https:\/\/www.waourentals.com\/blog\/wp-content\/uploads\/2025\/05\/Feria-automovil-en-madrid-768x384.jpg 768w\" sizes=\"(max-width: 1200px) 100vw, 1200px\" \/>\t\t\t\t\t\t\t\t\t\t\t\t\t\t\t<\/div>\n\t\t\t\t<\/div>\n\t\t\t\t\t<\/div>\n\t\t\t\t<\/div>\n\t\t\t\t<section class=\"elementor-section elementor-top-section elementor-element elementor-element-8595509 elementor-section-boxed elementor-section-height-default elementor-section-height-default\" data-id=\"8595509\" data-element_type=\"section\" data-e-type=\"section\">\n\t\t\t\t\t\t<div class=\"elementor-container elementor-column-gap-default\">\n\t\t\t\t\t<div class=\"elementor-column elementor-col-100 elementor-top-column elementor-element elementor-element-c0bc8a4\" data-id=\"c0bc8a4\" data-element_type=\"column\" data-e-type=\"column\">\n\t\t\t<div class=\"elementor-widget-wrap elementor-element-populated\">\n\t\t\t\t\t\t<div class=\"elementor-element elementor-element-2454595 elementor-widget elementor-widget-heading\" data-id=\"2454595\" data-element_type=\"widget\" data-e-type=\"widget\" data-widget_type=\"heading.default\">\n\t\t\t\t<div class=\"elementor-widget-container\">\n\t\t\t\t\t<h2 class=\"elementor-heading-title elementor-size-default\">Consejos para disfrutar de la Feria del Autom\u00f3vil de IFEMA sin perderte nada<\/h2>\t\t\t\t<\/div>\n\t\t\t\t<\/div>\n\t\t\t\t<div class=\"elementor-element elementor-element-40688cb elementor-widget elementor-widget-text-editor\" data-id=\"40688cb\" data-element_type=\"widget\" data-e-type=\"widget\" data-widget_type=\"text-editor.default\">\n\t\t\t\t<div class=\"elementor-widget-container\">\n\t\t\t\t\t\t\t\t\t<p style=\"font-weight: 400;\">Si vas a visitar el la Feria del Autom\u00f3vil Madrid 2025, lo mejor es que traigas de casa una idea clara y, al mismo tiempo, que vengas con la mente abierta. \u00a1Y aqu\u00ed van unos cuantos consejos para que exprimas la experiencia al m\u00e1ximo!<\/p>\t\t\t\t\t\t\t\t<\/div>\n\t\t\t\t<\/div>\n\t\t\t\t\t<\/div>\n\t\t<\/div>\n\t\t\t\t\t<\/div>\n\t\t<\/section>\n\t\t\t\t<section class=\"elementor-section elementor-top-section elementor-element elementor-element-f688368 elementor-section-boxed elementor-section-height-default elementor-section-height-default\" data-id=\"f688368\" data-element_type=\"section\" data-e-type=\"section\">\n\t\t\t\t\t\t<div class=\"elementor-container elementor-column-gap-default\">\n\t\t\t\t\t<div class=\"elementor-column elementor-col-33 elementor-top-column elementor-element elementor-element-6f9360c7\" data-id=\"6f9360c7\" data-element_type=\"column\" data-e-type=\"column\">\n\t\t\t<div class=\"elementor-widget-wrap elementor-element-populated\">\n\t\t\t\t\t\t<div class=\"elementor-element elementor-element-1de95e91 elementor-widget elementor-widget-heading\" data-id=\"1de95e91\" data-element_type=\"widget\" data-e-type=\"widget\" data-widget_type=\"heading.default\">\n\t\t\t\t<div class=\"elementor-widget-container\">\n\t\t\t\t\t<h3 class=\"elementor-heading-title elementor-size-default\">Planifica tu visita<\/h3>\t\t\t\t<\/div>\n\t\t\t\t<\/div>\n\t\t\t\t<div class=\"elementor-element elementor-element-4ff0624 elementor-widget elementor-widget-text-editor\" data-id=\"4ff0624\" data-element_type=\"widget\" data-e-type=\"widget\" data-widget_type=\"text-editor.default\">\n\t\t\t\t<div class=\"elementor-widget-container\">\n\t\t\t\t\t\t\t\t\t<p style=\"font-weight: 400;\">Si vas a por algo concreto, revisa en la web oficial las marcas y modelos disponibles y el plano del recinto. As\u00ed podr\u00e1s dirigirte all\u00ed directamente. Si, a mayores, tienes claro que antes de comprar quieres hacer una prueba de conducci\u00f3n, no esperes al \u00faltimo d\u00eda: res\u00e9rvala ya.<\/p>\t\t\t\t\t\t\t\t<\/div>\n\t\t\t\t<\/div>\n\t\t\t\t\t<\/div>\n\t\t<\/div>\n\t\t\t\t<div class=\"elementor-column elementor-col-33 elementor-top-column elementor-element elementor-element-f4d71f7\" data-id=\"f4d71f7\" data-element_type=\"column\" data-e-type=\"column\">\n\t\t\t<div class=\"elementor-widget-wrap elementor-element-populated\">\n\t\t\t\t\t\t<div class=\"elementor-element elementor-element-0351d70 elementor-widget elementor-widget-heading\" data-id=\"0351d70\" data-element_type=\"widget\" data-e-type=\"widget\" data-widget_type=\"heading.default\">\n\t\t\t\t<div class=\"elementor-widget-container\">\n\t\t\t\t\t<h3 class=\"elementor-heading-title elementor-size-default\">Compara precios y condiciones<\/h3>\t\t\t\t<\/div>\n\t\t\t\t<\/div>\n\t\t\t\t<div class=\"elementor-element elementor-element-4cdfad8 elementor-widget elementor-widget-text-editor\" data-id=\"4cdfad8\" data-element_type=\"widget\" data-e-type=\"widget\" data-widget_type=\"text-editor.default\">\n\t\t\t\t<div class=\"elementor-widget-container\">\n\t\t\t\t\t\t\t\t\t<p style=\"font-weight: 400;\">Las ofertas son \u00fanicas y temporales, pero no te quedes con el primer coche que veas.<\/p><p style=\"font-weight: 400;\">Los vendedores est\u00e1n all\u00ed para ayudarte, pregunta todo lo que necesites y no tengas miedo a llevarte toda la informaci\u00f3n clara: revisiones, mantenimiento, seguros, financiaci\u00f3n\u2026 Y sobre todo,\u00a0ve con calma. Hay mucho que ver y decidir con prisas nunca es buena idea.<\/p>\t\t\t\t\t\t\t\t<\/div>\n\t\t\t\t<\/div>\n\t\t\t\t\t<\/div>\n\t\t<\/div>\n\t\t\t\t<div class=\"elementor-column elementor-col-33 elementor-top-column elementor-element elementor-element-6014d17\" data-id=\"6014d17\" data-element_type=\"column\" data-e-type=\"column\">\n\t\t\t<div class=\"elementor-widget-wrap elementor-element-populated\">\n\t\t\t\t\t\t<div class=\"elementor-element elementor-element-302af4e elementor-widget elementor-widget-heading\" data-id=\"302af4e\" data-element_type=\"widget\" data-e-type=\"widget\" data-widget_type=\"heading.default\">\n\t\t\t\t<div class=\"elementor-widget-container\">\n\t\t\t\t\t<h3 class=\"elementor-heading-title elementor-size-default\">No debes olvidarte\u2026<\/h3>\t\t\t\t<\/div>\n\t\t\t\t<\/div>\n\t\t\t\t<div class=\"elementor-element elementor-element-ab9f122 elementor-widget elementor-widget-text-editor\" data-id=\"ab9f122\" data-element_type=\"widget\" data-e-type=\"widget\" data-widget_type=\"text-editor.default\">\n\t\t\t\t<div class=\"elementor-widget-container\">\n\t\t\t\t\t\t\t\t\t<p style=\"font-weight: 400;\">Si vas con intenci\u00f3n de comprar, no olvides tu DNI, carnet de conducir y si puedes, la documentaci\u00f3n de tu coche actual, si vas a entregarlo como parte del pago.<\/p>\t\t\t\t\t\t\t\t<\/div>\n\t\t\t\t<\/div>\n\t\t\t\t\t<\/div>\n\t\t<\/div>\n\t\t\t\t\t<\/div>\n\t\t<\/section>\n\t\t<div class=\"elementor-element elementor-element-110d7b1 e-flex e-con-boxed e-con e-parent\" data-id=\"110d7b1\" data-element_type=\"container\" data-e-type=\"container\">\n\t\t\t\t\t<div class=\"e-con-inner\">\n\t\t\t\t<div class=\"elementor-element elementor-element-c0fe014 elementor-widget elementor-widget-google_maps\" data-id=\"c0fe014\" data-element_type=\"widget\" data-e-type=\"widget\" data-widget_type=\"google_maps.default\">\n\t\t\t\t<div class=\"elementor-widget-container\">\n\t\t\t\t\t\t\t<div class=\"elementor-custom-embed\">\n\t\t\t<iframe loading=\"lazy\"\n\t\t\t\t\tsrc=\"https:\/\/maps.google.com\/maps?q=ifema&#038;t=m&#038;z=12&#038;output=embed&#038;iwloc=near\"\n\t\t\t\t\ttitle=\"ifema\"\n\t\t\t\t\taria-label=\"ifema\"\n\t\t\t><\/iframe>\n\t\t<\/div>\n\t\t\t\t\t\t<\/div>\n\t\t\t\t<\/div>\n\t\t\t\t\t<\/div>\n\t\t\t\t<\/div>\n\t\t\t\t<section class=\"elementor-section elementor-top-section elementor-element elementor-element-76f8f34 elementor-section-boxed elementor-section-height-default elementor-section-height-default\" data-id=\"76f8f34\" data-element_type=\"section\" data-e-type=\"section\">\n\t\t\t\t\t\t<div class=\"elementor-container elementor-column-gap-default\">\n\t\t\t\t\t<div class=\"elementor-column elementor-col-100 elementor-top-column elementor-element elementor-element-97bf3b5\" data-id=\"97bf3b5\" data-element_type=\"column\" data-e-type=\"column\">\n\t\t\t<div class=\"elementor-widget-wrap elementor-element-populated\">\n\t\t\t\t\t\t<div class=\"elementor-element elementor-element-935d910 elementor-widget elementor-widget-heading\" data-id=\"935d910\" data-element_type=\"widget\" data-e-type=\"widget\" data-widget_type=\"heading.default\">\n\t\t\t\t<div class=\"elementor-widget-container\">\n\t\t\t\t\t<h2 class=\"elementor-heading-title elementor-size-default\">\u00bfPor qu\u00e9 asistir a la Feria del Autom\u00f3vil de Madrid?<\/h2>\t\t\t\t<\/div>\n\t\t\t\t<\/div>\n\t\t\t\t<div class=\"elementor-element elementor-element-8535309 elementor-widget elementor-widget-text-editor\" data-id=\"8535309\" data-element_type=\"widget\" data-e-type=\"widget\" data-widget_type=\"text-editor.default\">\n\t\t\t\t<div class=\"elementor-widget-container\">\n\t\t\t\t\t\t\t\t\t<p style=\"font-weight: 400;\">La respuesta es clara: <strong>no hay otro evento en Espa\u00f1a donde puedas ver tal cantidad de veh\u00edculos, comparar modelos, precios y prestaciones, probarlos y comprarlos, y todo en el mismo sitio.<\/strong><\/p><p style=\"font-weight: 400;\">Tambi\u00e9n porque los precios y las condiciones que se ofrecen durante la feria\u00a0no se repiten el resto del a\u00f1o y porque si est\u00e1s pensando en cambiar de coche, este es el mejor momento. Y ojo, que comprar un veh\u00edculo de ocasi\u00f3n tiene muchas ventajas:<\/p><ul><li>Menor depreciaci\u00f3n<\/li><li>Seguro m\u00e1s barato<\/li><li>Impuestos m\u00e1s bajos<\/li><li>Disponibilidad inmediata<\/li><\/ul><p style=\"font-weight: 400;\">Adem\u00e1s, el parque automovil\u00edstico en Espa\u00f1a tiene una media de\u00a014,5 a\u00f1os\u00a0de antig\u00fcedad y comprar un seminuevo ayuda a renovarlo de forma m\u00e1s r\u00e1pida, eficiente y sostenible.<\/p><p style=\"font-weight: 400;\">Y si no, mira los datos: <strong>se venden\u00a02,1 coches de segunda mano por cada nuevo<\/strong>, esta es la prueba de que cada vez somos m\u00e1s los que apostamos por una movilidad inteligente, sostenible y m\u00e1s econ\u00f3mica.<\/p>\t\t\t\t\t\t\t\t<\/div>\n\t\t\t\t<\/div>\n\t\t\t\t\t<\/div>\n\t\t<\/div>\n\t\t\t\t\t<\/div>\n\t\t<\/section>\n\t\t\t\t<section class=\"elementor-section elementor-top-section elementor-element elementor-element-6df6a5b elementor-section-boxed elementor-section-height-default elementor-section-height-default\" data-id=\"6df6a5b\" data-element_type=\"section\" data-e-type=\"section\">\n\t\t\t\t\t\t<div class=\"elementor-container elementor-column-gap-default\">\n\t\t\t\t\t<div class=\"elementor-column elementor-col-100 elementor-top-column elementor-element elementor-element-9e78e28\" data-id=\"9e78e28\" data-element_type=\"column\" data-e-type=\"column\">\n\t\t\t<div class=\"elementor-widget-wrap elementor-element-populated\">\n\t\t\t\t\t\t<div class=\"elementor-element elementor-element-053a059 elementor-widget elementor-widget-heading\" data-id=\"053a059\" data-element_type=\"widget\" data-e-type=\"widget\" data-widget_type=\"heading.default\">\n\t\t\t\t<div class=\"elementor-widget-container\">\n\t\t\t\t\t<h2 class=\"elementor-heading-title elementor-size-default\">\u00bfTe vienes a la Feria del Autom\u00f3vil a Madrid?<\/h2>\t\t\t\t<\/div>\n\t\t\t\t<\/div>\n\t\t\t\t\t<\/div>\n\t\t<\/div>\n\t\t\t\t\t<\/div>\n\t\t<\/section>\n\t\t\t\t<section class=\"elementor-section elementor-top-section elementor-element elementor-element-2d77776 elementor-section-boxed elementor-section-height-default elementor-section-height-default\" data-id=\"2d77776\" data-element_type=\"section\" data-e-type=\"section\">\n\t\t\t\t\t\t<div class=\"elementor-container elementor-column-gap-default\">\n\t\t\t\t\t<div class=\"elementor-column elementor-col-100 elementor-top-column elementor-element elementor-element-1671004\" data-id=\"1671004\" data-element_type=\"column\" data-e-type=\"column\">\n\t\t\t<div class=\"elementor-widget-wrap elementor-element-populated\">\n\t\t\t\t\t\t<div class=\"elementor-element elementor-element-aa26ffc elementor-widget elementor-widget-text-editor\" data-id=\"aa26ffc\" data-element_type=\"widget\" data-e-type=\"widget\" data-widget_type=\"text-editor.default\">\n\t\t\t\t<div class=\"elementor-widget-container\">\n\t\t\t\t\t\t\t\t\t<p style=\"font-weight: 400;\">Ya sabemos que s\u00ed, que del 3 al 8 de junio vas a estar en IFEMA buscando a tu nuevo compa\u00f1ero de aventuras. Y claro, traer\u00e1s todo minuciosamente planificado para llevarte una ganga, un modelo que te encanta o esa camper que siempre has so\u00f1ado. Pero\u2026 \u00bfhas tenido tiempo de planificar tu viaje a Madrid? \u00bfHas podido encontrar un alojamiento igual de bueno que lo que vas a toparte en el Sal\u00f3n del Autom\u00f3vil?<\/p><p style=\"font-weight: 400;\">Bueno, no te preocupes si no es as\u00ed, <strong>en\u00a0Waou Rentals\u00a0tenemos un mont\u00f3n de alojamientos para que tu estancia en Madrid sea de diez y puedas dormir a pierna suelta mientras decides qu\u00e9 veh\u00edculo vas a llevarte de este pedazo de viaje<\/strong>. Desde apartamentos en el centro hasta alojamientos m\u00e1s tranquilos a las afueras, para que est\u00e9s cerca de la feria, del bullicio o de ambos.<\/p><p style=\"font-weight: 400;\">Y ya que est\u00e1s en Madrid, aprovecha para disfrutar de la ciudad. Que s\u00ed, que vas a comprar coche, pero tambi\u00e9n puedes descubrir las\u00a0<a href=\"https:\/\/www.waourentals.com\/blog\/mejores-obras-teatro-madrid\/\">10 mejores obras de teatro de Madrid<\/a>, pasear por\u00a0<a href=\"https:\/\/www.waourentals.com\/blog\/mejores-barrios-madrid\/\">los mejores barrios de la ciudad<\/a>, hacer una escapada r\u00e1pida a alguno de los\u00a0<a href=\"https:\/\/www.waourentals.com\/blog\/pueblos-bonitos-madrid\/\">pueblos bonitos cerca de Madrid<\/a> o marcarte un tour expr\u00e9s con nuestra gu\u00eda de\u00a0<a href=\"https:\/\/www.waourentals.com\/blog\/que-ver-madrid-3-dias\/\">qu\u00e9 ver en Madrid en 3 d\u00edas<\/a>.<\/p><p style=\"font-weight: 400;\">\u00bfA qu\u00e9 esperas? planifica tu escapada, <a href=\"https:\/\/www.waourentals.com\/alquiler\/alquileres-madrid-d367\/\">reserva tu alojamiento con Waou Rentals<\/a> y ven a conseguir tu nuevo coche a la Feria del Autom\u00f3vil de Madrid.<\/p>\t\t\t\t\t\t\t\t<\/div>\n\t\t\t\t<\/div>\n\t\t\t\t\t<\/div>\n\t\t<\/div>\n\t\t\t\t\t<\/div>\n\t\t<\/section>\n\t\t\t\t<section class=\"elementor-section elementor-top-section elementor-element elementor-element-5995314 elementor-section-boxed elementor-section-height-default elementor-section-height-default\" data-id=\"5995314\" data-element_type=\"section\" data-e-type=\"section\">\n\t\t\t\t\t\t<div class=\"elementor-container elementor-column-gap-default\">\n\t\t\t\t\t<div class=\"elementor-column elementor-col-100 elementor-top-column elementor-element elementor-element-5f57d07\" data-id=\"5f57d07\" data-element_type=\"column\" data-e-type=\"column\">\n\t\t\t<div class=\"elementor-widget-wrap elementor-element-populated\">\n\t\t\t\t\t\t<div class=\"elementor-element elementor-element-2b32330d elementor-widget elementor-widget-shortcode\" data-id=\"2b32330d\" data-element_type=\"widget\" data-e-type=\"widget\" data-widget_type=\"shortcode.default\">\n\t\t\t\t<div class=\"elementor-widget-container\">\n\t\t\t\t\t\t\t<div class=\"elementor-shortcode\">\t\t<div data-elementor-type=\"section\" data-elementor-id=\"416\" class=\"elementor elementor-416\" data-elementor-post-type=\"elementor_library\">\n\t\t\t\t\t<section class=\"elementor-section elementor-top-section elementor-element elementor-element-b3baa5d elementor-section-boxed elementor-section-height-default elementor-section-height-default\" data-id=\"b3baa5d\" data-element_type=\"section\" data-e-type=\"section\">\n\t\t\t\t\t\t<div class=\"elementor-container elementor-column-gap-default\">\n\t\t\t\t\t<div class=\"elementor-column elementor-col-100 elementor-top-column elementor-element elementor-element-25f96a3\" data-id=\"25f96a3\" data-element_type=\"column\" data-e-type=\"column\">\n\t\t\t<div class=\"elementor-widget-wrap elementor-element-populated\">\n\t\t\t\t\t\t<div class=\"elementor-element elementor-element-216acb8 elementor-widget elementor-widget-grid\" data-id=\"216acb8\" data-element_type=\"widget\" data-e-type=\"widget\" data-widget_type=\"grid.default\">\n\t\t\t\t<div class=\"elementor-widget-container\">\n\t\t\t\t\t\t\t<div class=\"its--row alojamientos-recomendados\">\n\n\t\t\t<div class=\"alojamientos-recomendados-container\">\n\n\t\t\t\t\t\n\t\t\t\t\t<a href=\"https:\/\/www.waourentals.com\/alquiler\/apartamento-madrid-waou-sol-i-alquiler-corta-duracion-260555.html\" rel=\"nofollow\" style=\"width: 23%;\">\n\t\t\t\t\t\t<div class=\"apartamento-box\">\n\t\t\t\t\t\t\t<div class=\"imagen_recomendados\">\n\t\t\t\t\t\t\t\t<img decoding=\"async\" src=\"https:\/\/crs.avantio.com\/fotos\/2\/1537869980ce0301b2c1244559fafab5ec3fcc5d42\/big1537869981d28e5196dd4f2243b69bd9a93dd934cd.jpg\" alt=\"Espectacular apartamento d\u00faplex a pasos de la Puerta del Sol, Madrid Centro\">\n\t\t\t\t\t\t\t<\/div>\n\t\t\t\t\t\t\t<div class=\"info\">\n\t\t\t\t\t\t\t\t<div class=\"ubicacion\">\n\t\t\t\t\t\t\t\t\t<i class=\"fa-solid fa-location-dot icono-mapa\"><\/i><span class=\"ubicacion-texto\">Madrid - Madrid provincia<\/span>\n\t\t\t\t\t\t\t\t<\/div>\n\t\t\t\t\t\t\t\t<H4 class=\"titulo-alojamiento\">\n\t\t\t\t\t\t\t\t\tEspectacular apartamento d\u00faplex a pasos de la Puerta del Sol, Madrid Centro\t\t\t\t\t\t\t\t<\/H4>\n\t\t\t\t\t\t\t\t<p class=\"precio-alojamiento\">Desde <span class=\"precio\">258.00\u20ac<\/span> por noche<\/p>\n\t\t\t\t\t\t\t<\/div>\n\t\t\t\t\t\t<\/div>\n\t\t\t\t\t<\/a> \n\t\t\t\t\t\t\n\t\t\t\t\t<a href=\"https:\/\/www.waourentals.com\/alquiler\/apartamento-madrid-waou-sol-iv-alquiler-corta-duracion-260564.html\" rel=\"nofollow\" style=\"width: 23%;\">\n\t\t\t\t\t\t<div class=\"apartamento-box\">\n\t\t\t\t\t\t\t<div class=\"imagen_recomendados\">\n\t\t\t\t\t\t\t\t<img decoding=\"async\" src=\"https:\/\/crs.avantio.com\/fotos\/2\/1537870560eed390b833c02a014b284c24b1c36dda\/big1537870562bc1b6149d255756b8bb55a3952a4c024.jpg\" alt=\"Impresionante apartamento zona Puerta del Sol, Madrid Centro\">\n\t\t\t\t\t\t\t<\/div>\n\t\t\t\t\t\t\t<div class=\"info\">\n\t\t\t\t\t\t\t\t<div class=\"ubicacion\">\n\t\t\t\t\t\t\t\t\t<i class=\"fa-solid fa-location-dot icono-mapa\"><\/i><span class=\"ubicacion-texto\">Madrid - Madrid provincia<\/span>\n\t\t\t\t\t\t\t\t<\/div>\n\t\t\t\t\t\t\t\t<H4 class=\"titulo-alojamiento\">\n\t\t\t\t\t\t\t\t\tImpresionante apartamento zona Puerta del Sol, Madrid Centro\t\t\t\t\t\t\t\t<\/H4>\n\t\t\t\t\t\t\t\t<p class=\"precio-alojamiento\">Desde <span class=\"precio\">250.00\u20ac<\/span> por noche<\/p>\n\t\t\t\t\t\t\t<\/div>\n\t\t\t\t\t\t<\/div>\n\t\t\t\t\t<\/a> \n\t\t\t\t\t\t\n\t\t\t\t\t<a href=\"https:\/\/www.waourentals.com\/alquiler\/apartamento-madrid-waou-plaza-de-espana-vi-alquiler-corta-duracion-260572.html\" rel=\"nofollow\" style=\"width: 23%;\">\n\t\t\t\t\t\t<div class=\"apartamento-box\">\n\t\t\t\t\t\t\t<div class=\"imagen_recomendados\">\n\t\t\t\t\t\t\t\t<img decoding=\"async\" src=\"https:\/\/crs.avantio.com\/fotos\/2\/1537877022b8f2eba982a245ad20b548494636b3cf\/big17744432988e65f1546c0c322220d5dc3c24db4364.jpg\" alt=\"Apartamento de dise\u00f1o al lado de Plaza Espa\u00f1a y Madrid R\u00edo, en Madrid Centro\">\n\t\t\t\t\t\t\t<\/div>\n\t\t\t\t\t\t\t<div class=\"info\">\n\t\t\t\t\t\t\t\t<div class=\"ubicacion\">\n\t\t\t\t\t\t\t\t\t<i class=\"fa-solid fa-location-dot icono-mapa\"><\/i><span class=\"ubicacion-texto\">Madrid - Madrid provincia<\/span>\n\t\t\t\t\t\t\t\t<\/div>\n\t\t\t\t\t\t\t\t<H4 class=\"titulo-alojamiento\">\n\t\t\t\t\t\t\t\t\tApartamento de dise\u00f1o al lado de Plaza Espa\u00f1a y Madrid R\u00edo, en Madrid Centro\t\t\t\t\t\t\t\t<\/H4>\n\t\t\t\t\t\t\t\t<p class=\"precio-alojamiento\">Desde <span class=\"precio\">88.00\u20ac<\/span> por noche<\/p>\n\t\t\t\t\t\t\t<\/div>\n\t\t\t\t\t\t<\/div>\n\t\t\t\t\t<\/a> \n\t\t\t\t\t\t\n\t\t\t\t\t<a href=\"https:\/\/www.waourentals.com\/alquiler\/apartamento-madrid-waou-plaza-de-espana-vii-alquiler-corta-duracion-260573.html\" rel=\"nofollow\" style=\"width: 23%;\">\n\t\t\t\t\t\t<div class=\"apartamento-box\">\n\t\t\t\t\t\t\t<div class=\"imagen_recomendados\">\n\t\t\t\t\t\t\t\t<img decoding=\"async\" src=\"https:\/\/crs.avantio.com\/fotos\/2\/1537877709263df3b37c40c25a28baa309738679ee\/big153787771192afaeae59f166999ee3c9345858bdae.jpg\" alt=\"Apartamento de dise\u00f1o al lado de Plaza Espa\u00f1a y Madrid R\u00edo, en Madrid Centro\">\n\t\t\t\t\t\t\t<\/div>\n\t\t\t\t\t\t\t<div class=\"info\">\n\t\t\t\t\t\t\t\t<div class=\"ubicacion\">\n\t\t\t\t\t\t\t\t\t<i class=\"fa-solid fa-location-dot icono-mapa\"><\/i><span class=\"ubicacion-texto\">Madrid - Madrid provincia<\/span>\n\t\t\t\t\t\t\t\t<\/div>\n\t\t\t\t\t\t\t\t<H4 class=\"titulo-alojamiento\">\n\t\t\t\t\t\t\t\t\tApartamento de dise\u00f1o al lado de Plaza Espa\u00f1a y Madrid R\u00edo, en Madrid Centro\t\t\t\t\t\t\t\t<\/H4>\n\t\t\t\t\t\t\t\t<p class=\"precio-alojamiento\">Desde <span class=\"precio\">90.00\u20ac<\/span> por noche<\/p>\n\t\t\t\t\t\t\t<\/div>\n\t\t\t\t\t\t<\/div>\n\t\t\t\t\t<\/a> \n\t\t\t\t\t\t\t\t<\/div>\n\t\t\t<\/div>\n\t\t\t\t\t\t<\/div>\n\t\t\t\t<\/div>\n\t\t\t\t\t<\/div>\n\t\t<\/div>\n\t\t\t\t\t<\/div>\n\t\t<\/section>\n\t\t\t\t<section class=\"elementor-section elementor-top-section elementor-element elementor-element-201ccc8f elementor-section-boxed elementor-section-height-default elementor-section-height-default\" data-id=\"201ccc8f\" data-element_type=\"section\" data-e-type=\"section\">\n\t\t\t\t\t\t<div class=\"elementor-container elementor-column-gap-default\">\n\t\t\t\t\t<div class=\"elementor-column elementor-col-25 elementor-top-column elementor-element elementor-element-2434faec elementor-hidden-tablet\" data-id=\"2434faec\" data-element_type=\"column\" data-e-type=\"column\">\n\t\t\t<div class=\"elementor-widget-wrap elementor-element-populated\">\n\t\t\t\t\t\t<div class=\"elementor-element elementor-element-5ff0d826 elementor-align-justify elementor-widget elementor-widget-button\" data-id=\"5ff0d826\" data-element_type=\"widget\" data-e-type=\"widget\" data-widget_type=\"button.default\">\n\t\t\t\t<div class=\"elementor-widget-container\">\n\t\t\t\t\t\t\t\t\t<div class=\"elementor-button-wrapper\">\n\t\t\t\t\t<a class=\"elementor-button elementor-button-link elementor-size-sm\" href=\"https:\/\/www.waourentals.com\/alojamiento-en-madrid\/\">\n\t\t\t\t\t\t<span class=\"elementor-button-content-wrapper\">\n\t\t\t\t\t\t\t\t\t<span class=\"elementor-button-text\">Alojamientos en Madrid<\/span>\n\t\t\t\t\t<\/span>\n\t\t\t\t\t<\/a>\n\t\t\t\t<\/div>\n\t\t\t\t\t\t\t\t<\/div>\n\t\t\t\t<\/div>\n\t\t\t\t\t<\/div>\n\t\t<\/div>\n\t\t\t\t<div class=\"elementor-column elementor-col-25 elementor-top-column elementor-element elementor-element-29a72e75\" data-id=\"29a72e75\" data-element_type=\"column\" data-e-type=\"column\">\n\t\t\t<div class=\"elementor-widget-wrap elementor-element-populated\">\n\t\t\t\t\t\t<div class=\"elementor-element elementor-element-1d5fb72f elementor-align-justify elementor-widget elementor-widget-button\" data-id=\"1d5fb72f\" data-element_type=\"widget\" data-e-type=\"widget\" data-widget_type=\"button.default\">\n\t\t\t\t<div class=\"elementor-widget-container\">\n\t\t\t\t\t\t\t\t\t<div class=\"elementor-button-wrapper\">\n\t\t\t\t\t<a class=\"elementor-button elementor-button-link elementor-size-sm\" href=\"https:\/\/www.waourentals.com\/apartamentos-en-madrid\/\">\n\t\t\t\t\t\t<span class=\"elementor-button-content-wrapper\">\n\t\t\t\t\t\t\t\t\t<span class=\"elementor-button-text\">Apartamentos en Madrid<\/span>\n\t\t\t\t\t<\/span>\n\t\t\t\t\t<\/a>\n\t\t\t\t<\/div>\n\t\t\t\t\t\t\t\t<\/div>\n\t\t\t\t<\/div>\n\t\t\t\t\t<\/div>\n\t\t<\/div>\n\t\t\t\t<div class=\"elementor-column elementor-col-25 elementor-top-column elementor-element elementor-element-477937e3\" data-id=\"477937e3\" data-element_type=\"column\" data-e-type=\"column\">\n\t\t\t<div class=\"elementor-widget-wrap elementor-element-populated\">\n\t\t\t\t\t\t<div class=\"elementor-element elementor-element-194a9d3d elementor-align-justify elementor-widget elementor-widget-button\" data-id=\"194a9d3d\" data-element_type=\"widget\" data-e-type=\"widget\" data-widget_type=\"button.default\">\n\t\t\t\t<div class=\"elementor-widget-container\">\n\t\t\t\t\t\t\t\t\t<div class=\"elementor-button-wrapper\">\n\t\t\t\t\t<a class=\"elementor-button elementor-button-link elementor-size-sm\" href=\"https:\/\/www.waourentals.com\/alquiler-de-habitacion-por-dias-madrid\/\">\n\t\t\t\t\t\t<span class=\"elementor-button-content-wrapper\">\n\t\t\t\t\t\t\t\t\t<span class=\"elementor-button-text\">Habitaciones en Madrid<\/span>\n\t\t\t\t\t<\/span>\n\t\t\t\t\t<\/a>\n\t\t\t\t<\/div>\n\t\t\t\t\t\t\t\t<\/div>\n\t\t\t\t<\/div>\n\t\t\t\t\t<\/div>\n\t\t<\/div>\n\t\t\t\t<div class=\"elementor-column elementor-col-25 elementor-top-column elementor-element elementor-element-7170120\" data-id=\"7170120\" data-element_type=\"column\" data-e-type=\"column\">\n\t\t\t<div class=\"elementor-widget-wrap elementor-element-populated\">\n\t\t\t\t\t\t<div class=\"elementor-element elementor-element-33375098 elementor-align-justify elementor-widget elementor-widget-button\" data-id=\"33375098\" data-element_type=\"widget\" data-e-type=\"widget\" data-widget_type=\"button.default\">\n\t\t\t\t<div class=\"elementor-widget-container\">\n\t\t\t\t\t\t\t\t\t<div class=\"elementor-button-wrapper\">\n\t\t\t\t\t<a class=\"elementor-button elementor-button-link elementor-size-sm\" href=\"https:\/\/www.waourentals.com\/alquiler-de-estudios-en-madrid\/\">\n\t\t\t\t\t\t<span class=\"elementor-button-content-wrapper\">\n\t\t\t\t\t\t\t\t\t<span class=\"elementor-button-text\">Estudios en Madrid<\/span>\n\t\t\t\t\t<\/span>\n\t\t\t\t\t<\/a>\n\t\t\t\t<\/div>\n\t\t\t\t\t\t\t\t<\/div>\n\t\t\t\t<\/div>\n\t\t\t\t\t<\/div>\n\t\t<\/div>\n\t\t\t\t\t<\/div>\n\t\t<\/section>\n\t\t\t\t<\/div>\n\t\t<\/div>\n\t\t\t\t\t\t<\/div>\n\t\t\t\t<\/div>\n\t\t\t\t\t<\/div>\n\t\t<\/div>\n\t\t\t\t\t<\/div>\n\t\t<\/section>\n\t\t\t\t<\/div>\n\t\t","protected":false},"excerpt":{"rendered":"<p>Vuelve uno de los eventos m\u00e1s esperados del a\u00f1o para todos los amantes del motor, los cazadores de gangas y los que apuestan por un veh\u00edculo m\u00e1s sostenible: la Feria del Autom\u00f3vil de Madrid, el evento de referencia en Espa\u00f1a cuando hablamos de veh\u00edculos seminuevos y de ocasi\u00f3n. Si est\u00e1s pensando en cambiar de coche, [&hellip;]<\/p>\n","protected":false},"author":3,"featured_media":1516,"comment_status":"open","ping_status":"open","sticky":false,"template":"","format":"standard","meta":{"footnotes":""},"categories":[26],"tags":[39],"class_list":["post-1501","post","type-post","status-publish","format-standard","has-post-thumbnail","hentry","category-madrid","tag-no-template"],"yoast_head":"<!-- This site is optimized with the Yoast SEO plugin v27.5 - https:\/\/yoast.com\/product\/yoast-seo-wordpress\/ -->\n<title>Ven a conocer la Feria del Autom\u00f3vil de Madrid - Blog de waourentals<\/title>\n<meta name=\"description\" content=\"Ven a la Feria del Autom\u00f3vil al IFEMA de Madrid del 3 al 8 de junio y ll\u00e9vate un veh\u00edculo seminuevo o de ocasi\u00f3n con los mejores precios del mercado.\" \/>\n<meta name=\"robots\" content=\"index, follow, max-snippet:-1, max-image-preview:large, max-video-preview:-1\" \/>\n<link rel=\"canonical\" href=\"https:\/\/www.waourentals.com\/blog\/feria-automovil-madrid\/\" \/>\n<meta property=\"og:locale\" content=\"es_ES\" \/>\n<meta property=\"og:type\" content=\"article\" \/>\n<meta property=\"og:title\" content=\"Ven a conocer la Feria del Autom\u00f3vil de Madrid - Blog de waourentals\" \/>\n<meta property=\"og:description\" content=\"Ven a la Feria del Autom\u00f3vil al IFEMA de Madrid del 3 al 8 de junio y ll\u00e9vate un veh\u00edculo seminuevo o de ocasi\u00f3n con los mejores precios del mercado.\" \/>\n<meta property=\"og:url\" content=\"https:\/\/www.waourentals.com\/blog\/feria-automovil-madrid\/\" \/>\n<meta property=\"og:site_name\" content=\"Blog de waourentals\" \/>\n<meta property=\"article:published_time\" content=\"2025-05-14T11:52:32+00:00\" \/>\n<meta property=\"article:modified_time\" content=\"2026-04-24T09:28:45+00:00\" \/>\n<meta property=\"og:image\" content=\"https:\/\/www.waourentals.com\/blog\/wp-content\/uploads\/2025\/05\/feria-automovil-madrid.jpg\" \/>\n\t<meta property=\"og:image:width\" content=\"1920\" \/>\n\t<meta property=\"og:image:height\" content=\"699\" \/>\n\t<meta property=\"og:image:type\" content=\"image\/jpeg\" \/>\n<meta name=\"author\" content=\"Laura\" \/>\n<meta name=\"twitter:card\" content=\"summary_large_image\" \/>\n<meta name=\"twitter:label1\" content=\"Written by\" \/>\n\t<meta name=\"twitter:data1\" content=\"Laura\" \/>\n\t<meta name=\"twitter:label2\" content=\"Est. reading time\" \/>\n\t<meta name=\"twitter:data2\" content=\"9 minutes\" \/>\n<script type=\"application\/ld+json\" class=\"yoast-schema-graph\">{\"@context\":\"https:\\\/\\\/schema.org\",\"@graph\":[{\"@type\":\"Article\",\"@id\":\"https:\\\/\\\/www.waourentals.com\\\/blog\\\/feria-automovil-madrid\\\/#article\",\"isPartOf\":{\"@id\":\"https:\\\/\\\/www.waourentals.com\\\/blog\\\/feria-automovil-madrid\\\/\"},\"author\":{\"name\":\"Laura\",\"@id\":\"https:\\\/\\\/www.waourentals.com\\\/blog\\\/#\\\/schema\\\/person\\\/5ed75b9d9dafc7ddc5521311552aa927\"},\"headline\":\"Ven a conocer la Feria del Autom\u00f3vil de Madrid\",\"datePublished\":\"2025-05-14T11:52:32+00:00\",\"dateModified\":\"2026-04-24T09:28:45+00:00\",\"mainEntityOfPage\":{\"@id\":\"https:\\\/\\\/www.waourentals.com\\\/blog\\\/feria-automovil-madrid\\\/\"},\"wordCount\":1434,\"commentCount\":0,\"publisher\":{\"@id\":\"https:\\\/\\\/www.waourentals.com\\\/blog\\\/#organization\"},\"image\":{\"@id\":\"https:\\\/\\\/www.waourentals.com\\\/blog\\\/feria-automovil-madrid\\\/#primaryimage\"},\"thumbnailUrl\":\"https:\\\/\\\/www.waourentals.com\\\/blog\\\/wp-content\\\/uploads\\\/2025\\\/05\\\/feria-automovil-madrid.jpg\",\"keywords\":[\"No template\"],\"articleSection\":[\"Madrid\"],\"inLanguage\":\"es\",\"potentialAction\":[{\"@type\":\"CommentAction\",\"name\":\"Comment\",\"target\":[\"https:\\\/\\\/www.waourentals.com\\\/blog\\\/feria-automovil-madrid\\\/#respond\"]}]},{\"@type\":\"WebPage\",\"@id\":\"https:\\\/\\\/www.waourentals.com\\\/blog\\\/feria-automovil-madrid\\\/\",\"url\":\"https:\\\/\\\/www.waourentals.com\\\/blog\\\/feria-automovil-madrid\\\/\",\"name\":\"Ven a conocer la Feria del Autom\u00f3vil de Madrid - Blog de waourentals\",\"isPartOf\":{\"@id\":\"https:\\\/\\\/www.waourentals.com\\\/blog\\\/#website\"},\"primaryImageOfPage\":{\"@id\":\"https:\\\/\\\/www.waourentals.com\\\/blog\\\/feria-automovil-madrid\\\/#primaryimage\"},\"image\":{\"@id\":\"https:\\\/\\\/www.waourentals.com\\\/blog\\\/feria-automovil-madrid\\\/#primaryimage\"},\"thumbnailUrl\":\"https:\\\/\\\/www.waourentals.com\\\/blog\\\/wp-content\\\/uploads\\\/2025\\\/05\\\/feria-automovil-madrid.jpg\",\"datePublished\":\"2025-05-14T11:52:32+00:00\",\"dateModified\":\"2026-04-24T09:28:45+00:00\",\"description\":\"Ven a la Feria del Autom\u00f3vil al IFEMA de Madrid del 3 al 8 de junio y ll\u00e9vate un veh\u00edculo seminuevo o de ocasi\u00f3n con los mejores precios del mercado.\",\"breadcrumb\":{\"@id\":\"https:\\\/\\\/www.waourentals.com\\\/blog\\\/feria-automovil-madrid\\\/#breadcrumb\"},\"inLanguage\":\"es\",\"potentialAction\":[{\"@type\":\"ReadAction\",\"target\":[\"https:\\\/\\\/www.waourentals.com\\\/blog\\\/feria-automovil-madrid\\\/\"]}]},{\"@type\":\"ImageObject\",\"inLanguage\":\"es\",\"@id\":\"https:\\\/\\\/www.waourentals.com\\\/blog\\\/feria-automovil-madrid\\\/#primaryimage\",\"url\":\"https:\\\/\\\/www.waourentals.com\\\/blog\\\/wp-content\\\/uploads\\\/2025\\\/05\\\/feria-automovil-madrid.jpg\",\"contentUrl\":\"https:\\\/\\\/www.waourentals.com\\\/blog\\\/wp-content\\\/uploads\\\/2025\\\/05\\\/feria-automovil-madrid.jpg\",\"width\":1920,\"height\":699,\"caption\":\"feria automovil madrid\"},{\"@type\":\"BreadcrumbList\",\"@id\":\"https:\\\/\\\/www.waourentals.com\\\/blog\\\/feria-automovil-madrid\\\/#breadcrumb\",\"itemListElement\":[{\"@type\":\"ListItem\",\"position\":1,\"name\":\"Portada\",\"item\":\"https:\\\/\\\/www.waourentals.com\\\/blog\\\/en\\\/\"},{\"@type\":\"ListItem\",\"position\":2,\"name\":\"Ven a conocer la Feria del Autom\u00f3vil de Madrid\"}]},{\"@type\":\"WebSite\",\"@id\":\"https:\\\/\\\/www.waourentals.com\\\/blog\\\/#website\",\"url\":\"https:\\\/\\\/www.waourentals.com\\\/blog\\\/\",\"name\":\"Blog de waourentals\",\"description\":\"\",\"publisher\":{\"@id\":\"https:\\\/\\\/www.waourentals.com\\\/blog\\\/#organization\"},\"potentialAction\":[{\"@type\":\"SearchAction\",\"target\":{\"@type\":\"EntryPoint\",\"urlTemplate\":\"https:\\\/\\\/www.waourentals.com\\\/blog\\\/?s={search_term_string}\"},\"query-input\":{\"@type\":\"PropertyValueSpecification\",\"valueRequired\":true,\"valueName\":\"search_term_string\"}}],\"inLanguage\":\"es\"},{\"@type\":\"Organization\",\"@id\":\"https:\\\/\\\/www.waourentals.com\\\/blog\\\/#organization\",\"name\":\"Blog de waourentals\",\"url\":\"https:\\\/\\\/www.waourentals.com\\\/blog\\\/\",\"logo\":{\"@type\":\"ImageObject\",\"inLanguage\":\"es\",\"@id\":\"https:\\\/\\\/www.waourentals.com\\\/blog\\\/#\\\/schema\\\/logo\\\/image\\\/\",\"url\":\"https:\\\/\\\/www.waourentals.com\\\/blog\\\/wp-content\\\/uploads\\\/2024\\\/10\\\/BNB-LOGO-NEGRO-1.png\",\"contentUrl\":\"https:\\\/\\\/www.waourentals.com\\\/blog\\\/wp-content\\\/uploads\\\/2024\\\/10\\\/BNB-LOGO-NEGRO-1.png\",\"width\":1698,\"height\":787,\"caption\":\"Blog de waourentals\"},\"image\":{\"@id\":\"https:\\\/\\\/www.waourentals.com\\\/blog\\\/#\\\/schema\\\/logo\\\/image\\\/\"}},{\"@type\":\"Person\",\"@id\":\"https:\\\/\\\/www.waourentals.com\\\/blog\\\/#\\\/schema\\\/person\\\/5ed75b9d9dafc7ddc5521311552aa927\",\"name\":\"Laura\",\"image\":{\"@type\":\"ImageObject\",\"inLanguage\":\"es\",\"@id\":\"https:\\\/\\\/secure.gravatar.com\\\/avatar\\\/38b396224481eeb6edadb558d7e4a6d1ff1c8ba1e6abd3951e451527e107c96b?s=96&d=mm&r=g\",\"url\":\"https:\\\/\\\/secure.gravatar.com\\\/avatar\\\/38b396224481eeb6edadb558d7e4a6d1ff1c8ba1e6abd3951e451527e107c96b?s=96&d=mm&r=g\",\"contentUrl\":\"https:\\\/\\\/secure.gravatar.com\\\/avatar\\\/38b396224481eeb6edadb558d7e4a6d1ff1c8ba1e6abd3951e451527e107c96b?s=96&d=mm&r=g\",\"caption\":\"Laura\"},\"url\":\"https:\\\/\\\/www.waourentals.com\\\/blog\\\/author\\\/laura\\\/\"}]}<\/script>\n<!-- \/ Yoast SEO plugin. -->","yoast_head_json":{"title":"Ven a conocer la Feria del Autom\u00f3vil de Madrid - Blog de waourentals","description":"Ven a la Feria del Autom\u00f3vil al IFEMA de Madrid del 3 al 8 de junio y ll\u00e9vate un veh\u00edculo seminuevo o de ocasi\u00f3n con los mejores precios del mercado.","robots":{"index":"index","follow":"follow","max-snippet":"max-snippet:-1","max-image-preview":"max-image-preview:large","max-video-preview":"max-video-preview:-1"},"canonical":"https:\/\/www.waourentals.com\/blog\/feria-automovil-madrid\/","og_locale":"es_ES","og_type":"article","og_title":"Ven a conocer la Feria del Autom\u00f3vil de Madrid - Blog de waourentals","og_description":"Ven a la Feria del Autom\u00f3vil al IFEMA de Madrid del 3 al 8 de junio y ll\u00e9vate un veh\u00edculo seminuevo o de ocasi\u00f3n con los mejores precios del mercado.","og_url":"https:\/\/www.waourentals.com\/blog\/feria-automovil-madrid\/","og_site_name":"Blog de waourentals","article_published_time":"2025-05-14T11:52:32+00:00","article_modified_time":"2026-04-24T09:28:45+00:00","og_image":[{"width":1920,"height":699,"url":"https:\/\/www.waourentals.com\/blog\/wp-content\/uploads\/2025\/05\/feria-automovil-madrid.jpg","type":"image\/jpeg"}],"author":"Laura","twitter_card":"summary_large_image","twitter_misc":{"Written by":"Laura","Est. reading time":"9 minutes"},"schema":{"@context":"https:\/\/schema.org","@graph":[{"@type":"Article","@id":"https:\/\/www.waourentals.com\/blog\/feria-automovil-madrid\/#article","isPartOf":{"@id":"https:\/\/www.waourentals.com\/blog\/feria-automovil-madrid\/"},"author":{"name":"Laura","@id":"https:\/\/www.waourentals.com\/blog\/#\/schema\/person\/5ed75b9d9dafc7ddc5521311552aa927"},"headline":"Ven a conocer la Feria del Autom\u00f3vil de Madrid","datePublished":"2025-05-14T11:52:32+00:00","dateModified":"2026-04-24T09:28:45+00:00","mainEntityOfPage":{"@id":"https:\/\/www.waourentals.com\/blog\/feria-automovil-madrid\/"},"wordCount":1434,"commentCount":0,"publisher":{"@id":"https:\/\/www.waourentals.com\/blog\/#organization"},"image":{"@id":"https:\/\/www.waourentals.com\/blog\/feria-automovil-madrid\/#primaryimage"},"thumbnailUrl":"https:\/\/www.waourentals.com\/blog\/wp-content\/uploads\/2025\/05\/feria-automovil-madrid.jpg","keywords":["No template"],"articleSection":["Madrid"],"inLanguage":"es","potentialAction":[{"@type":"CommentAction","name":"Comment","target":["https:\/\/www.waourentals.com\/blog\/feria-automovil-madrid\/#respond"]}]},{"@type":"WebPage","@id":"https:\/\/www.waourentals.com\/blog\/feria-automovil-madrid\/","url":"https:\/\/www.waourentals.com\/blog\/feria-automovil-madrid\/","name":"Ven a conocer la Feria del Autom\u00f3vil de Madrid - Blog de waourentals","isPartOf":{"@id":"https:\/\/www.waourentals.com\/blog\/#website"},"primaryImageOfPage":{"@id":"https:\/\/www.waourentals.com\/blog\/feria-automovil-madrid\/#primaryimage"},"image":{"@id":"https:\/\/www.waourentals.com\/blog\/feria-automovil-madrid\/#primaryimage"},"thumbnailUrl":"https:\/\/www.waourentals.com\/blog\/wp-content\/uploads\/2025\/05\/feria-automovil-madrid.jpg","datePublished":"2025-05-14T11:52:32+00:00","dateModified":"2026-04-24T09:28:45+00:00","description":"Ven a la Feria del Autom\u00f3vil al IFEMA de Madrid del 3 al 8 de junio y ll\u00e9vate un veh\u00edculo seminuevo o de ocasi\u00f3n con los mejores precios del mercado.","breadcrumb":{"@id":"https:\/\/www.waourentals.com\/blog\/feria-automovil-madrid\/#breadcrumb"},"inLanguage":"es","potentialAction":[{"@type":"ReadAction","target":["https:\/\/www.waourentals.com\/blog\/feria-automovil-madrid\/"]}]},{"@type":"ImageObject","inLanguage":"es","@id":"https:\/\/www.waourentals.com\/blog\/feria-automovil-madrid\/#primaryimage","url":"https:\/\/www.waourentals.com\/blog\/wp-content\/uploads\/2025\/05\/feria-automovil-madrid.jpg","contentUrl":"https:\/\/www.waourentals.com\/blog\/wp-content\/uploads\/2025\/05\/feria-automovil-madrid.jpg","width":1920,"height":699,"caption":"feria automovil madrid"},{"@type":"BreadcrumbList","@id":"https:\/\/www.waourentals.com\/blog\/feria-automovil-madrid\/#breadcrumb","itemListElement":[{"@type":"ListItem","position":1,"name":"Portada","item":"https:\/\/www.waourentals.com\/blog\/en\/"},{"@type":"ListItem","position":2,"name":"Ven a conocer la Feria del Autom\u00f3vil de Madrid"}]},{"@type":"WebSite","@id":"https:\/\/www.waourentals.com\/blog\/#website","url":"https:\/\/www.waourentals.com\/blog\/","name":"Blog de waourentals","description":"","publisher":{"@id":"https:\/\/www.waourentals.com\/blog\/#organization"},"potentialAction":[{"@type":"SearchAction","target":{"@type":"EntryPoint","urlTemplate":"https:\/\/www.waourentals.com\/blog\/?s={search_term_string}"},"query-input":{"@type":"PropertyValueSpecification","valueRequired":true,"valueName":"search_term_string"}}],"inLanguage":"es"},{"@type":"Organization","@id":"https:\/\/www.waourentals.com\/blog\/#organization","name":"Blog de waourentals","url":"https:\/\/www.waourentals.com\/blog\/","logo":{"@type":"ImageObject","inLanguage":"es","@id":"https:\/\/www.waourentals.com\/blog\/#\/schema\/logo\/image\/","url":"https:\/\/www.waourentals.com\/blog\/wp-content\/uploads\/2024\/10\/BNB-LOGO-NEGRO-1.png","contentUrl":"https:\/\/www.waourentals.com\/blog\/wp-content\/uploads\/2024\/10\/BNB-LOGO-NEGRO-1.png","width":1698,"height":787,"caption":"Blog de waourentals"},"image":{"@id":"https:\/\/www.waourentals.com\/blog\/#\/schema\/logo\/image\/"}},{"@type":"Person","@id":"https:\/\/www.waourentals.com\/blog\/#\/schema\/person\/5ed75b9d9dafc7ddc5521311552aa927","name":"Laura","image":{"@type":"ImageObject","inLanguage":"es","@id":"https:\/\/secure.gravatar.com\/avatar\/38b396224481eeb6edadb558d7e4a6d1ff1c8ba1e6abd3951e451527e107c96b?s=96&d=mm&r=g","url":"https:\/\/secure.gravatar.com\/avatar\/38b396224481eeb6edadb558d7e4a6d1ff1c8ba1e6abd3951e451527e107c96b?s=96&d=mm&r=g","contentUrl":"https:\/\/secure.gravatar.com\/avatar\/38b396224481eeb6edadb558d7e4a6d1ff1c8ba1e6abd3951e451527e107c96b?s=96&d=mm&r=g","caption":"Laura"},"url":"https:\/\/www.waourentals.com\/blog\/author\/laura\/"}]}},"_links":{"self":[{"href":"https:\/\/www.waourentals.com\/blog\/wp-json\/wp\/v2\/posts\/1501","targetHints":{"allow":["GET"]}}],"collection":[{"href":"https:\/\/www.waourentals.com\/blog\/wp-json\/wp\/v2\/posts"}],"about":[{"href":"https:\/\/www.waourentals.com\/blog\/wp-json\/wp\/v2\/types\/post"}],"author":[{"embeddable":true,"href":"https:\/\/www.waourentals.com\/blog\/wp-json\/wp\/v2\/users\/3"}],"replies":[{"embeddable":true,"href":"https:\/\/www.waourentals.com\/blog\/wp-json\/wp\/v2\/comments?post=1501"}],"version-history":[{"count":7,"href":"https:\/\/www.waourentals.com\/blog\/wp-json\/wp\/v2\/posts\/1501\/revisions"}],"predecessor-version":[{"id":1520,"href":"https:\/\/www.waourentals.com\/blog\/wp-json\/wp\/v2\/posts\/1501\/revisions\/1520"}],"wp:featuredmedia":[{"embeddable":true,"href":"https:\/\/www.waourentals.com\/blog\/wp-json\/wp\/v2\/media\/1516"}],"wp:attachment":[{"href":"https:\/\/www.waourentals.com\/blog\/wp-json\/wp\/v2\/media?parent=1501"}],"wp:term":[{"taxonomy":"category","embeddable":true,"href":"https:\/\/www.waourentals.com\/blog\/wp-json\/wp\/v2\/categories?post=1501"},{"taxonomy":"post_tag","embeddable":true,"href":"https:\/\/www.waourentals.com\/blog\/wp-json\/wp\/v2\/tags?post=1501"}],"curies":[{"name":"wp","href":"https:\/\/api.w.org\/{rel}","templated":true}]}}