{"id":2019,"date":"2025-12-16T08:51:52","date_gmt":"2025-12-16T08:51:52","guid":{"rendered":"https:\/\/www.waourentals.com\/blog\/?p=2019"},"modified":"2026-01-12T13:54:11","modified_gmt":"2026-01-12T13:54:11","slug":"three-kings-parade-of-madrid-2026","status":"publish","type":"post","link":"https:\/\/www.waourentals.com\/blog\/en\/three-kings-parade-of-madrid-2026\/","title":{"rendered":"Three Kings Parade of Madrid 2026"},"content":{"rendered":"\t\t<div data-elementor-type=\"wp-post\" data-elementor-id=\"2019\" class=\"elementor elementor-2019 elementor-1979\" data-elementor-post-type=\"post\">\n\t\t\t\t\t\t<section class=\"elementor-section elementor-top-section elementor-element elementor-element-5a545851 elementor-section-boxed elementor-section-height-default elementor-section-height-default\" data-id=\"5a545851\" data-element_type=\"section\" data-e-type=\"section\">\n\t\t\t\t\t\t<div class=\"elementor-container elementor-column-gap-default\">\n\t\t\t\t\t<div class=\"elementor-column elementor-col-100 elementor-top-column elementor-element elementor-element-3944e901\" data-id=\"3944e901\" data-element_type=\"column\" data-e-type=\"column\">\n\t\t\t<div class=\"elementor-widget-wrap elementor-element-populated\">\n\t\t\t\t\t\t<div class=\"elementor-element elementor-element-5f6b57c4 elementor-widget elementor-widget-text-editor\" data-id=\"5f6b57c4\" data-element_type=\"widget\" data-e-type=\"widget\" data-widget_type=\"text-editor.default\">\n\t\t\t\t<div class=\"elementor-widget-container\">\n\t\t\t\t\t\t\t\t\t<p style=\"font-weight: 400;\">The Three Kings Parade Madrid 2026 is one of the most anticipated moments of the holidays. <strong>Every January 5th, the city is filled with excitement to welcome Melchior, Gaspar, and Balthazar with a spectacular parade.<\/strong><\/p><p style=\"font-weight: 400;\">This year, the theme <strong>pays tribute to teachers<\/strong>: those people who accompany us in childhood, adolescence, and professional training, who teach us to think, to look further, and to walk with curiosity through the world.<\/p><p style=\"font-weight: 400;\">An idea that fits perfectly with the character of the Three Wise Men, represented as wise men who travel to discover where the star was leading them and to meet the newborn.<\/p>\t\t\t\t\t\t\t\t<\/div>\n\t\t\t\t<\/div>\n\t\t\t\t\t<\/div>\n\t\t<\/div>\n\t\t\t\t\t<\/div>\n\t\t<\/section>\n\t\t\t\t<section class=\"elementor-section elementor-top-section elementor-element elementor-element-662bb5ce elementor-section-boxed elementor-section-height-default elementor-section-height-default\" data-id=\"662bb5ce\" data-element_type=\"section\" data-e-type=\"section\">\n\t\t\t\t\t\t<div class=\"elementor-container elementor-column-gap-default\">\n\t\t\t\t\t<div class=\"elementor-column elementor-col-100 elementor-top-column elementor-element elementor-element-6f8564b8\" data-id=\"6f8564b8\" data-element_type=\"column\" data-e-type=\"column\">\n\t\t\t<div class=\"elementor-widget-wrap elementor-element-populated\">\n\t\t\t\t\t\t<div class=\"elementor-element elementor-element-7592fa5c elementor-widget elementor-widget-table-of-contents\" data-id=\"7592fa5c\" data-element_type=\"widget\" data-e-type=\"widget\" data-settings=\"{&quot;headings_by_tags&quot;:[&quot;h2&quot;],&quot;exclude_headings_by_selector&quot;:[],&quot;marker_view&quot;:&quot;bullets&quot;,&quot;icon&quot;:{&quot;value&quot;:&quot;&quot;,&quot;library&quot;:&quot;&quot;},&quot;no_headings_message&quot;:&quot;No headings were found on this page.&quot;,&quot;hierarchical_view&quot;:&quot;yes&quot;,&quot;min_height&quot;:{&quot;unit&quot;:&quot;px&quot;,&quot;size&quot;:&quot;&quot;,&quot;sizes&quot;:[]},&quot;min_height_tablet&quot;:{&quot;unit&quot;:&quot;px&quot;,&quot;size&quot;:&quot;&quot;,&quot;sizes&quot;:[]},&quot;min_height_mobile&quot;:{&quot;unit&quot;:&quot;px&quot;,&quot;size&quot;:&quot;&quot;,&quot;sizes&quot;:[]}}\" data-widget_type=\"table-of-contents.default\">\n\t\t\t\t<div class=\"elementor-widget-container\">\n\t\t\t\t\t\t\t\t\t<div class=\"elementor-toc__header\">\n\t\t\t\t\t\t<div class=\"elementor-toc__header-title\">\n\t\t\t\tIndex\t\t\t<\/div>\n\t\t\t\t\t\t\t\t<\/div>\n\t\t\t\t<div id=\"elementor-toc__7592fa5c\" class=\"elementor-toc__body\">\n\t\t\t<div class=\"elementor-toc__spinner-container\">\n\t\t\t\t<i class=\"elementor-toc__spinner eicon-animation-spin eicon-loading\" aria-hidden=\"true\"><\/i>\t\t\t<\/div>\n\t\t<\/div>\n\t\t\t\t\t\t<\/div>\n\t\t\t\t<\/div>\n\t\t\t\t\t<\/div>\n\t\t<\/div>\n\t\t\t\t\t<\/div>\n\t\t<\/section>\n\t\t\t\t<section class=\"elementor-section elementor-top-section elementor-element elementor-element-117a177f elementor-section-boxed elementor-section-height-default elementor-section-height-default\" data-id=\"117a177f\" data-element_type=\"section\" data-e-type=\"section\">\n\t\t\t\t\t\t<div class=\"elementor-container elementor-column-gap-default\">\n\t\t\t\t\t<div class=\"elementor-column elementor-col-100 elementor-top-column elementor-element elementor-element-234a8a7e\" data-id=\"234a8a7e\" data-element_type=\"column\" data-e-type=\"column\">\n\t\t\t<div class=\"elementor-widget-wrap elementor-element-populated\">\n\t\t\t\t\t\t<div class=\"elementor-element elementor-element-51166dae elementor-widget elementor-widget-heading\" data-id=\"51166dae\" data-element_type=\"widget\" data-e-type=\"widget\" data-widget_type=\"heading.default\">\n\t\t\t\t<div class=\"elementor-widget-container\">\n\t\t\t\t\t<h2 class=\"elementor-heading-title elementor-size-default\">What to expect from the Three Kings Parade of Madrid 2026 <\/h2>\t\t\t\t<\/div>\n\t\t\t\t<\/div>\n\t\t\t\t<div class=\"elementor-element elementor-element-53940b54 elementor-widget elementor-widget-text-editor\" data-id=\"53940b54\" data-element_type=\"widget\" data-e-type=\"widget\" data-widget_type=\"text-editor.default\">\n\t\t\t\t<div class=\"elementor-widget-container\">\n\t\t\t\t\t\t\t\t\t<p style=\"font-weight: 400;\"><strong>The Three Kings Parade in Madrid is a visual spectacle full of music, lights, giant floats, and perfectly characterized characters<\/strong> that parade among thousands of families who eagerly await them.<\/p><p style=\"font-weight: 400;\">This tradition, which has been celebrated in Madrid since the beginning of the 20th century, began as a way to bring the magic of the Three Kings to the children of the city and, over time, has become <strong>one of the most emblematic events of the holidays<\/strong>.<\/p><p style=\"font-weight: 400;\">The themed floats narrate the journey that, according to Christian tradition, Melchior, Gaspar, and Balthazar made following the star to bring their gifts to the newborn.<\/p><p style=\"font-weight: 400;\">And watch out, because they don&#8217;t go alone: <strong>they advance surrounded by animation, confetti, live music, precise choreography, and tons of candy that fly from all angles.<\/strong><\/p><p style=\"font-weight: 400;\">It is an exciting parade for both children and adults, which turns the center of Madrid into a large Christmas stage where everyone looks up to find their favorite Wise Man.<\/p><p style=\"font-weight: 400;\">If you are especially interested in King Gaspar of the Madrid Parade&#8230; you&#8217;re in luck! His section of the parade is usually one of the most applauded; his float, always very recognizable, attracts glances and photographs throughout the itinerary. <\/p>\t\t\t\t\t\t\t\t<\/div>\n\t\t\t\t<\/div>\n\t\t\t\t<div class=\"elementor-element elementor-element-bd43d7d elementor-widget elementor-widget-image\" data-id=\"bd43d7d\" data-element_type=\"widget\" data-e-type=\"widget\" data-widget_type=\"image.default\">\n\t\t\t\t<div class=\"elementor-widget-container\">\n\t\t\t\t\t\t\t\t\t\t\t\t\t\t\t<img fetchpriority=\"high\" decoding=\"async\" width=\"1414\" height=\"707\" src=\"https:\/\/www.waourentals.com\/blog\/wp-content\/uploads\/2025\/12\/reyes-magos-navidad-madrid.jpg\" class=\"attachment-full size-full wp-image-2007\" alt=\"\" srcset=\"https:\/\/www.waourentals.com\/blog\/wp-content\/uploads\/2025\/12\/reyes-magos-navidad-madrid.jpg 1414w, https:\/\/www.waourentals.com\/blog\/wp-content\/uploads\/2025\/12\/reyes-magos-navidad-madrid-300x150.jpg 300w, https:\/\/www.waourentals.com\/blog\/wp-content\/uploads\/2025\/12\/reyes-magos-navidad-madrid-1024x512.jpg 1024w, https:\/\/www.waourentals.com\/blog\/wp-content\/uploads\/2025\/12\/reyes-magos-navidad-madrid-768x384.jpg 768w\" sizes=\"(max-width: 1414px) 100vw, 1414px\" \/>\t\t\t\t\t\t\t\t\t\t\t\t\t\t\t<\/div>\n\t\t\t\t<\/div>\n\t\t\t\t\t<\/div>\n\t\t<\/div>\n\t\t\t\t\t<\/div>\n\t\t<\/section>\n\t\t\t\t<section class=\"elementor-section elementor-top-section elementor-element elementor-element-72765ac elementor-section-boxed elementor-section-height-default elementor-section-height-default\" data-id=\"72765ac\" data-element_type=\"section\" data-e-type=\"section\">\n\t\t\t\t\t\t<div class=\"elementor-container elementor-column-gap-default\">\n\t\t\t\t\t<div class=\"elementor-column elementor-col-50 elementor-top-column elementor-element elementor-element-17ffdb5\" data-id=\"17ffdb5\" data-element_type=\"column\" data-e-type=\"column\">\n\t\t\t<div class=\"elementor-widget-wrap elementor-element-populated\">\n\t\t\t\t\t\t<div class=\"elementor-element elementor-element-74ab19d elementor-widget elementor-widget-heading\" data-id=\"74ab19d\" data-element_type=\"widget\" data-e-type=\"widget\" data-widget_type=\"heading.default\">\n\t\t\t\t<div class=\"elementor-widget-container\">\n\t\t\t\t\t<h2 class=\"elementor-heading-title elementor-size-default\">Times and routes for 2026 <\/h2>\t\t\t\t<\/div>\n\t\t\t\t<\/div>\n\t\t\t\t<div class=\"elementor-element elementor-element-5af09b5 elementor-widget__width-initial elementor-widget elementor-widget-text-editor\" data-id=\"5af09b5\" data-element_type=\"widget\" data-e-type=\"widget\" data-widget_type=\"text-editor.default\">\n\t\t\t\t<div class=\"elementor-widget-container\">\n\t\t\t\t\t\t\t\t\t<p style=\"font-weight: 400;\"><strong>The Three Kings Parade Madrid 2026 will begin on January 5th at 6:00 PM and will follow the usual route.<\/strong><\/p><blockquote><p style=\"font-weight: 400;\">It will depart from the Plaza de San Juan de la Cruz, advance along the entire Paseo de la Castellana, continue along the Paseo de Recoletos, and finally arrive at the Plaza de Cibeles, where the parade closes.<\/p><p style=\"font-weight: 400;\"><strong>It is a very wide and comfortable route, so, although many people usually attend, it is always possible to find a good place to see it without feeling overwhelmed.<\/strong><\/p><\/blockquote>\t\t\t\t\t\t\t\t<\/div>\n\t\t\t\t<\/div>\n\t\t\t\t\t<\/div>\n\t\t<\/div>\n\t\t\t\t<div class=\"elementor-column elementor-col-50 elementor-top-column elementor-element elementor-element-d95e56c\" data-id=\"d95e56c\" data-element_type=\"column\" data-e-type=\"column\">\n\t\t\t<div class=\"elementor-widget-wrap elementor-element-populated\">\n\t\t\t\t\t\t<div class=\"elementor-element elementor-element-65d1f72 elementor-widget elementor-widget-html\" data-id=\"65d1f72\" data-element_type=\"widget\" data-e-type=\"widget\" data-widget_type=\"html.default\">\n\t\t\t\t<div class=\"elementor-widget-container\">\n\t\t\t\t\t<iframe src=\"https:\/\/www.google.com\/maps\/d\/u\/0\/embed?mid=1PsPxo7AKoYITw1c7tgQZD585_ayxKe8&amp;ehbc=2E312F&amp;noprof=1\" width=\"640\" height=\"480\"><\/iframe>\t\t\t\t<\/div>\n\t\t\t\t<\/div>\n\t\t\t\t\t<\/div>\n\t\t<\/div>\n\t\t\t\t\t<\/div>\n\t\t<\/section>\n\t\t\t\t<section class=\"elementor-section elementor-top-section elementor-element elementor-element-792b89d elementor-section-boxed elementor-section-height-default elementor-section-height-default\" data-id=\"792b89d\" data-element_type=\"section\" data-e-type=\"section\">\n\t\t\t\t\t\t<div class=\"elementor-container elementor-column-gap-default\">\n\t\t\t\t\t<div class=\"elementor-column elementor-col-100 elementor-top-column elementor-element elementor-element-b7aa981\" data-id=\"b7aa981\" data-element_type=\"column\" data-e-type=\"column\">\n\t\t\t<div class=\"elementor-widget-wrap elementor-element-populated\">\n\t\t\t\t\t\t<div class=\"elementor-element elementor-element-6740226 elementor-widget elementor-widget-heading\" data-id=\"6740226\" data-element_type=\"widget\" data-e-type=\"widget\" data-widget_type=\"heading.default\">\n\t\t\t\t<div class=\"elementor-widget-container\">\n\t\t\t\t\t<h2 class=\"elementor-heading-title elementor-size-default\">Best places to see it <\/h2>\t\t\t\t<\/div>\n\t\t\t\t<\/div>\n\t\t\t\t<div class=\"elementor-element elementor-element-3662027 elementor-widget elementor-widget-text-editor\" data-id=\"3662027\" data-element_type=\"widget\" data-e-type=\"widget\" data-widget_type=\"text-editor.default\">\n\t\t\t\t<div class=\"elementor-widget-container\">\n\t\t\t\t\t\t\t\t\t<p style=\"font-weight: 400;\">Choosing a good spot makes all the difference. The departure from San Juan de la Cruz is one of the most exciting areas because everyone is expectant, the floats look impeccable, and the children usually experience it more intensely. <\/p><p style=\"font-weight: 400;\"><strong>The Paseo de la Castellana is perhaps the most comfortable section<\/strong>: it is wide, offers good visibility, and allows you to enjoy the passage of the floats calmly. <strong>Areas such as Nuevos Ministerios or Plaza de Lima also work very well, especially if you don&#8217;t want to wait too long.<\/strong><\/p><p style=\"font-weight: 400;\">As the parade advances towards Recoletos and Cibeles, the atmosphere becomes more intense, which is why it is the busiest section of all. The end in Cibeles is beautiful, but you will have to reserve a spot well in advance. <\/p>\t\t\t\t\t\t\t\t<\/div>\n\t\t\t\t<\/div>\n\t\t\t\t<div class=\"elementor-element elementor-element-363d7a6 elementor-widget elementor-widget-image\" data-id=\"363d7a6\" data-element_type=\"widget\" data-e-type=\"widget\" data-widget_type=\"image.default\">\n\t\t\t\t<div class=\"elementor-widget-container\">\n\t\t\t\t\t\t\t\t\t\t\t\t\t\t\t<img decoding=\"async\" width=\"1254\" height=\"627\" src=\"https:\/\/www.waourentals.com\/blog\/wp-content\/uploads\/2025\/12\/reyes-magos-madrid-2.jpg\" class=\"attachment-full size-full wp-image-2009\" alt=\"\" srcset=\"https:\/\/www.waourentals.com\/blog\/wp-content\/uploads\/2025\/12\/reyes-magos-madrid-2.jpg 1254w, https:\/\/www.waourentals.com\/blog\/wp-content\/uploads\/2025\/12\/reyes-magos-madrid-2-300x150.jpg 300w, https:\/\/www.waourentals.com\/blog\/wp-content\/uploads\/2025\/12\/reyes-magos-madrid-2-1024x512.jpg 1024w, https:\/\/www.waourentals.com\/blog\/wp-content\/uploads\/2025\/12\/reyes-magos-madrid-2-768x384.jpg 768w\" sizes=\"(max-width: 1254px) 100vw, 1254px\" \/>\t\t\t\t\t\t\t\t\t\t\t\t\t\t\t<\/div>\n\t\t\t\t<\/div>\n\t\t\t\t\t<\/div>\n\t\t<\/div>\n\t\t\t\t\t<\/div>\n\t\t<\/section>\n\t\t\t\t<section class=\"elementor-section elementor-top-section elementor-element elementor-element-c454329 elementor-section-boxed elementor-section-height-default elementor-section-height-default\" data-id=\"c454329\" data-element_type=\"section\" data-e-type=\"section\">\n\t\t\t\t\t\t<div class=\"elementor-container elementor-column-gap-default\">\n\t\t\t\t\t<div class=\"elementor-column elementor-col-100 elementor-top-column elementor-element elementor-element-658784d\" data-id=\"658784d\" data-element_type=\"column\" data-e-type=\"column\">\n\t\t\t<div class=\"elementor-widget-wrap elementor-element-populated\">\n\t\t\t\t\t\t<div class=\"elementor-element elementor-element-af97625 elementor-widget elementor-widget-heading\" data-id=\"af97625\" data-element_type=\"widget\" data-e-type=\"widget\" data-widget_type=\"heading.default\">\n\t\t\t\t<div class=\"elementor-widget-container\">\n\t\t\t\t\t<h2 class=\"elementor-heading-title elementor-size-default\">More Three Kings Parades in Madrid by district <\/h2>\t\t\t\t<\/div>\n\t\t\t\t<\/div>\n\t\t\t\t<div class=\"elementor-element elementor-element-b46e967 elementor-widget elementor-widget-text-editor\" data-id=\"b46e967\" data-element_type=\"widget\" data-e-type=\"widget\" data-widget_type=\"text-editor.default\">\n\t\t\t\t<div class=\"elementor-widget-container\">\n\t\t\t\t\t\t\t\t\t<p style=\"font-weight: 400;\">In addition to the large official parade that runs through the city center, Madrid celebrates <strong>numerous Three Kings Parades in the districts<\/strong> every year. It is a deeply rooted tradition and perfect if you are looking for a quieter and closer atmosphere. <\/p><p style=\"font-weight: 400;\">These routes, which usually take place <strong>on January 4th and 5th<\/strong>, bring the magic directly to the neighborhoods and allow the little ones to see Melchior, Gaspar, and Balthazar much closer.<\/p><p style=\"font-weight: 400;\">What are the favorite Three Kings Parades in Madrid besides the one in the center? <strong>The most recommended is the one in Barajas, a parade that advances from the Juan Carlos I Park to the main square of the district, where the Kings receive the children for the last delivery of letters.<\/strong><\/p><p style=\"font-weight: 400;\"><strong>Other very special ones are those of Usera, Tetu\u00e1n, Villaverde, or Villa de Vallecas<\/strong>, which also celebrate their own parades, each with its own style and personality. If you fancy something more crowded, the parades of <strong>La Latina or Ciudad Lineal<\/strong> are also a great option to experience the afternoon of January 4th or 5th with a lot of atmosphere. <\/p><p style=\"font-weight: 400;\"><strong>You can download the program of the festivities <\/strong><a href=\"https:\/\/www.esmadrid.com\/sites\/default\/files\/programa_navidad_madrid_2025.pdf\"><strong>here<\/strong><\/a><strong> and consult all the routes, schedules, and neighborhoods with the Three Kings Parade in Madrid.<\/strong> In addition, you will find all the shows, activities, workshops, the Nativity scene route, and many more proposals to enjoy these dates.<\/p>\t\t\t\t\t\t\t\t<\/div>\n\t\t\t\t<\/div>\n\t\t\t\t\t<\/div>\n\t\t<\/div>\n\t\t\t\t\t<\/div>\n\t\t<\/section>\n\t\t\t\t<section class=\"elementor-section elementor-top-section elementor-element elementor-element-4d71276 elementor-section-boxed elementor-section-height-default elementor-section-height-default\" data-id=\"4d71276\" data-element_type=\"section\" data-e-type=\"section\">\n\t\t\t\t\t\t<div class=\"elementor-container elementor-column-gap-default\">\n\t\t\t\t\t<div class=\"elementor-column elementor-col-100 elementor-top-column elementor-element elementor-element-780243d\" data-id=\"780243d\" data-element_type=\"column\" data-e-type=\"column\">\n\t\t\t<div class=\"elementor-widget-wrap elementor-element-populated\">\n\t\t\t\t\t\t<div class=\"elementor-element elementor-element-15d87f7 elementor-widget elementor-widget-heading\" data-id=\"15d87f7\" data-element_type=\"widget\" data-e-type=\"widget\" data-widget_type=\"heading.default\">\n\t\t\t\t<div class=\"elementor-widget-container\">\n\t\t\t\t\t<h2 class=\"elementor-heading-title elementor-size-default\">Tips for experiencing the Three Kings Parade in Madrid with children <\/h2>\t\t\t\t<\/div>\n\t\t\t\t<\/div>\n\t\t\t\t<div class=\"elementor-element elementor-element-79744e1 elementor-widget elementor-widget-text-editor\" data-id=\"79744e1\" data-element_type=\"widget\" data-e-type=\"widget\" data-widget_type=\"text-editor.default\">\n\t\t\t\t<div class=\"elementor-widget-container\">\n\t\t\t\t\t\t\t\t\t<p style=\"font-weight: 400;\">The January cold in Madrid is noticeable, so it is ideal to dress warmly and bring some hot food or drink for the wait.<\/p><p style=\"font-weight: 400;\"><strong>The little ones are usually excited to collect candy, but remind them that they must stay behind the fences and not run towards the floats<\/strong>. If they are sensitive to noise, headphones or earplugs can come in handy during the sections with more intense music. <\/p><p style=\"font-weight: 400;\">Another question is <a href=\"https:\/\/www.waourentals.com\/blog\/en\/how-to-get-around-madrid\/\">how to get around Madrid<\/a> and arrive on time for the parade. And yes, <strong>the best way to arrive is by using public transport<\/strong>. The metro works especially well on this day and avoids the <a href=\"https:\/\/diario.madrid.es\/blog\/2025\/11\/21\/programa-actividades-navidad-2025-madrid-agenda-belenes-musica-cabalgata-cine-teatro-mucho-mas\/#9\">traffic cuts<\/a> that affect a large part of the center. Stations such as Nuevos Ministerios, Rub\u00e9n Dar\u00edo, Col\u00f3n, or Banco de Espa\u00f1a will allow you to access different points of the route without complicating things too much. Moving by car is not recommended, as there are detours and restrictions throughout the city.    <\/p><p style=\"font-weight: 400;\">Oh! And if you need it, in the final section of the route, a <strong>reserved area for people with reduced mobility<\/strong> is usually enabled, with good visibility and controlled access. <\/p>\t\t\t\t\t\t\t\t<\/div>\n\t\t\t\t<\/div>\n\t\t\t\t\t<\/div>\n\t\t<\/div>\n\t\t\t\t\t<\/div>\n\t\t<\/section>\n\t\t<div class=\"elementor-element elementor-element-0cae88c e-flex e-con-boxed e-con e-parent\" data-id=\"0cae88c\" data-element_type=\"container\" data-e-type=\"container\">\n\t\t\t\t\t<div class=\"e-con-inner\">\n\t\t\t\t<div class=\"elementor-element elementor-element-12e0f71 elementor-widget elementor-widget-video\" data-id=\"12e0f71\" data-element_type=\"widget\" data-e-type=\"widget\" data-settings=\"{&quot;youtube_url&quot;:&quot;https:\\\/\\\/www.youtube.com\\\/watch?v=DLyCo1LvVgk&quot;,&quot;video_type&quot;:&quot;youtube&quot;,&quot;controls&quot;:&quot;yes&quot;}\" data-widget_type=\"video.default\">\n\t\t\t\t<div class=\"elementor-widget-container\">\n\t\t\t\t\t\t\t<div class=\"elementor-wrapper elementor-open-inline\">\n\t\t\t<div class=\"elementor-video\"><\/div>\t\t<\/div>\n\t\t\t\t\t\t<\/div>\n\t\t\t\t<\/div>\n\t\t\t\t\t<\/div>\n\t\t\t\t<\/div>\n\t\t\t\t<section class=\"elementor-section elementor-top-section elementor-element elementor-element-cc7c5ff elementor-section-boxed elementor-section-height-default elementor-section-height-default\" data-id=\"cc7c5ff\" data-element_type=\"section\" data-e-type=\"section\">\n\t\t\t\t\t\t<div class=\"elementor-container elementor-column-gap-default\">\n\t\t\t\t\t<div class=\"elementor-column elementor-col-100 elementor-top-column elementor-element elementor-element-727fe68\" data-id=\"727fe68\" data-element_type=\"column\" data-e-type=\"column\">\n\t\t\t<div class=\"elementor-widget-wrap elementor-element-populated\">\n\t\t\t\t\t\t<div class=\"elementor-element elementor-element-9c267c0 elementor-widget elementor-widget-heading\" data-id=\"9c267c0\" data-element_type=\"widget\" data-e-type=\"widget\" data-widget_type=\"heading.default\">\n\t\t\t\t<div class=\"elementor-widget-container\">\n\t\t\t\t\t<h2 class=\"elementor-heading-title elementor-size-default\">Come and experience the Three Kings Parade of Madrid 2026 in person <\/h2>\t\t\t\t<\/div>\n\t\t\t\t<\/div>\n\t\t\t\t<div class=\"elementor-element elementor-element-84f8f68 elementor-widget elementor-widget-text-editor\" data-id=\"84f8f68\" data-element_type=\"widget\" data-e-type=\"widget\" data-widget_type=\"text-editor.default\">\n\t\t\t\t<div class=\"elementor-widget-container\">\n\t\t\t\t\t\t\t\t\t<p style=\"font-weight: 400;\">If you are in Madrid on January 5th, you should not miss the Three Kings Parade of Madrid 2026. It&#8217;s the grand finale of the holidays! <\/p><p style=\"font-weight: 400;\">In addition, <strong>these dates are full of plans throughout the city<\/strong>: lights, markets, shows, outdoor activities, ice rinks, concerts, and Christmas routes through practically every neighborhood. <strong>All this makes January a perfect excuse to take a <\/strong><a href=\"https:\/\/www.waourentals.com\/blog\/en\/getaway-madrid\/\"><strong>getaway to Madrid<\/strong><\/a><strong> and enjoy the city in one of its most special moments of the year.<\/strong><\/p><p style=\"font-weight: 400;\">And if you dare to come, remember that at <a href=\"https:\/\/www.waourentals.com\/\">WAOU RENTALS<\/a> you will find ideal accommodations to live the experience in total comfort. Modern, well-located apartments perfect for getting around the city before and after the parade. <\/p>\t\t\t\t\t\t\t\t<\/div>\n\t\t\t\t<\/div>\n\t\t\t\t\t<\/div>\n\t\t<\/div>\n\t\t\t\t\t<\/div>\n\t\t<\/section>\n\t\t\t\t<section class=\"elementor-section elementor-top-section elementor-element elementor-element-79688e66 elementor-section-boxed elementor-section-height-default elementor-section-height-default\" data-id=\"79688e66\" data-element_type=\"section\" data-e-type=\"section\">\n\t\t\t\t\t\t<div class=\"elementor-container elementor-column-gap-default\">\n\t\t\t\t\t<div class=\"elementor-column elementor-col-100 elementor-top-column elementor-element elementor-element-b34dab5\" data-id=\"b34dab5\" data-element_type=\"column\" data-e-type=\"column\">\n\t\t\t<div class=\"elementor-widget-wrap elementor-element-populated\">\n\t\t\t\t\t\t<div class=\"elementor-element elementor-element-3c5f4f35 elementor-widget elementor-widget-shortcode\" data-id=\"3c5f4f35\" data-element_type=\"widget\" data-e-type=\"widget\" data-widget_type=\"shortcode.default\">\n\t\t\t\t<div class=\"elementor-widget-container\">\n\t\t\t\t\t\t\t<div class=\"elementor-shortcode\">\t\t<div data-elementor-type=\"section\" data-elementor-id=\"423\" class=\"elementor elementor-423 elementor-416 elementor-416\" data-elementor-post-type=\"elementor_library\">\n\t\t\t\t\t<section class=\"elementor-section elementor-top-section elementor-element elementor-element-10fd919 elementor-section-boxed elementor-section-height-default elementor-section-height-default\" data-id=\"10fd919\" data-element_type=\"section\" data-e-type=\"section\">\n\t\t\t\t\t\t<div class=\"elementor-container elementor-column-gap-default\">\n\t\t\t\t\t<div class=\"elementor-column elementor-col-100 elementor-top-column elementor-element elementor-element-bf09b50\" data-id=\"bf09b50\" data-element_type=\"column\" data-e-type=\"column\">\n\t\t\t<div class=\"elementor-widget-wrap elementor-element-populated\">\n\t\t\t\t\t\t<div class=\"elementor-element elementor-element-eeff3b8 elementor-widget elementor-widget-grid\" data-id=\"eeff3b8\" data-element_type=\"widget\" data-e-type=\"widget\" data-widget_type=\"grid.default\">\n\t\t\t\t<div class=\"elementor-widget-container\">\n\t\t\t\t\t\t\t<div class=\"its--row alojamientos-recomendados\">\n\n\t\t\t<div class=\"alojamientos-recomendados-container\">\n\n\t\t\t\t\t\n\t\t\t\t\t<a href=\"https:\/\/www.waourentals.com\/en\/rentals\/apartment-madrid-waou-sol-i-alquiler-corta-duracion-260555.html\" rel=\"nofollow\" style=\"width: 23%;\">\n\t\t\t\t\t\t<div class=\"apartamento-box\">\n\t\t\t\t\t\t\t<div class=\"imagen_recomendados\">\n\t\t\t\t\t\t\t\t<img decoding=\"async\" src=\"https:\/\/crs.avantio.com\/fotos\/2\/1537869980ce0301b2c1244559fafab5ec3fcc5d42\/big1537869981d28e5196dd4f2243b69bd9a93dd934cd.jpg\" alt=\"Spectacular duplex apartment steps from Puerta del Sol, Madrid Centre\">\n\t\t\t\t\t\t\t<\/div>\n\t\t\t\t\t\t\t<div class=\"info\">\n\t\t\t\t\t\t\t\t<div class=\"ubicacion\">\n\t\t\t\t\t\t\t\t\t<i class=\"fa-solid fa-location-dot icono-mapa\"><\/i><span class=\"ubicacion-texto\">Madrid - Madrid<\/span>\n\t\t\t\t\t\t\t\t<\/div>\n\t\t\t\t\t\t\t\t<H4 class=\"titulo-alojamiento\">\n\t\t\t\t\t\t\t\t\tSpectacular duplex apartment steps from Puerta del Sol, Madrid Centre\t\t\t\t\t\t\t\t<\/H4>\n\t\t\t\t\t\t\t\t<p class=\"precio-alojamiento\">From <span class=\"precio\">258.00\u20ac<\/span> per night<\/p>\n\t\t\t\t\t\t\t<\/div>\n\t\t\t\t\t\t<\/div>\n\t\t\t\t\t<\/a> \n\t\t\t\t\t\t\n\t\t\t\t\t<a href=\"https:\/\/www.waourentals.com\/en\/rentals\/apartment-madrid-waou-sol-iv-alquiler-corta-duracion-260564.html\" rel=\"nofollow\" style=\"width: 23%;\">\n\t\t\t\t\t\t<div class=\"apartamento-box\">\n\t\t\t\t\t\t\t<div class=\"imagen_recomendados\">\n\t\t\t\t\t\t\t\t<img decoding=\"async\" src=\"https:\/\/crs.avantio.com\/fotos\/2\/1537870560eed390b833c02a014b284c24b1c36dda\/big1537870562bc1b6149d255756b8bb55a3952a4c024.jpg\" alt=\"Impressive apartment near Puerta del Sol, Madrid Centre\">\n\t\t\t\t\t\t\t<\/div>\n\t\t\t\t\t\t\t<div class=\"info\">\n\t\t\t\t\t\t\t\t<div class=\"ubicacion\">\n\t\t\t\t\t\t\t\t\t<i class=\"fa-solid fa-location-dot icono-mapa\"><\/i><span class=\"ubicacion-texto\">Madrid - Madrid<\/span>\n\t\t\t\t\t\t\t\t<\/div>\n\t\t\t\t\t\t\t\t<H4 class=\"titulo-alojamiento\">\n\t\t\t\t\t\t\t\t\tImpressive apartment near Puerta del Sol, Madrid Centre\t\t\t\t\t\t\t\t<\/H4>\n\t\t\t\t\t\t\t\t<p class=\"precio-alojamiento\">From <span class=\"precio\">250.00\u20ac<\/span> per night<\/p>\n\t\t\t\t\t\t\t<\/div>\n\t\t\t\t\t\t<\/div>\n\t\t\t\t\t<\/a> \n\t\t\t\t\t\t\n\t\t\t\t\t<a href=\"https:\/\/www.waourentals.com\/en\/rentals\/apartment-madrid-waou-plaza-de-espana-vi-alquiler-corta-duracion-260572.html\" rel=\"nofollow\" style=\"width: 23%;\">\n\t\t\t\t\t\t<div class=\"apartamento-box\">\n\t\t\t\t\t\t\t<div class=\"imagen_recomendados\">\n\t\t\t\t\t\t\t\t<img decoding=\"async\" src=\"https:\/\/crs.avantio.com\/fotos\/2\/1537877022b8f2eba982a245ad20b548494636b3cf\/big17744432988e65f1546c0c322220d5dc3c24db4364.jpg\" alt=\"Design apartment next to Plaza Espa\u00f1a and Madrid R\u00edo, Madrid Centre\">\n\t\t\t\t\t\t\t<\/div>\n\t\t\t\t\t\t\t<div class=\"info\">\n\t\t\t\t\t\t\t\t<div class=\"ubicacion\">\n\t\t\t\t\t\t\t\t\t<i class=\"fa-solid fa-location-dot icono-mapa\"><\/i><span class=\"ubicacion-texto\">Madrid - Madrid<\/span>\n\t\t\t\t\t\t\t\t<\/div>\n\t\t\t\t\t\t\t\t<H4 class=\"titulo-alojamiento\">\n\t\t\t\t\t\t\t\t\tDesign apartment next to Plaza Espa\u00f1a and Madrid R\u00edo, Madrid Centre\t\t\t\t\t\t\t\t<\/H4>\n\t\t\t\t\t\t\t\t<p class=\"precio-alojamiento\">From <span class=\"precio\">88.00\u20ac<\/span> per night<\/p>\n\t\t\t\t\t\t\t<\/div>\n\t\t\t\t\t\t<\/div>\n\t\t\t\t\t<\/a> \n\t\t\t\t\t\t\n\t\t\t\t\t<a href=\"https:\/\/www.waourentals.com\/en\/rentals\/apartment-madrid-waou-plaza-de-espana-vii-alquiler-corta-duracion-260573.html\" rel=\"nofollow\" style=\"width: 23%;\">\n\t\t\t\t\t\t<div class=\"apartamento-box\">\n\t\t\t\t\t\t\t<div class=\"imagen_recomendados\">\n\t\t\t\t\t\t\t\t<img decoding=\"async\" src=\"https:\/\/crs.avantio.com\/fotos\/2\/1537877709263df3b37c40c25a28baa309738679ee\/big153787771192afaeae59f166999ee3c9345858bdae.jpg\" alt=\"Design apartment next to Plaza Espa\u00f1a and Madrid R\u00edo, Madrid Centre\">\n\t\t\t\t\t\t\t<\/div>\n\t\t\t\t\t\t\t<div class=\"info\">\n\t\t\t\t\t\t\t\t<div class=\"ubicacion\">\n\t\t\t\t\t\t\t\t\t<i class=\"fa-solid fa-location-dot icono-mapa\"><\/i><span class=\"ubicacion-texto\">Madrid - Madrid<\/span>\n\t\t\t\t\t\t\t\t<\/div>\n\t\t\t\t\t\t\t\t<H4 class=\"titulo-alojamiento\">\n\t\t\t\t\t\t\t\t\tDesign apartment next to Plaza Espa\u00f1a and Madrid R\u00edo, Madrid Centre\t\t\t\t\t\t\t\t<\/H4>\n\t\t\t\t\t\t\t\t<p class=\"precio-alojamiento\">From <span class=\"precio\">90.00\u20ac<\/span> per night<\/p>\n\t\t\t\t\t\t\t<\/div>\n\t\t\t\t\t\t<\/div>\n\t\t\t\t\t<\/a> \n\t\t\t\t\t\t\t\t<\/div>\n\t\t\t<\/div>\n\t\t\t\t\t\t<\/div>\n\t\t\t\t<\/div>\n\t\t\t\t\t<\/div>\n\t\t<\/div>\n\t\t\t\t\t<\/div>\n\t\t<\/section>\n\t\t\t\t<section class=\"elementor-section elementor-top-section elementor-element elementor-element-201ccc8f elementor-section-boxed elementor-section-height-default elementor-section-height-default\" data-id=\"201ccc8f\" data-element_type=\"section\" data-e-type=\"section\">\n\t\t\t\t\t\t<div class=\"elementor-container elementor-column-gap-default\">\n\t\t\t\t\t<div class=\"elementor-column elementor-col-25 elementor-top-column elementor-element elementor-element-2434faec elementor-hidden-tablet\" data-id=\"2434faec\" data-element_type=\"column\" data-e-type=\"column\">\n\t\t\t<div class=\"elementor-widget-wrap elementor-element-populated\">\n\t\t\t\t\t\t<div class=\"elementor-element elementor-element-5ff0d826 elementor-align-justify elementor-widget elementor-widget-button\" data-id=\"5ff0d826\" data-element_type=\"widget\" data-e-type=\"widget\" data-widget_type=\"button.default\">\n\t\t\t\t<div class=\"elementor-widget-container\">\n\t\t\t\t\t\t\t\t\t<div class=\"elementor-button-wrapper\">\n\t\t\t\t\t<a class=\"elementor-button elementor-button-link elementor-size-sm\" href=\"https:\/\/www.waourentals.com\/en\/accommodation-madrid\/\">\n\t\t\t\t\t\t<span class=\"elementor-button-content-wrapper\">\n\t\t\t\t\t\t\t\t\t<span class=\"elementor-button-text\">Accommodation in Madrid<\/span>\n\t\t\t\t\t<\/span>\n\t\t\t\t\t<\/a>\n\t\t\t\t<\/div>\n\t\t\t\t\t\t\t\t<\/div>\n\t\t\t\t<\/div>\n\t\t\t\t\t<\/div>\n\t\t<\/div>\n\t\t\t\t<div class=\"elementor-column elementor-col-25 elementor-top-column elementor-element elementor-element-29a72e75\" data-id=\"29a72e75\" data-element_type=\"column\" data-e-type=\"column\">\n\t\t\t<div class=\"elementor-widget-wrap elementor-element-populated\">\n\t\t\t\t\t\t<div class=\"elementor-element elementor-element-1d5fb72f elementor-align-justify elementor-widget elementor-widget-button\" data-id=\"1d5fb72f\" data-element_type=\"widget\" data-e-type=\"widget\" data-widget_type=\"button.default\">\n\t\t\t\t<div class=\"elementor-widget-container\">\n\t\t\t\t\t\t\t\t\t<div class=\"elementor-button-wrapper\">\n\t\t\t\t\t<a class=\"elementor-button elementor-button-link elementor-size-sm\" href=\"https:\/\/www.waourentals.com\/en\/apartments-in-madrid\">\n\t\t\t\t\t\t<span class=\"elementor-button-content-wrapper\">\n\t\t\t\t\t\t\t\t\t<span class=\"elementor-button-text\">Apartments in Madrid<\/span>\n\t\t\t\t\t<\/span>\n\t\t\t\t\t<\/a>\n\t\t\t\t<\/div>\n\t\t\t\t\t\t\t\t<\/div>\n\t\t\t\t<\/div>\n\t\t\t\t\t<\/div>\n\t\t<\/div>\n\t\t\t\t<div class=\"elementor-column elementor-col-25 elementor-top-column elementor-element elementor-element-477937e3\" data-id=\"477937e3\" data-element_type=\"column\" data-e-type=\"column\">\n\t\t\t<div class=\"elementor-widget-wrap elementor-element-populated\">\n\t\t\t\t\t\t<div class=\"elementor-element elementor-element-194a9d3d elementor-align-justify elementor-widget elementor-widget-button\" data-id=\"194a9d3d\" data-element_type=\"widget\" data-e-type=\"widget\" data-widget_type=\"button.default\">\n\t\t\t\t<div class=\"elementor-widget-container\">\n\t\t\t\t\t\t\t\t\t<div class=\"elementor-button-wrapper\">\n\t\t\t\t\t<a class=\"elementor-button elementor-button-link elementor-size-sm\" href=\"https:\/\/www.waourentals.com\/en\/rooms-for-rent-in-madrid-spain\/\">\n\t\t\t\t\t\t<span class=\"elementor-button-content-wrapper\">\n\t\t\t\t\t\t\t\t\t<span class=\"elementor-button-text\">Rental Rooms in Madrid<\/span>\n\t\t\t\t\t<\/span>\n\t\t\t\t\t<\/a>\n\t\t\t\t<\/div>\n\t\t\t\t\t\t\t\t<\/div>\n\t\t\t\t<\/div>\n\t\t\t\t\t<\/div>\n\t\t<\/div>\n\t\t\t\t<div class=\"elementor-column elementor-col-25 elementor-top-column elementor-element elementor-element-7170120\" data-id=\"7170120\" data-element_type=\"column\" data-e-type=\"column\">\n\t\t\t<div class=\"elementor-widget-wrap elementor-element-populated\">\n\t\t\t\t\t\t<div class=\"elementor-element elementor-element-33375098 elementor-align-justify elementor-widget elementor-widget-button\" data-id=\"33375098\" data-element_type=\"widget\" data-e-type=\"widget\" data-widget_type=\"button.default\">\n\t\t\t\t<div class=\"elementor-widget-container\">\n\t\t\t\t\t\t\t\t\t<div class=\"elementor-button-wrapper\">\n\t\t\t\t\t<a class=\"elementor-button elementor-button-link elementor-size-sm\" href=\"https:\/\/www.waourentals.com\/en\/studio-apartments-rental-madrid\/\">\n\t\t\t\t\t\t<span class=\"elementor-button-content-wrapper\">\n\t\t\t\t\t\t\t\t\t<span class=\"elementor-button-text\">Lovely Studios in Madrid<\/span>\n\t\t\t\t\t<\/span>\n\t\t\t\t\t<\/a>\n\t\t\t\t<\/div>\n\t\t\t\t\t\t\t\t<\/div>\n\t\t\t\t<\/div>\n\t\t\t\t\t<\/div>\n\t\t<\/div>\n\t\t\t\t\t<\/div>\n\t\t<\/section>\n\t\t\t\t<\/div>\n\t\t<\/div>\n\t\t\t\t\t\t<\/div>\n\t\t\t\t<\/div>\n\t\t\t\t\t<\/div>\n\t\t<\/div>\n\t\t\t\t\t<\/div>\n\t\t<\/section>\n\t\t\t\t<\/div>\n\t\t","protected":false},"excerpt":{"rendered":"<p>The Three Kings Parade Madrid 2026 is one of the most anticipated moments of the holidays. Every January 5th, the city is filled with excitement to welcome Melchior, Gaspar, and Balthazar with a spectacular parade. This year, the theme pays tribute to teachers: those people who accompany us in childhood, adolescence, and professional training, who [&hellip;]<\/p>\n","protected":false},"author":3,"featured_media":2011,"comment_status":"open","ping_status":"open","sticky":false,"template":"","format":"standard","meta":{"footnotes":""},"categories":[28],"tags":[],"class_list":["post-2019","post","type-post","status-publish","format-standard","has-post-thumbnail","hentry","category-madrid-en"],"yoast_head":"<!-- This site is optimized with the Yoast SEO plugin v27.5 - https:\/\/yoast.com\/product\/yoast-seo-wordpress\/ -->\n<title>Three Kings Parade Madrid 2026 | Waou Rentals<\/title>\n<meta name=\"description\" content=\"Discover everything about the Three Kings Parade Madrid 2026: route, times, best places to see it, and tips to enjoy it.\" \/>\n<meta name=\"robots\" content=\"index, follow, max-snippet:-1, max-image-preview:large, max-video-preview:-1\" \/>\n<link rel=\"canonical\" href=\"https:\/\/www.waourentals.com\/blog\/en\/three-kings-parade-of-madrid-2026\/\" \/>\n<meta property=\"og:locale\" content=\"en_US\" \/>\n<meta property=\"og:type\" content=\"article\" \/>\n<meta property=\"og:title\" content=\"Three Kings Parade Madrid 2026 | Waou Rentals\" \/>\n<meta property=\"og:description\" content=\"Discover everything about the Three Kings Parade Madrid 2026: route, times, best places to see it, and tips to enjoy it.\" \/>\n<meta property=\"og:url\" content=\"https:\/\/www.waourentals.com\/blog\/en\/three-kings-parade-of-madrid-2026\/\" \/>\n<meta property=\"og:site_name\" content=\"Blog de waourentals\" \/>\n<meta property=\"article:published_time\" content=\"2025-12-16T08:51:52+00:00\" \/>\n<meta property=\"article:modified_time\" content=\"2026-01-12T13:54:11+00:00\" \/>\n<meta property=\"og:image\" content=\"https:\/\/www.waourentals.com\/blog\/wp-content\/uploads\/2025\/12\/Madrid-Navidad-Cabalgata-Reyes.jpg\" \/>\n\t<meta property=\"og:image:width\" content=\"2121\" \/>\n\t<meta property=\"og:image:height\" content=\"707\" \/>\n\t<meta property=\"og:image:type\" content=\"image\/jpeg\" \/>\n<meta name=\"author\" content=\"Laura\" \/>\n<meta name=\"twitter:card\" content=\"summary_large_image\" \/>\n<meta name=\"twitter:label1\" content=\"Written by\" \/>\n\t<meta name=\"twitter:data1\" content=\"Laura\" \/>\n\t<meta name=\"twitter:label2\" content=\"Est. reading time\" \/>\n\t<meta name=\"twitter:data2\" content=\"6 minutes\" \/>\n<script type=\"application\/ld+json\" class=\"yoast-schema-graph\">{\"@context\":\"https:\\\/\\\/schema.org\",\"@graph\":[{\"@type\":\"Article\",\"@id\":\"https:\\\/\\\/www.waourentals.com\\\/blog\\\/en\\\/three-kings-parade-of-madrid-2026\\\/#article\",\"isPartOf\":{\"@id\":\"https:\\\/\\\/www.waourentals.com\\\/blog\\\/en\\\/three-kings-parade-of-madrid-2026\\\/\"},\"author\":{\"name\":\"Laura\",\"@id\":\"https:\\\/\\\/www.waourentals.com\\\/blog\\\/#\\\/schema\\\/person\\\/5ed75b9d9dafc7ddc5521311552aa927\"},\"headline\":\"Three Kings Parade of Madrid 2026\",\"datePublished\":\"2025-12-16T08:51:52+00:00\",\"dateModified\":\"2026-01-12T13:54:11+00:00\",\"mainEntityOfPage\":{\"@id\":\"https:\\\/\\\/www.waourentals.com\\\/blog\\\/en\\\/three-kings-parade-of-madrid-2026\\\/\"},\"wordCount\":1124,\"commentCount\":0,\"publisher\":{\"@id\":\"https:\\\/\\\/www.waourentals.com\\\/blog\\\/#organization\"},\"image\":{\"@id\":\"https:\\\/\\\/www.waourentals.com\\\/blog\\\/en\\\/three-kings-parade-of-madrid-2026\\\/#primaryimage\"},\"thumbnailUrl\":\"https:\\\/\\\/www.waourentals.com\\\/blog\\\/wp-content\\\/uploads\\\/2025\\\/12\\\/Madrid-Navidad-Cabalgata-Reyes.jpg\",\"articleSection\":[\"Madrid\"],\"inLanguage\":\"en\",\"potentialAction\":[{\"@type\":\"CommentAction\",\"name\":\"Comment\",\"target\":[\"https:\\\/\\\/www.waourentals.com\\\/blog\\\/en\\\/three-kings-parade-of-madrid-2026\\\/#respond\"]}]},{\"@type\":\"WebPage\",\"@id\":\"https:\\\/\\\/www.waourentals.com\\\/blog\\\/en\\\/three-kings-parade-of-madrid-2026\\\/\",\"url\":\"https:\\\/\\\/www.waourentals.com\\\/blog\\\/en\\\/three-kings-parade-of-madrid-2026\\\/\",\"name\":\"Three Kings Parade Madrid 2026 | Waou Rentals\",\"isPartOf\":{\"@id\":\"https:\\\/\\\/www.waourentals.com\\\/blog\\\/#website\"},\"primaryImageOfPage\":{\"@id\":\"https:\\\/\\\/www.waourentals.com\\\/blog\\\/en\\\/three-kings-parade-of-madrid-2026\\\/#primaryimage\"},\"image\":{\"@id\":\"https:\\\/\\\/www.waourentals.com\\\/blog\\\/en\\\/three-kings-parade-of-madrid-2026\\\/#primaryimage\"},\"thumbnailUrl\":\"https:\\\/\\\/www.waourentals.com\\\/blog\\\/wp-content\\\/uploads\\\/2025\\\/12\\\/Madrid-Navidad-Cabalgata-Reyes.jpg\",\"datePublished\":\"2025-12-16T08:51:52+00:00\",\"dateModified\":\"2026-01-12T13:54:11+00:00\",\"description\":\"Discover everything about the Three Kings Parade Madrid 2026: route, times, best places to see it, and tips to enjoy it.\",\"breadcrumb\":{\"@id\":\"https:\\\/\\\/www.waourentals.com\\\/blog\\\/en\\\/three-kings-parade-of-madrid-2026\\\/#breadcrumb\"},\"inLanguage\":\"en\",\"potentialAction\":[{\"@type\":\"ReadAction\",\"target\":[\"https:\\\/\\\/www.waourentals.com\\\/blog\\\/en\\\/three-kings-parade-of-madrid-2026\\\/\"]}]},{\"@type\":\"ImageObject\",\"inLanguage\":\"en\",\"@id\":\"https:\\\/\\\/www.waourentals.com\\\/blog\\\/en\\\/three-kings-parade-of-madrid-2026\\\/#primaryimage\",\"url\":\"https:\\\/\\\/www.waourentals.com\\\/blog\\\/wp-content\\\/uploads\\\/2025\\\/12\\\/Madrid-Navidad-Cabalgata-Reyes.jpg\",\"contentUrl\":\"https:\\\/\\\/www.waourentals.com\\\/blog\\\/wp-content\\\/uploads\\\/2025\\\/12\\\/Madrid-Navidad-Cabalgata-Reyes.jpg\",\"width\":2121,\"height\":707,\"caption\":\"Madrid, Spain - January 5, 2023: Part of Three Wise Men (or Three Kings) traditional parade, on the eve of the Epiphany celebration, in Madrid, Spain.\"},{\"@type\":\"BreadcrumbList\",\"@id\":\"https:\\\/\\\/www.waourentals.com\\\/blog\\\/en\\\/three-kings-parade-of-madrid-2026\\\/#breadcrumb\",\"itemListElement\":[{\"@type\":\"ListItem\",\"position\":1,\"name\":\"Portada\",\"item\":\"https:\\\/\\\/www.waourentals.com\\\/blog\\\/\"},{\"@type\":\"ListItem\",\"position\":2,\"name\":\"Three Kings Parade of Madrid 2026\"}]},{\"@type\":\"WebSite\",\"@id\":\"https:\\\/\\\/www.waourentals.com\\\/blog\\\/#website\",\"url\":\"https:\\\/\\\/www.waourentals.com\\\/blog\\\/\",\"name\":\"Blog de waourentals\",\"description\":\"\",\"publisher\":{\"@id\":\"https:\\\/\\\/www.waourentals.com\\\/blog\\\/#organization\"},\"potentialAction\":[{\"@type\":\"SearchAction\",\"target\":{\"@type\":\"EntryPoint\",\"urlTemplate\":\"https:\\\/\\\/www.waourentals.com\\\/blog\\\/?s={search_term_string}\"},\"query-input\":{\"@type\":\"PropertyValueSpecification\",\"valueRequired\":true,\"valueName\":\"search_term_string\"}}],\"inLanguage\":\"en\"},{\"@type\":\"Organization\",\"@id\":\"https:\\\/\\\/www.waourentals.com\\\/blog\\\/#organization\",\"name\":\"Blog de waourentals\",\"url\":\"https:\\\/\\\/www.waourentals.com\\\/blog\\\/\",\"logo\":{\"@type\":\"ImageObject\",\"inLanguage\":\"en\",\"@id\":\"https:\\\/\\\/www.waourentals.com\\\/blog\\\/#\\\/schema\\\/logo\\\/image\\\/\",\"url\":\"https:\\\/\\\/www.waourentals.com\\\/blog\\\/wp-content\\\/uploads\\\/2024\\\/10\\\/BNB-LOGO-NEGRO-1.png\",\"contentUrl\":\"https:\\\/\\\/www.waourentals.com\\\/blog\\\/wp-content\\\/uploads\\\/2024\\\/10\\\/BNB-LOGO-NEGRO-1.png\",\"width\":1698,\"height\":787,\"caption\":\"Blog de waourentals\"},\"image\":{\"@id\":\"https:\\\/\\\/www.waourentals.com\\\/blog\\\/#\\\/schema\\\/logo\\\/image\\\/\"}},{\"@type\":\"Person\",\"@id\":\"https:\\\/\\\/www.waourentals.com\\\/blog\\\/#\\\/schema\\\/person\\\/5ed75b9d9dafc7ddc5521311552aa927\",\"name\":\"Laura\",\"image\":{\"@type\":\"ImageObject\",\"inLanguage\":\"en\",\"@id\":\"https:\\\/\\\/secure.gravatar.com\\\/avatar\\\/38b396224481eeb6edadb558d7e4a6d1ff1c8ba1e6abd3951e451527e107c96b?s=96&d=mm&r=g\",\"url\":\"https:\\\/\\\/secure.gravatar.com\\\/avatar\\\/38b396224481eeb6edadb558d7e4a6d1ff1c8ba1e6abd3951e451527e107c96b?s=96&d=mm&r=g\",\"contentUrl\":\"https:\\\/\\\/secure.gravatar.com\\\/avatar\\\/38b396224481eeb6edadb558d7e4a6d1ff1c8ba1e6abd3951e451527e107c96b?s=96&d=mm&r=g\",\"caption\":\"Laura\"},\"url\":\"https:\\\/\\\/www.waourentals.com\\\/blog\\\/en\\\/author\\\/laura\\\/\"}]}<\/script>\n<!-- \/ Yoast SEO plugin. -->","yoast_head_json":{"title":"Three Kings Parade Madrid 2026 | Waou Rentals","description":"Discover everything about the Three Kings Parade Madrid 2026: route, times, best places to see it, and tips to enjoy it.","robots":{"index":"index","follow":"follow","max-snippet":"max-snippet:-1","max-image-preview":"max-image-preview:large","max-video-preview":"max-video-preview:-1"},"canonical":"https:\/\/www.waourentals.com\/blog\/en\/three-kings-parade-of-madrid-2026\/","og_locale":"en_US","og_type":"article","og_title":"Three Kings Parade Madrid 2026 | Waou Rentals","og_description":"Discover everything about the Three Kings Parade Madrid 2026: route, times, best places to see it, and tips to enjoy it.","og_url":"https:\/\/www.waourentals.com\/blog\/en\/three-kings-parade-of-madrid-2026\/","og_site_name":"Blog de waourentals","article_published_time":"2025-12-16T08:51:52+00:00","article_modified_time":"2026-01-12T13:54:11+00:00","og_image":[{"width":2121,"height":707,"url":"https:\/\/www.waourentals.com\/blog\/wp-content\/uploads\/2025\/12\/Madrid-Navidad-Cabalgata-Reyes.jpg","type":"image\/jpeg"}],"author":"Laura","twitter_card":"summary_large_image","twitter_misc":{"Written by":"Laura","Est. reading time":"6 minutes"},"schema":{"@context":"https:\/\/schema.org","@graph":[{"@type":"Article","@id":"https:\/\/www.waourentals.com\/blog\/en\/three-kings-parade-of-madrid-2026\/#article","isPartOf":{"@id":"https:\/\/www.waourentals.com\/blog\/en\/three-kings-parade-of-madrid-2026\/"},"author":{"name":"Laura","@id":"https:\/\/www.waourentals.com\/blog\/#\/schema\/person\/5ed75b9d9dafc7ddc5521311552aa927"},"headline":"Three Kings Parade of Madrid 2026","datePublished":"2025-12-16T08:51:52+00:00","dateModified":"2026-01-12T13:54:11+00:00","mainEntityOfPage":{"@id":"https:\/\/www.waourentals.com\/blog\/en\/three-kings-parade-of-madrid-2026\/"},"wordCount":1124,"commentCount":0,"publisher":{"@id":"https:\/\/www.waourentals.com\/blog\/#organization"},"image":{"@id":"https:\/\/www.waourentals.com\/blog\/en\/three-kings-parade-of-madrid-2026\/#primaryimage"},"thumbnailUrl":"https:\/\/www.waourentals.com\/blog\/wp-content\/uploads\/2025\/12\/Madrid-Navidad-Cabalgata-Reyes.jpg","articleSection":["Madrid"],"inLanguage":"en","potentialAction":[{"@type":"CommentAction","name":"Comment","target":["https:\/\/www.waourentals.com\/blog\/en\/three-kings-parade-of-madrid-2026\/#respond"]}]},{"@type":"WebPage","@id":"https:\/\/www.waourentals.com\/blog\/en\/three-kings-parade-of-madrid-2026\/","url":"https:\/\/www.waourentals.com\/blog\/en\/three-kings-parade-of-madrid-2026\/","name":"Three Kings Parade Madrid 2026 | Waou Rentals","isPartOf":{"@id":"https:\/\/www.waourentals.com\/blog\/#website"},"primaryImageOfPage":{"@id":"https:\/\/www.waourentals.com\/blog\/en\/three-kings-parade-of-madrid-2026\/#primaryimage"},"image":{"@id":"https:\/\/www.waourentals.com\/blog\/en\/three-kings-parade-of-madrid-2026\/#primaryimage"},"thumbnailUrl":"https:\/\/www.waourentals.com\/blog\/wp-content\/uploads\/2025\/12\/Madrid-Navidad-Cabalgata-Reyes.jpg","datePublished":"2025-12-16T08:51:52+00:00","dateModified":"2026-01-12T13:54:11+00:00","description":"Discover everything about the Three Kings Parade Madrid 2026: route, times, best places to see it, and tips to enjoy it.","breadcrumb":{"@id":"https:\/\/www.waourentals.com\/blog\/en\/three-kings-parade-of-madrid-2026\/#breadcrumb"},"inLanguage":"en","potentialAction":[{"@type":"ReadAction","target":["https:\/\/www.waourentals.com\/blog\/en\/three-kings-parade-of-madrid-2026\/"]}]},{"@type":"ImageObject","inLanguage":"en","@id":"https:\/\/www.waourentals.com\/blog\/en\/three-kings-parade-of-madrid-2026\/#primaryimage","url":"https:\/\/www.waourentals.com\/blog\/wp-content\/uploads\/2025\/12\/Madrid-Navidad-Cabalgata-Reyes.jpg","contentUrl":"https:\/\/www.waourentals.com\/blog\/wp-content\/uploads\/2025\/12\/Madrid-Navidad-Cabalgata-Reyes.jpg","width":2121,"height":707,"caption":"Madrid, Spain - January 5, 2023: Part of Three Wise Men (or Three Kings) traditional parade, on the eve of the Epiphany celebration, in Madrid, Spain."},{"@type":"BreadcrumbList","@id":"https:\/\/www.waourentals.com\/blog\/en\/three-kings-parade-of-madrid-2026\/#breadcrumb","itemListElement":[{"@type":"ListItem","position":1,"name":"Portada","item":"https:\/\/www.waourentals.com\/blog\/"},{"@type":"ListItem","position":2,"name":"Three Kings Parade of Madrid 2026"}]},{"@type":"WebSite","@id":"https:\/\/www.waourentals.com\/blog\/#website","url":"https:\/\/www.waourentals.com\/blog\/","name":"Blog de waourentals","description":"","publisher":{"@id":"https:\/\/www.waourentals.com\/blog\/#organization"},"potentialAction":[{"@type":"SearchAction","target":{"@type":"EntryPoint","urlTemplate":"https:\/\/www.waourentals.com\/blog\/?s={search_term_string}"},"query-input":{"@type":"PropertyValueSpecification","valueRequired":true,"valueName":"search_term_string"}}],"inLanguage":"en"},{"@type":"Organization","@id":"https:\/\/www.waourentals.com\/blog\/#organization","name":"Blog de waourentals","url":"https:\/\/www.waourentals.com\/blog\/","logo":{"@type":"ImageObject","inLanguage":"en","@id":"https:\/\/www.waourentals.com\/blog\/#\/schema\/logo\/image\/","url":"https:\/\/www.waourentals.com\/blog\/wp-content\/uploads\/2024\/10\/BNB-LOGO-NEGRO-1.png","contentUrl":"https:\/\/www.waourentals.com\/blog\/wp-content\/uploads\/2024\/10\/BNB-LOGO-NEGRO-1.png","width":1698,"height":787,"caption":"Blog de waourentals"},"image":{"@id":"https:\/\/www.waourentals.com\/blog\/#\/schema\/logo\/image\/"}},{"@type":"Person","@id":"https:\/\/www.waourentals.com\/blog\/#\/schema\/person\/5ed75b9d9dafc7ddc5521311552aa927","name":"Laura","image":{"@type":"ImageObject","inLanguage":"en","@id":"https:\/\/secure.gravatar.com\/avatar\/38b396224481eeb6edadb558d7e4a6d1ff1c8ba1e6abd3951e451527e107c96b?s=96&d=mm&r=g","url":"https:\/\/secure.gravatar.com\/avatar\/38b396224481eeb6edadb558d7e4a6d1ff1c8ba1e6abd3951e451527e107c96b?s=96&d=mm&r=g","contentUrl":"https:\/\/secure.gravatar.com\/avatar\/38b396224481eeb6edadb558d7e4a6d1ff1c8ba1e6abd3951e451527e107c96b?s=96&d=mm&r=g","caption":"Laura"},"url":"https:\/\/www.waourentals.com\/blog\/en\/author\/laura\/"}]}},"_links":{"self":[{"href":"https:\/\/www.waourentals.com\/blog\/en\/wp-json\/wp\/v2\/posts\/2019","targetHints":{"allow":["GET"]}}],"collection":[{"href":"https:\/\/www.waourentals.com\/blog\/en\/wp-json\/wp\/v2\/posts"}],"about":[{"href":"https:\/\/www.waourentals.com\/blog\/en\/wp-json\/wp\/v2\/types\/post"}],"author":[{"embeddable":true,"href":"https:\/\/www.waourentals.com\/blog\/en\/wp-json\/wp\/v2\/users\/3"}],"replies":[{"embeddable":true,"href":"https:\/\/www.waourentals.com\/blog\/en\/wp-json\/wp\/v2\/comments?post=2019"}],"version-history":[{"count":1,"href":"https:\/\/www.waourentals.com\/blog\/en\/wp-json\/wp\/v2\/posts\/2019\/revisions"}],"predecessor-version":[{"id":2020,"href":"https:\/\/www.waourentals.com\/blog\/en\/wp-json\/wp\/v2\/posts\/2019\/revisions\/2020"}],"wp:featuredmedia":[{"embeddable":true,"href":"https:\/\/www.waourentals.com\/blog\/en\/wp-json\/wp\/v2\/media\/2011"}],"wp:attachment":[{"href":"https:\/\/www.waourentals.com\/blog\/en\/wp-json\/wp\/v2\/media?parent=2019"}],"wp:term":[{"taxonomy":"category","embeddable":true,"href":"https:\/\/www.waourentals.com\/blog\/en\/wp-json\/wp\/v2\/categories?post=2019"},{"taxonomy":"post_tag","embeddable":true,"href":"https:\/\/www.waourentals.com\/blog\/en\/wp-json\/wp\/v2\/tags?post=2019"}],"curies":[{"name":"wp","href":"https:\/\/api.w.org\/{rel}","templated":true}]}}